{"id":38149,"date":"2024-05-23T07:53:51","date_gmt":"2024-05-23T12:53:51","guid":{"rendered":"https:\/\/politicosaldesnudo.com.mx\/?p=38149"},"modified":"2024-05-23T07:53:51","modified_gmt":"2024-05-23T12:53:51","slug":"analizan-tepjf-y-diputados-de-la-jucopo-proceso-electoral-en-marcha","status":"publish","type":"post","link":"https:\/\/politicosaldesnudo.com.mx\/index.php\/2024\/05\/23\/analizan-tepjf-y-diputados-de-la-jucopo-proceso-electoral-en-marcha\/","title":{"rendered":"Analizan TEPJF y diputados de la Jucopo proceso electoral en marcha"},"content":{"rendered":"<div class=\"content-body clearfix \">\n<div id=\"content-body-225-11961389\">\n<p><span style=\"font-size: 14pt;\">Integrantes del<b>\u00a0Tribunal Electoral del Poder Judicial de la Federaci\u00f3n (TEPJF)<\/b>\u00a0recibieron en\u00a0<b>la Sala Superior a integrantes de la Junta de Coordinaci\u00f3n Pol\u00edtica (Jucopo)\u00a0<\/b>de\u00a0<b>la C\u00e1mara de Diputados<\/b>\u00a0para analizar el proceso electoral en curso.<\/span><\/p>\n<p><span style=\"font-size: 14pt;\">Como seguimiento al primer encuentro, realizado en marzo del a\u00f1o pasado, la magistrada presidenta, M\u00f3nica Soto Fregoso, y los magistrados Felipe de la Mata Piza\u00f1a y Felipe Fuentes Barrera reiteraron que los cinco miembros del \u00f3rgano trabajan d\u00eda a d\u00eda con autonom\u00eda, imparcialidad e independencia para garantizar la certeza del proceso electoral.<\/span><\/p>\n<\/div>\n<\/div>\n<div class=\"advertisment \">\n<div id=\"dfp-nota-1x3s\" data-google-query-id=\"CLuH9pToo4YDFSTLKAUdHH0EHw\">\n<div id=\"google_ads_iframe_\/2000002\/la-prensa\/mexico_nota_1x3_0__container__\"><span style=\"font-size: 14pt;\">Al contar con la participaci\u00f3n del presidente y coordinador parlamentario del PAN, Jorge Romero Herrera; y los coordinadores parlamentarios del PRI, Rub\u00e9n Moreira Valdez; del PVEM, Carlos Puente Salas; del PT, Alberto Anaya Guti\u00e9rrez; de MC, Braulio L\u00f3pez Ochoa, y del PRD, Francisco Javier Huacus Esquivel, los magistrados resaltaron las tres d\u00e9cadas en que este \u00f3rgano ha abonado a la impartici\u00f3n de justicia electoral y que, para la actual integraci\u00f3n, se tratar\u00e1 de la segunda ocasi\u00f3n en calificar una elecci\u00f3n presidencial.<\/span><\/div>\n<\/div>\n<\/div>\n<article class=\"content-continued-body clearfix \">\n<div id=\"content-body-5851641-11961389\">\n<p><span style=\"font-size: 14pt;\">Ante ello, coincidieron en que\u00a0<b>TEPJF\u00a0<\/b>se encuentra listo para hacer frente a los desaf\u00edos de la elecci\u00f3n m\u00e1s grande de la historia y, sobre todo, para calificar la validez de los comicios presidenciales.<\/span><\/p>\n<p><span style=\"font-size: 14pt;\">En el encuentro en el que tambi\u00e9n estuvieron presentes los diputados Hamlet Garc\u00eda Almaguer (Morena), Jos\u00e9 El\u00edas Lixa (PAN), Marco Antonio Mendoza Bustamante, Sergio Hern\u00e1ndez Ferri\u00f1o y Salvador D\u00e1vila S\u00e1nchez (PRI), Karen Castrej\u00f3n Trujillo (PVEM), Gerardo Fern\u00e1ndez Noro\u00f1a y Reginaldo Sandoval Flores (PT), Ivonne Ortega Pacheco (MC), Elizabeth P\u00e9rez Valdez (PRD), y el secretario ejecutivo de la\u00a0<b>Jucopo<\/b>, Jos\u00e9 Omar S\u00e1nchez Molina, los miembros del TEPJF reafirmaron que como m\u00e1xima autoridad judicial en la materia, har\u00e1n valer la ley con firmeza para proteger a las ciudadanas, a los ciudadanos y a su voto.<\/span><\/p>\n<p><span style=\"font-size: 14pt;\">Por su parte, luego de expresar la confianza que se tiene en\u00a0<b>el Tribunal Electoral, los legisladores de la C\u00e1mara baja<\/b>\u00a0pusieron sobre la mesa la necesidad de contar con una comunicaci\u00f3n estrecha con la m\u00e1xima autoridad electoral, basada en el respeto a su autonom\u00eda constitucional; as\u00ed como de mantener los criterios, precedentes y jurisprudencia frente a los medios de impugnaci\u00f3n que habr\u00e1n de resolverse en las pr\u00f3ximas semanas.<\/span><\/p>\n<p><span style=\"font-size: 14pt;\">De esta forma, se coincidi\u00f3 en estrechar comunicaciones para explorar la posibilidad de una eventual reforma electoral que tome de referencia las experiencias que arroje el proceso en curso y que refleje la pluralidad que hoy caracteriza al pa\u00eds.<\/span><\/p>\n<\/div>\n<\/article>\n","protected":false},"excerpt":{"rendered":"<p>Integrantes del\u00a0Tribunal Electoral del Poder Judicial de la Federaci\u00f3n (TEPJF)\u00a0recibieron en\u00a0la Sala Superior a integrantes de la Junta de Coordinaci\u00f3n<\/p>\n","protected":false},"author":4,"featured_media":38150,"comment_status":"closed","ping_status":"closed","sticky":false,"template":"","format":"standard","meta":{"colormag_page_container_layout":"default_layout","colormag_page_sidebar_layout":"default_layout","_jetpack_memberships_contains_paid_content":false,"footnotes":"","jetpack_publicize_message":"","jetpack_publicize_feature_enabled":true,"jetpack_social_post_already_shared":false,"jetpack_social_options":{"image_generator_settings":{"template":"highway","default_image_id":0,"font":"","enabled":false},"version":2}},"categories":[33],"tags":[],"class_list":["post-38149","post","type-post","status-publish","format-standard","has-post-thumbnail","hentry","category-nacional"],"jetpack_publicize_connections":[],"jetpack_featured_media_url":"https:\/\/i0.wp.com\/politicosaldesnudo.com.mx\/wp-content\/uploads\/2024\/05\/sup_17042024_2119.jpg?fit=1600%2C1066&ssl=1","jetpack-related-posts":[],"jetpack_sharing_enabled":true,"_links":{"self":[{"href":"https:\/\/politicosaldesnudo.com.mx\/index.php\/wp-json\/wp\/v2\/posts\/38149","targetHints":{"allow":["GET"]}}],"collection":[{"href":"https:\/\/politicosaldesnudo.com.mx\/index.php\/wp-json\/wp\/v2\/posts"}],"about":[{"href":"https:\/\/politicosaldesnudo.com.mx\/index.php\/wp-json\/wp\/v2\/types\/post"}],"author":[{"embeddable":true,"href":"https:\/\/politicosaldesnudo.com.mx\/index.php\/wp-json\/wp\/v2\/users\/4"}],"replies":[{"embeddable":true,"href":"https:\/\/politicosaldesnudo.com.mx\/index.php\/wp-json\/wp\/v2\/comments?post=38149"}],"version-history":[{"count":0,"href":"https:\/\/politicosaldesnudo.com.mx\/index.php\/wp-json\/wp\/v2\/posts\/38149\/revisions"}],"wp:featuredmedia":[{"embeddable":true,"href":"https:\/\/politicosaldesnudo.com.mx\/index.php\/wp-json\/wp\/v2\/media\/38150"}],"wp:attachment":[{"href":"https:\/\/politicosaldesnudo.com.mx\/index.php\/wp-json\/wp\/v2\/media?parent=38149"}],"wp:term":[{"taxonomy":"category","embeddable":true,"href":"https:\/\/politicosaldesnudo.com.mx\/index.php\/wp-json\/wp\/v2\/categories?post=38149"},{"taxonomy":"post_tag","embeddable":true,"href":"https:\/\/politicosaldesnudo.com.mx\/index.php\/wp-json\/wp\/v2\/tags?post=38149"}],"curies":[{"name":"wp","href":"https:\/\/api.w.org\/{rel}","templated":true}]}}