{"id":38216,"date":"2024-05-23T12:00:08","date_gmt":"2024-05-23T17:00:08","guid":{"rendered":"https:\/\/politicosaldesnudo.com.mx\/?p=38216"},"modified":"2024-05-23T12:00:08","modified_gmt":"2024-05-23T17:00:08","slug":"miyuli-regresaria-a-palacio-de-gobierno","status":"publish","type":"post","link":"https:\/\/politicosaldesnudo.com.mx\/index.php\/2024\/05\/23\/miyuli-regresaria-a-palacio-de-gobierno\/","title":{"rendered":"MIYULI regresar\u00eda a Palacio de Gobierno"},"content":{"rendered":"<p><strong>Por: Luis Ram\u00edrez Baqueiro<\/strong><\/p>\n<p>&nbsp;<\/p>\n<p><em>\u201cEn lo necesario, unidad; en la duda, libertad; y en todo, comprensi\u00f3n.\u201d &#8211; San Agust\u00edn de Hipona.<\/em><\/p>\n<p>Si a alguien le llegar\u00eda a deber Pepe Yunes Linares un posible triunfo en el proceso electoral ser\u00eda \u00fanica y exclusivamente al ex gobernador Miguel \u00c1ngel Yunes Linares.<\/p>\n<p>Nadie podr\u00e1 negar, que aun no teniendo la coordinaci\u00f3n de la campa\u00f1a directamente en sus manos, el cerebro y director del cuarto de guerra de Pepe, ha sido el originario de Soledad de Doblado.<\/p>\n<p>Es Miguel \u00c1ngel Yunes Linares el \u00faltimo de los pol\u00edticos de aquella generaci\u00f3n que, de la mano de personajes como Rafael Hern\u00e1ndez Ochoa, desarrollar\u00e1n una carrera pol\u00edtica de formaci\u00f3n profesional y que junto a otros dos j\u00f3venes de su \u00e9poca alcanzar\u00e1n la primera magistratura de Veracruz.<\/p>\n<p>Recientemente en un evento p\u00fablico, Pepe Yunes, el l\u00edder del Clan Yunes afirm\u00f3: \u201cPalacio de Gobierno no es de Cuitl\u00e1huac ni de MORENA; es de los veracruzanos, y esas puertas se tienen que abrir. Te vamos a acompa\u00f1ar el primero de diciembre a abrirlas. Ser\u00e1 un gusto hacerlo\u201d, afirm\u00f3 Yunes Linares en su discurso.<\/p>\n<p>Ese mensaje debi\u00f3 caerle como bomba a Pepe el de Perote, pues todo parece indicar que su segundo de a bordo ser\u00e1 nada menos que Miguel \u00c1ngel Yunes Linares, quien retornar\u00eda para convertirse en el hombre m\u00e1s poderoso del Gobierno del Estado.<\/p>\n<p>As\u00ed y de un jal\u00f3n de consumarse esa presunta haza\u00f1a, Miyuli estar\u00eda construyendo el escenario para la llegada de su heredero en la elecci\u00f3n del 2030, permitiendo con ello, que, como senador de la Rep\u00fablica, se pasee por Veracruz a diestra y siniestra.<\/p>\n<p>Mal augurio para Pepe Yunes, porque conociendo los alcances de Yunes Linares, Veracruz habr\u00e1 de volver a tener un secretario de Gobierno de esos en los que la Ley se aplicar\u00e1 a tabla rasa.<\/p>\n<p>Claro eso bajo el entendido de que pudiera darse una victoria en el tema electoral, lo que al parecer no suceder\u00e1 pues las encuestas serias afirman todo lo contrario y es muy probable que la victoria de Morena y aliados sea escandalosa.<\/p>\n<p>Inclusive ya una encuestadora seria como es De las Heras afirma que Nahle vencer\u00e1 con un hasta 30% de ventaja, a pesar de que desde la oposici\u00f3n se pretende vender la idea de que ya rebasaron e inclusive que ya ganaron, pero esa es la misma t\u00e1ctica implementada en el anterior proceso electoral por el mismo genio de la tenebra, quien al final no pudo m\u00e1s que reconocer que la ventaja que afirmaban no los favoreci\u00f3.<\/p>\n<p>Hoy Veracruz y su poblaci\u00f3n tiene claro que las mentiras y las calumnias con las que pretenden basar su campa\u00f1a, mismas que se caen cuales cartas de una baraja ya muy manoseada.<\/p>\n<p>En cambio, s\u00ed saben que los Yunes como familia, han vivido y siguen pretendiendo vivir del ejercicio p\u00fablico por otros 40 a\u00f1os m\u00e1s y eso es lo que termina de alejarles de la posibilidad de retorno al poder.<\/p>\n<p>&nbsp;<\/p>\n<p>Al tiempo.<\/p>\n","protected":false},"excerpt":{"rendered":"<p>Por: Luis Ram\u00edrez Baqueiro &nbsp; \u201cEn lo necesario, unidad; en la duda, libertad; y en todo, comprensi\u00f3n.\u201d &#8211; San Agust\u00edn<\/p>\n","protected":false},"author":4,"featured_media":38217,"comment_status":"closed","ping_status":"closed","sticky":false,"template":"","format":"standard","meta":{"colormag_page_container_layout":"default_layout","colormag_page_sidebar_layout":"default_layout","_jetpack_memberships_contains_paid_content":false,"footnotes":"","jetpack_publicize_message":"","jetpack_publicize_feature_enabled":true,"jetpack_social_post_already_shared":false,"jetpack_social_options":{"image_generator_settings":{"template":"highway","default_image_id":0,"font":"","enabled":false},"version":2}},"categories":[26],"tags":[],"class_list":["post-38216","post","type-post","status-publish","format-standard","has-post-thumbnail","hentry","category-columnistas"],"jetpack_publicize_connections":[],"jetpack_featured_media_url":"https:\/\/i0.wp.com\/politicosaldesnudo.com.mx\/wp-content\/uploads\/2024\/05\/ASTROLABIO-3.jpg?fit=1816%2C1016&ssl=1","jetpack-related-posts":[],"jetpack_sharing_enabled":true,"_links":{"self":[{"href":"https:\/\/politicosaldesnudo.com.mx\/index.php\/wp-json\/wp\/v2\/posts\/38216","targetHints":{"allow":["GET"]}}],"collection":[{"href":"https:\/\/politicosaldesnudo.com.mx\/index.php\/wp-json\/wp\/v2\/posts"}],"about":[{"href":"https:\/\/politicosaldesnudo.com.mx\/index.php\/wp-json\/wp\/v2\/types\/post"}],"author":[{"embeddable":true,"href":"https:\/\/politicosaldesnudo.com.mx\/index.php\/wp-json\/wp\/v2\/users\/4"}],"replies":[{"embeddable":true,"href":"https:\/\/politicosaldesnudo.com.mx\/index.php\/wp-json\/wp\/v2\/comments?post=38216"}],"version-history":[{"count":0,"href":"https:\/\/politicosaldesnudo.com.mx\/index.php\/wp-json\/wp\/v2\/posts\/38216\/revisions"}],"wp:featuredmedia":[{"embeddable":true,"href":"https:\/\/politicosaldesnudo.com.mx\/index.php\/wp-json\/wp\/v2\/media\/38217"}],"wp:attachment":[{"href":"https:\/\/politicosaldesnudo.com.mx\/index.php\/wp-json\/wp\/v2\/media?parent=38216"}],"wp:term":[{"taxonomy":"category","embeddable":true,"href":"https:\/\/politicosaldesnudo.com.mx\/index.php\/wp-json\/wp\/v2\/categories?post=38216"},{"taxonomy":"post_tag","embeddable":true,"href":"https:\/\/politicosaldesnudo.com.mx\/index.php\/wp-json\/wp\/v2\/tags?post=38216"}],"curies":[{"name":"wp","href":"https:\/\/api.w.org\/{rel}","templated":true}]}}