{"id":38219,"date":"2024-05-23T12:11:04","date_gmt":"2024-05-23T17:11:04","guid":{"rendered":"https:\/\/politicosaldesnudo.com.mx\/?p=38219"},"modified":"2024-05-23T12:11:04","modified_gmt":"2024-05-23T17:11:04","slug":"poder-judicial-ha-formado-parte-de-una-minoria-de-potentados-amlo","status":"publish","type":"post","link":"https:\/\/politicosaldesnudo.com.mx\/index.php\/2024\/05\/23\/poder-judicial-ha-formado-parte-de-una-minoria-de-potentados-amlo\/","title":{"rendered":"Poder Judicial ha formado parte de una minor\u00eda de potentados: AMLO"},"content":{"rendered":"<div id=\"article-content-tts\" class=\"nota-contenido mb-5\">\n<div id=\"content_nitf\">\n<p><span style=\"font-size: 14pt;\">El Poder Judicial requiere una transformaci\u00f3n a fondo ya que desde hace m\u00e1s de tres d\u00e9cadas forma parte de un proyecto en el que los que mandaban en el pa\u00eds eran una minor\u00eda de potentados, advirti\u00f3 el presidente Andr\u00e9s Manuel L\u00f3pez Obrador.<\/span><\/p>\n<div class=\"teads-inread\">\n<div id=\"teads0\" class=\"teads-player\"><span style=\"font-size: 14pt;\">Resalt\u00f3 que est\u00e1 en franca diferencia con el actuar del Poder Judicial porque se supedit\u00f3 y subordin\u00f3 a los intereses de la oligarqu\u00eda que tuvo el control del gobierno y se olvid\u00f3 que ten\u00edan que procurar el bienestar del pueblo.<\/span><\/div>\n<\/div>\n<p><span style=\"font-size: 14pt;\">Hizo notar que en los gobiernos pasados formalmente actuaban el Poder Judicial, el Legislativo, el Tribunal Electoral, el INE \u00abpero todo era pura pantalla, porque quienes mandaban eran los que ten\u00edan el poder econ\u00f3mico\u00bb.\u00a0<\/span><\/p>\n<p><span style=\"font-size: 14pt;\">Puso como ejemplo que quien mandaba en la Secretar\u00eda del Trabajo era el sector empresarial, la empresa Grupo M\u00e9xico, que \u201cllegaron a expulsar del pa\u00eds al dirigente sindical minero\u00bb.\u00a0<\/span><\/p>\n<p><span style=\"font-size: 14pt;\">No lo mencion\u00f3 por su nombre, pero se trata del ahora senador de Morena, Napole\u00f3n G\u00f3mez Urrutia, quien ha denunciado la presiones del due\u00f1o de Grupo M\u00e9xico, Germ\u00e1n Larrea, para obligarlo a salir del pa\u00eds.<\/span><\/p>\n<p><span style=\"font-size: 14pt;\">El ejecutivo federal agreg\u00f3 que el expresidente Ernesto Zedillo, quien privatiz\u00f3 los ferrocarriles, fue empleado luego como asesor de una de las empresas extranjeras a las que benefici\u00f3.\u00a0\u201cImag\u00ednense si no iban a tomar al Poder Judicial, a supeditarlo para que se olvidara de sus funciones sustanciales\u00bb.<\/span><\/p>\n<p><span style=\"font-size: 14pt;\">En los pasados gobiernos, insisti\u00f3, se olvid\u00f3 que ten\u00eda que velar por la econom\u00eda popular, dedicarse a crear empleos, a mejorar los salarios, a garantizar el derecho a la educaci\u00f3n, a la seguridad social, pero todo eso pas\u00f3 a segundo plano. El gobierno se convirti\u00f3 en un comit\u00e9 al servicio muchas veces de una minor\u00eda rapaz\u201c.<\/span><\/p>\n<p><span style=\"font-size: 14pt;\">L\u00f3pez Obrador agreg\u00f3 que el Poder Judicial fue parte de una negociaci\u00f3n en que se implant\u00f3 una pol\u00edtica conservadora en todo ese poder, que fue \u201dmoneda de cambio de un acuerdo general, como el Pacto por M\u00e9xico\u00bb.<\/span><\/p>\n<p><span style=\"font-size: 14pt;\">Reiter\u00f3 luego que mantiene su propuesta de que jueces, magistrados y ministros sean electos por el voto de la ciudadan\u00eda dentro de la transformaci\u00f3n que debe llevarse a cabo en el proceso judicial. No es un asunto f\u00e1cil, reconoci\u00f3, sino complejo porque tiene que ver con ese modelo que hace m\u00e1s de tres d\u00e9cadas trat\u00f3 de borrar todo lo relacionado con la justicia social.\u00a0<\/span><\/p>\n<p><span style=\"font-size: 14pt;\">Puso como ejemplo del actuar del Poder Judicial, el hecho de que un juez rechaz\u00f3 la solicitud de la Fiscal\u00eda General de la Rep\u00fablica (FGR) para liberar una orden de aprehensi\u00f3n en contra del segundo tirador en el asesinato del ex candidato presidencial del PRI, Luis Donaldo Colosio, un hombre que trabajaba en el Cisen y fue liberado por Genaro Garc\u00eda Luna.<\/span><\/p>\n<\/div>\n<\/div>\n","protected":false},"excerpt":{"rendered":"<p>El Poder Judicial requiere una transformaci\u00f3n a fondo ya que desde hace m\u00e1s de tres d\u00e9cadas forma parte de un<\/p>\n","protected":false},"author":4,"featured_media":38220,"comment_status":"closed","ping_status":"closed","sticky":false,"template":"","format":"standard","meta":{"colormag_page_container_layout":"default_layout","colormag_page_sidebar_layout":"default_layout","_jetpack_memberships_contains_paid_content":false,"footnotes":"","jetpack_publicize_message":"","jetpack_publicize_feature_enabled":true,"jetpack_social_post_already_shared":false,"jetpack_social_options":{"image_generator_settings":{"template":"highway","default_image_id":0,"font":"","enabled":false},"version":2}},"categories":[33],"tags":[45],"class_list":["post-38219","post","type-post","status-publish","format-standard","has-post-thumbnail","hentry","category-nacional","tag-amlo"],"jetpack_publicize_connections":[],"jetpack_featured_media_url":"https:\/\/i0.wp.com\/politicosaldesnudo.com.mx\/wp-content\/uploads\/2024\/05\/ALVJQGO755HP7HHS5ZI2LFDB5I.jpg?fit=1100%2C666&ssl=1","jetpack-related-posts":[],"jetpack_sharing_enabled":true,"_links":{"self":[{"href":"https:\/\/politicosaldesnudo.com.mx\/index.php\/wp-json\/wp\/v2\/posts\/38219","targetHints":{"allow":["GET"]}}],"collection":[{"href":"https:\/\/politicosaldesnudo.com.mx\/index.php\/wp-json\/wp\/v2\/posts"}],"about":[{"href":"https:\/\/politicosaldesnudo.com.mx\/index.php\/wp-json\/wp\/v2\/types\/post"}],"author":[{"embeddable":true,"href":"https:\/\/politicosaldesnudo.com.mx\/index.php\/wp-json\/wp\/v2\/users\/4"}],"replies":[{"embeddable":true,"href":"https:\/\/politicosaldesnudo.com.mx\/index.php\/wp-json\/wp\/v2\/comments?post=38219"}],"version-history":[{"count":0,"href":"https:\/\/politicosaldesnudo.com.mx\/index.php\/wp-json\/wp\/v2\/posts\/38219\/revisions"}],"wp:featuredmedia":[{"embeddable":true,"href":"https:\/\/politicosaldesnudo.com.mx\/index.php\/wp-json\/wp\/v2\/media\/38220"}],"wp:attachment":[{"href":"https:\/\/politicosaldesnudo.com.mx\/index.php\/wp-json\/wp\/v2\/media?parent=38219"}],"wp:term":[{"taxonomy":"category","embeddable":true,"href":"https:\/\/politicosaldesnudo.com.mx\/index.php\/wp-json\/wp\/v2\/categories?post=38219"},{"taxonomy":"post_tag","embeddable":true,"href":"https:\/\/politicosaldesnudo.com.mx\/index.php\/wp-json\/wp\/v2\/tags?post=38219"}],"curies":[{"name":"wp","href":"https:\/\/api.w.org\/{rel}","templated":true}]}}