{"id":38224,"date":"2024-05-23T12:21:10","date_gmt":"2024-05-23T17:21:10","guid":{"rendered":"https:\/\/politicosaldesnudo.com.mx\/?p=38224"},"modified":"2024-05-23T12:21:10","modified_gmt":"2024-05-23T17:21:10","slug":"se-solidariza-sheinbaum-con-deudos-de-fallecidos-por-accidente-en-nl","status":"publish","type":"post","link":"https:\/\/politicosaldesnudo.com.mx\/index.php\/2024\/05\/23\/se-solidariza-sheinbaum-con-deudos-de-fallecidos-por-accidente-en-nl\/","title":{"rendered":"Se solidariza Sheinbaum con deudos de fallecidos por accidente en NL"},"content":{"rendered":"<p><span style=\"font-size: 14pt;\">A su llegada al aeropuerto internacional \u201cMariano Escobedo\u201d, Claudia Sheinbaum, candidata presidencial de la coalici\u00f3n Sigamos haciendo historia, reiter\u00f3 su solidaridad con las familias y militantes de Movimiento Ciudadano, que perdieron a un ser querido en el accidente de ayer en San Pedro Garza Garc\u00eda, Nuevo Le\u00f3n, durante un mitin proselitista.<\/span><\/p>\n<p><span style=\"font-size: 14pt;\">Es \u201clamentable, triste. Nuestra solidaridad como lo dijimos ayer, a todas las familias que perdieron un ser querido. Por supuesto a los militantes, simpatizantes de Movimiento Ciudadano\u201d.<\/span><\/p>\n<p><img data-recalc-dims=\"1\" loading=\"lazy\" decoding=\"async\" class=\"aligncenter size-full wp-image-38225\" src=\"https:\/\/i0.wp.com\/politicosaldesnudo.com.mx\/wp-content\/uploads\/2024\/05\/mc-201cno-tiene-la-culpa201d-de-accidente-que-dejo-9-muertos-en-nl-amlo-2675html-maynez2jpg-3255html-73602131-e254-4f59-95f6-f11255c1bb16.jpg?resize=800%2C533&#038;ssl=1\" alt=\"\" width=\"800\" height=\"533\" srcset=\"https:\/\/i0.wp.com\/politicosaldesnudo.com.mx\/wp-content\/uploads\/2024\/05\/mc-201cno-tiene-la-culpa201d-de-accidente-que-dejo-9-muertos-en-nl-amlo-2675html-maynez2jpg-3255html-73602131-e254-4f59-95f6-f11255c1bb16.jpg?w=1024&amp;ssl=1 1024w, https:\/\/i0.wp.com\/politicosaldesnudo.com.mx\/wp-content\/uploads\/2024\/05\/mc-201cno-tiene-la-culpa201d-de-accidente-que-dejo-9-muertos-en-nl-amlo-2675html-maynez2jpg-3255html-73602131-e254-4f59-95f6-f11255c1bb16.jpg?resize=300%2C200&amp;ssl=1 300w, https:\/\/i0.wp.com\/politicosaldesnudo.com.mx\/wp-content\/uploads\/2024\/05\/mc-201cno-tiene-la-culpa201d-de-accidente-que-dejo-9-muertos-en-nl-amlo-2675html-maynez2jpg-3255html-73602131-e254-4f59-95f6-f11255c1bb16.jpg?resize=768%2C512&amp;ssl=1 768w\" sizes=\"auto, (max-width: 800px) 100vw, 800px\" \/><\/p>\n<p><span style=\"font-size: 14pt;\">Mencion\u00f3 que ayer mismo habl\u00f3 con el gobernador del estado, Samuel Garc\u00eda, y con Jorge \u00c1lvarez M\u00e1ynez, candidato presidencial de Movimiento Ciudadano \u201cpara expresarle totalmente la solidaridad\u201d.<\/span><\/p>\n<p><span style=\"font-size: 14pt;\">Mientras Sheinbaum daba una peque\u00f1a entrevista, en la que confirm\u00f3 la cancelaci\u00f3n, esta tarde, del mitin de Monterrey por el accidente, unas personas en el aeropuerto empezaron a lanzar gritos en su contra y de Morena.<\/span><\/p>\n<p><span style=\"font-size: 14pt;\">\u201cBola de corruptos, fuera Morena\u201d, se escuch\u00f3.<\/span><\/p>\n<p><span style=\"font-size: 14pt;\">La candidata concluy\u00f3 la breve entrevista y se enfil\u00f3 a la salida, mientras candidatos, parte de su equipo y simpatizantes comenzaron a corear \u201cpresidenta, presidenta\u201d.<\/span><\/p>\n<p><span style=\"font-size: 14pt;\">El intercambio dur\u00f3 unos cuantos minutos. Sheinbaum\u00a0se dirige a Cintermex, para una reuni\u00f3n con empresarios. A la una de la tarde, encabezar\u00e1 un mitin en Saltillo, Coahuila.<\/span><\/p>\n","protected":false},"excerpt":{"rendered":"<p>A su llegada al aeropuerto internacional \u201cMariano Escobedo\u201d, Claudia Sheinbaum, candidata presidencial de la coalici\u00f3n Sigamos haciendo historia, reiter\u00f3 su<\/p>\n","protected":false},"author":4,"featured_media":38226,"comment_status":"closed","ping_status":"closed","sticky":false,"template":"","format":"standard","meta":{"colormag_page_container_layout":"default_layout","colormag_page_sidebar_layout":"default_layout","_jetpack_memberships_contains_paid_content":false,"footnotes":"","jetpack_publicize_message":"","jetpack_publicize_feature_enabled":true,"jetpack_social_post_already_shared":false,"jetpack_social_options":{"image_generator_settings":{"template":"highway","default_image_id":0,"font":"","enabled":false},"version":2}},"categories":[33],"tags":[640,314,66],"class_list":["post-38224","post","type-post","status-publish","format-standard","has-post-thumbnail","hentry","category-nacional","tag-claudia-sheinbaum","tag-movimiento-ciudadano","tag-nuevo-leon"],"jetpack_publicize_connections":[],"jetpack_featured_media_url":"https:\/\/i0.wp.com\/politicosaldesnudo.com.mx\/wp-content\/uploads\/2024\/05\/se-solidariza-sheinbaum-con-deudos-de-fallecidos-en-accidente-en-nl-8561html-img-20240523-wa0017jpg-7334html-ae6d99ac-ec03-475f-ab7a-28083e6e8673.jpg?fit=1024%2C768&ssl=1","jetpack-related-posts":[],"jetpack_sharing_enabled":true,"_links":{"self":[{"href":"https:\/\/politicosaldesnudo.com.mx\/index.php\/wp-json\/wp\/v2\/posts\/38224","targetHints":{"allow":["GET"]}}],"collection":[{"href":"https:\/\/politicosaldesnudo.com.mx\/index.php\/wp-json\/wp\/v2\/posts"}],"about":[{"href":"https:\/\/politicosaldesnudo.com.mx\/index.php\/wp-json\/wp\/v2\/types\/post"}],"author":[{"embeddable":true,"href":"https:\/\/politicosaldesnudo.com.mx\/index.php\/wp-json\/wp\/v2\/users\/4"}],"replies":[{"embeddable":true,"href":"https:\/\/politicosaldesnudo.com.mx\/index.php\/wp-json\/wp\/v2\/comments?post=38224"}],"version-history":[{"count":0,"href":"https:\/\/politicosaldesnudo.com.mx\/index.php\/wp-json\/wp\/v2\/posts\/38224\/revisions"}],"wp:featuredmedia":[{"embeddable":true,"href":"https:\/\/politicosaldesnudo.com.mx\/index.php\/wp-json\/wp\/v2\/media\/38226"}],"wp:attachment":[{"href":"https:\/\/politicosaldesnudo.com.mx\/index.php\/wp-json\/wp\/v2\/media?parent=38224"}],"wp:term":[{"taxonomy":"category","embeddable":true,"href":"https:\/\/politicosaldesnudo.com.mx\/index.php\/wp-json\/wp\/v2\/categories?post=38224"},{"taxonomy":"post_tag","embeddable":true,"href":"https:\/\/politicosaldesnudo.com.mx\/index.php\/wp-json\/wp\/v2\/tags?post=38224"}],"curies":[{"name":"wp","href":"https:\/\/api.w.org\/{rel}","templated":true}]}}