{"id":38246,"date":"2024-05-24T07:48:49","date_gmt":"2024-05-24T12:48:49","guid":{"rendered":"https:\/\/politicosaldesnudo.com.mx\/?p=38246"},"modified":"2024-05-24T07:48:49","modified_gmt":"2024-05-24T12:48:49","slug":"concluye-que-mataron-por-error-a-un-trabajador-de-la-onu-en-rafah","status":"publish","type":"post","link":"https:\/\/politicosaldesnudo.com.mx\/index.php\/2024\/05\/24\/concluye-que-mataron-por-error-a-un-trabajador-de-la-onu-en-rafah\/","title":{"rendered":"Concluye que mataron \u00abpor error\u00bb a un trabajador de la ONU en Rafah"},"content":{"rendered":"<p><span style=\"font-size: 14pt;\">La investigaci\u00f3n interna abierta por el ej\u00e9rcito de Israel tras la muerte de un trabajador de la ONU a mediados de mayo en la ciudad de Rafah, en el sur de la Franja de Gaza, concluy\u00f3 este jueves que las fuerzas israel\u00edes mataron \u00abpor error\u00bb al trabajador humanitario.<\/span><\/p>\n<p><span style=\"font-size: 14pt;\">La pesquisa, que hall\u00f3 indicios de que se produjeron \u00abviolaciones de algunas regulaciones\u00bb del ej\u00e9rcito, revel\u00f3 que las v\u00edctimas del ataque &#8211;un ciudadano indio que trabajaba para el Departamento de Seguridad de la ONU y otro jordano, que result\u00f3 herido en el incidente&#8211; se encontraban conduciendo en una zona \u00abprohibida\u00bb sin haberse coordinado previamente con las Fuerzas Armadas.<\/span><\/p>\n<p><span style=\"font-size: 14pt;\">Aunque el ej\u00e9rcito asegur\u00f3 que las dos v\u00edctimas se encontraban acompa\u00f1adas por un hombre armado, la pesquisa muestra que el veh\u00edculo \u00abfue atacado en varias ocasiones de forma contraria a lo establecido en los protocolos que exigen una cautela extrema en incidentes que est\u00e9n relacionados con trabajadores humanitarios, incluso si estos est\u00e1n acompa\u00f1ados de hombres armados\u00bb.<\/span><\/p>\n<p><span style=\"font-size: 14pt;\">La investigaci\u00f3n indica que el veh\u00edculo de la ONU se encontraba conduciendo desde las oficinas de la organizaci\u00f3n hacia el paso de Rafah y estaba claramente identificado con las siglas de Naciones Unidas en su parte superior, si bien carec\u00eda de este tipo de identificaci\u00f3n por los laterales, seg\u00fan informaciones recogidas por el diario israel\u00ed &#8216;Haaretz&#8217;.<\/span><\/p>\n<p><span style=\"font-size: 14pt;\">La muerte del trabajador de la ONU, que fue identificado como Waibhav Anil Kale, supone la primera de un trabajador extranjero de Naciones Unidas en la Franja de Gaza desde que comenz\u00f3 la ofensiva israel\u00ed en la zona. No obstante, por el momento se confirmaron las muertes de tres trabajadores humanitarios que viajaban a bordo de un convoy de la ONG Wold Central Kitchen el pasado 1 de abril.<\/span><\/p>\n","protected":false},"excerpt":{"rendered":"<p>La investigaci\u00f3n interna abierta por el ej\u00e9rcito de Israel tras la muerte de un trabajador de la ONU a mediados<\/p>\n","protected":false},"author":4,"featured_media":38247,"comment_status":"closed","ping_status":"closed","sticky":false,"template":"","format":"standard","meta":{"colormag_page_container_layout":"default_layout","colormag_page_sidebar_layout":"default_layout","_jetpack_memberships_contains_paid_content":false,"footnotes":"","jetpack_publicize_message":"","jetpack_publicize_feature_enabled":true,"jetpack_social_post_already_shared":false,"jetpack_social_options":{"image_generator_settings":{"template":"highway","default_image_id":0,"font":"","enabled":false},"version":2}},"categories":[28],"tags":[3473],"class_list":["post-38246","post","type-post","status-publish","format-standard","has-post-thumbnail","hentry","category-internacional","tag-rafah"],"jetpack_publicize_connections":[],"jetpack_featured_media_url":"https:\/\/i0.wp.com\/politicosaldesnudo.com.mx\/wp-content\/uploads\/2024\/05\/807728804.jpg?fit=800%2C500&ssl=1","jetpack-related-posts":[],"jetpack_sharing_enabled":true,"_links":{"self":[{"href":"https:\/\/politicosaldesnudo.com.mx\/index.php\/wp-json\/wp\/v2\/posts\/38246","targetHints":{"allow":["GET"]}}],"collection":[{"href":"https:\/\/politicosaldesnudo.com.mx\/index.php\/wp-json\/wp\/v2\/posts"}],"about":[{"href":"https:\/\/politicosaldesnudo.com.mx\/index.php\/wp-json\/wp\/v2\/types\/post"}],"author":[{"embeddable":true,"href":"https:\/\/politicosaldesnudo.com.mx\/index.php\/wp-json\/wp\/v2\/users\/4"}],"replies":[{"embeddable":true,"href":"https:\/\/politicosaldesnudo.com.mx\/index.php\/wp-json\/wp\/v2\/comments?post=38246"}],"version-history":[{"count":0,"href":"https:\/\/politicosaldesnudo.com.mx\/index.php\/wp-json\/wp\/v2\/posts\/38246\/revisions"}],"wp:featuredmedia":[{"embeddable":true,"href":"https:\/\/politicosaldesnudo.com.mx\/index.php\/wp-json\/wp\/v2\/media\/38247"}],"wp:attachment":[{"href":"https:\/\/politicosaldesnudo.com.mx\/index.php\/wp-json\/wp\/v2\/media?parent=38246"}],"wp:term":[{"taxonomy":"category","embeddable":true,"href":"https:\/\/politicosaldesnudo.com.mx\/index.php\/wp-json\/wp\/v2\/categories?post=38246"},{"taxonomy":"post_tag","embeddable":true,"href":"https:\/\/politicosaldesnudo.com.mx\/index.php\/wp-json\/wp\/v2\/tags?post=38246"}],"curies":[{"name":"wp","href":"https:\/\/api.w.org\/{rel}","templated":true}]}}