{"id":38273,"date":"2024-05-24T08:13:58","date_gmt":"2024-05-24T13:13:58","guid":{"rendered":"https:\/\/politicosaldesnudo.com.mx\/?p=38273"},"modified":"2024-05-24T08:13:58","modified_gmt":"2024-05-24T13:13:58","slug":"diocesis-de-tuxpan-peregrina-en-la-basilica","status":"publish","type":"post","link":"https:\/\/politicosaldesnudo.com.mx\/index.php\/2024\/05\/24\/diocesis-de-tuxpan-peregrina-en-la-basilica\/","title":{"rendered":"Di\u00f3cesis de Tuxpan peregrina en la Bas\u00edlica"},"content":{"rendered":"<p><span style=\"font-size: 14pt;\">Alrededor de 3 mil feligreses de la Di\u00f3cesis de Tuxpan, participaron en la peregrinaci\u00f3n anual en la Bas\u00edlica de Guadalupe la ma\u00f1ana de este Jueves en la Ciudad de M\u00e9xico, dando inicio en punto de las 9 de la ma\u00f1ana en La Calzada de Guadalupe dirigi\u00e9ndose hacia el recinto religioso.<\/span><\/p>\n<p><span style=\"font-size: 14pt;\">Autoridades de la Di\u00f3cesis, se\u00f1alan que para esta actividad se dieron cita feligreses de diversos municipios Norveracruzanos de las m\u00e1s de 60 parroquias pertenecientes a la Di\u00f3cesis tuxpe\u00f1a.<\/span><\/p>\n<p><span style=\"font-size: 14pt;\">Posterior a la peregrinaci\u00f3n la misa fue celebrada por Roberto Madrigal Gallegos, Obispo de la Di\u00f3cesis quien en su mensaje alent\u00f3 a la feligres\u00eda a perseverar en la Fe, en la celebraci\u00f3n tambi\u00e9n se dieron cita presb\u00edteros, di\u00e1conos y religiosas.<\/span><\/p>\n","protected":false},"excerpt":{"rendered":"<p>Alrededor de 3 mil feligreses de la Di\u00f3cesis de Tuxpan, participaron en la peregrinaci\u00f3n anual en la Bas\u00edlica de Guadalupe<\/p>\n","protected":false},"author":4,"featured_media":38274,"comment_status":"closed","ping_status":"closed","sticky":false,"template":"","format":"standard","meta":{"colormag_page_container_layout":"default_layout","colormag_page_sidebar_layout":"default_layout","_jetpack_memberships_contains_paid_content":false,"footnotes":"","jetpack_publicize_message":"","jetpack_publicize_feature_enabled":true,"jetpack_social_post_already_shared":false,"jetpack_social_options":{"image_generator_settings":{"template":"highway","default_image_id":0,"font":"","enabled":false},"version":2}},"categories":[1082],"tags":[],"class_list":["post-38273","post","type-post","status-publish","format-standard","has-post-thumbnail","hentry","category-tuxpan"],"jetpack_publicize_connections":[],"jetpack_featured_media_url":"https:\/\/i0.wp.com\/politicosaldesnudo.com.mx\/wp-content\/uploads\/2024\/05\/3b.jpg?fit=1200%2C560&ssl=1","jetpack-related-posts":[],"jetpack_sharing_enabled":true,"_links":{"self":[{"href":"https:\/\/politicosaldesnudo.com.mx\/index.php\/wp-json\/wp\/v2\/posts\/38273","targetHints":{"allow":["GET"]}}],"collection":[{"href":"https:\/\/politicosaldesnudo.com.mx\/index.php\/wp-json\/wp\/v2\/posts"}],"about":[{"href":"https:\/\/politicosaldesnudo.com.mx\/index.php\/wp-json\/wp\/v2\/types\/post"}],"author":[{"embeddable":true,"href":"https:\/\/politicosaldesnudo.com.mx\/index.php\/wp-json\/wp\/v2\/users\/4"}],"replies":[{"embeddable":true,"href":"https:\/\/politicosaldesnudo.com.mx\/index.php\/wp-json\/wp\/v2\/comments?post=38273"}],"version-history":[{"count":0,"href":"https:\/\/politicosaldesnudo.com.mx\/index.php\/wp-json\/wp\/v2\/posts\/38273\/revisions"}],"wp:featuredmedia":[{"embeddable":true,"href":"https:\/\/politicosaldesnudo.com.mx\/index.php\/wp-json\/wp\/v2\/media\/38274"}],"wp:attachment":[{"href":"https:\/\/politicosaldesnudo.com.mx\/index.php\/wp-json\/wp\/v2\/media?parent=38273"}],"wp:term":[{"taxonomy":"category","embeddable":true,"href":"https:\/\/politicosaldesnudo.com.mx\/index.php\/wp-json\/wp\/v2\/categories?post=38273"},{"taxonomy":"post_tag","embeddable":true,"href":"https:\/\/politicosaldesnudo.com.mx\/index.php\/wp-json\/wp\/v2\/tags?post=38273"}],"curies":[{"name":"wp","href":"https:\/\/api.w.org\/{rel}","templated":true}]}}