{"id":38296,"date":"2024-05-24T10:17:00","date_gmt":"2024-05-24T15:17:00","guid":{"rendered":"https:\/\/politicosaldesnudo.com.mx\/?p=38296"},"modified":"2024-05-24T10:17:00","modified_gmt":"2024-05-24T15:17:00","slug":"morena-se-emociona-la-oposicion-no-cubrira-todas-las-casillas","status":"publish","type":"post","link":"https:\/\/politicosaldesnudo.com.mx\/index.php\/2024\/05\/24\/morena-se-emociona-la-oposicion-no-cubrira-todas-las-casillas\/","title":{"rendered":"Morena se emociona: la oposici\u00f3n no cubrir\u00e1 todas las casillas"},"content":{"rendered":"<p><span style=\"font-size: 14pt;\">Los partidos ya no pueden registrar representantes en las m\u00e1s de 170 mil casillas para cuidar la elecci\u00f3n y vigilar el desarrollo democr\u00e1tico de las votaciones.<\/span><\/p>\n<p><span style=\"font-size: 14pt;\">Pero hay serios problemas.<\/span><\/p>\n<p><span style=\"font-size: 14pt;\">Comienzan con el INE de\u00a0<strong>Guadalupe Taddei<\/strong>\u00a0por sus dificultades para ocupar todos los cargos de promotores y presidentes en urnas.<\/span><\/p>\n<p><span style=\"font-size: 14pt;\">Sigue con los partidos, en especial de oposici\u00f3n.<\/span><\/p>\n<p><span style=\"font-size: 14pt;\">Los del partido oficial no tienen obst\u00e1culos para cubrir la totalidad porque para ello cuentan con estructuras del Gobierno federal -los\u00a0<em>Siervos de la Naci\u00f3n<\/em>\u00a0son mano- y estatales afines.<\/span><\/p>\n<div class=\"__lxG__double __lxG__refreshing_block __lxG__empty_visible_block __lxG__empty_block __lxG__mifu_empty_block __lxG__loading_block\">\n<div id=\"lx_687016\" class=\"__lxG__multi __lxG__multi_lx_687016 __lxG__geo_mx __lxG__size_fixed __lxG__rendered_adx __lxG__not_empty_block\" data-cnt=\"4\" data-original-id=\"683947\" data-base-original-id=\"682485\" data-width=\"300\" data-height=\"250\">\n<div id=\"div-gpt-ad-22670701979-4\" data-google-query-id=\"CNvIuOjJpoYDFasMTwgdC2INUQ\">\n<div id=\"google_ads_iframe_\/45470634,22299178612\/clickio_area_687016_730x180_3__container__\"><span style=\"font-size: 14pt;\">M\u00e1s de 25 entidades a su favor.<\/span><\/div>\n<\/div>\n<\/div>\n<\/div>\n<p><span style=\"font-size: 14pt;\">La coalici\u00f3n\u00a0<strong><em>Fuerza y Coraz\u00f3n por M\u00e9xico\u00a0<\/em><\/strong>ha presentado varias denuncias por esa causa y documenta otras con el fin de retirar la mano del Estado en el proceso para elegir a quienes ocupar\u00e1n m\u00e1s de 20 mil cargos.<\/span><\/p>\n<p><span style=\"font-size: 14pt;\">Si luego el INE o el Tribunal Electoral de\u00a0<strong>M\u00f3nica Soto\u00a0<\/strong>desestiman los se\u00f1alamientos, como teme la alianza de\u00a0<strong>X\u00f3chitl G\u00e1lvez<\/strong>, nada podr\u00e1 hacerse.<\/span><\/p>\n<p><span style=\"font-size: 14pt;\"><strong>CASILLAS ESPECIALES<\/strong><\/span><\/p>\n<p><span style=\"font-size: 14pt;\">La coalici\u00f3n est\u00e1 preocupada.<\/span><\/p>\n<p><span style=\"font-size: 14pt;\">Datos preliminares del Instituto y de la c\u00fapula morenista habla de grandes vac\u00edos a\u00fan en la Ciudad de M\u00e9xico, donde seg\u00fan\u00a0<strong>Mario Delgado<\/strong>\u00a0la falta de representantes contrarios puede llegar a la mitad.<\/span><\/p>\n<p><span style=\"font-size: 14pt;\">El tama\u00f1o de esta grave circunstancia se conocer\u00e1 una vez difundidas las cifras finales por el INE y certificadas por los propios partidos, en este caso PAN, PRI y PRD.<\/span><\/p>\n<p><span style=\"font-size: 14pt;\">Porque es ah\u00ed donde se abre la puerta para el gran fraude porque el oficialismo se hartar\u00e1 de despacharse a placer y embarazar urnas a fin de abultar resultados para sus candidatos.<\/span><\/p>\n<div class=\"__lxG__double __lxG__not_empty_block\">\n<div id=\"lx_687016\" class=\"__lxG__multi __lxG__multi_lx_687016 __lxG__geo_mx __lxG__size_fixed __lxG__rendered_adx __lxG__not_empty_block\" data-cnt=\"7\" data-original-id=\"683947\" data-base-original-id=\"682485\" data-width=\"300\" data-height=\"250\">\n<div id=\"div-gpt-ad-22670701979-7\" data-google-query-id=\"CNDghePJpoYDFS220QQdKBMKMQ\">\n<div id=\"google_ads_iframe_\/45470634,22299178612\/clickio_area_687016_730x180_6__container__\"><span style=\"font-size: 14pt;\">El dirigente priista <strong>Alejandro Moreno<\/strong>,\u00a0<strong><em>Alito<\/em><\/strong>, hace una acotaci\u00f3n al hacerle la consulta.<\/span><\/div>\n<\/div>\n<\/div>\n<\/div>\n<p><span style=\"font-size: 14pt;\">-Estamos viendo esta situaci\u00f3n -la cobertura total-, pero nuestra principal preocupaci\u00f3n est\u00e1 en las casillas especiales. Ah\u00ed se deja votar para todos los cargos, Presidente, senadores, gobernadores donde es el caso y diputados, aunque no corresponda.<\/span><\/p>\n<p><span style=\"font-size: 14pt;\">La oposici\u00f3n fracas\u00f3 en su intento de aglutinar casillas en lugares alejados y donde domina el crimen organizado, especialmente en sierras y costas del sur del pa\u00eds.<\/span><\/p>\n<div class=\"__lxG__double __lxG__not_empty_block\">\n<div id=\"lx_687016\" class=\"__lxG__multi __lxG__multi_lx_687016 __lxG__geo_mx __lxG__size_fixed __lxG__rendered_adx __lxG__not_empty_block\" data-cnt=\"10\" data-original-id=\"683947\" data-base-original-id=\"682485\" data-width=\"300\" data-height=\"250\">\n<div id=\"div-gpt-ad-22670701979-10\" data-google-query-id=\"CNz6_-XJpoYDFXKv0QQdz84BQQ\">\n<div id=\"google_ads_iframe_\/45470634,22299178612\/clickio_area_687016_730x180_9__container__\"><span style=\"font-size: 14pt;\">El argumento de las autoridades es c\u00f3mo le har\u00eda la gente para trasladarse largas distancias a fin de acudir a cumplir su obligaci\u00f3n ciudadana para votar.<\/span><\/div>\n<\/div>\n<\/div>\n<\/div>\n<p><span style=\"font-size: 14pt;\">Si de por s\u00ed es enorme el abstencionismo\u2026<\/span><\/p>\n<p><span style=\"font-size: 14pt;\"><strong>Y PAQUETES SUELTOS<\/strong><\/span><\/p>\n<p><span style=\"font-size: 14pt;\">1.- Entre otras anomal\u00edas, el frente opositor tiene una perla.<\/span><\/p>\n<p><span style=\"font-size: 14pt;\">En una poblaci\u00f3n de Guerrero los encargados de repartir los paquetes electorales los llevaron a un domicilio particular, donde vive un presunto presidente de casilla.<\/span><\/p>\n<p><span style=\"font-size: 14pt;\">Una anomal\u00eda censurable por el simple hecho de no resguardar la papeler\u00eda en bodegas a cargo de las Fuerzas Armadas o polic\u00edas locales.<\/span><\/p>\n<p><span style=\"font-size: 14pt;\">Pero, \u00bfqu\u00e9 har\u00e1 ese pobre se\u00f1or si llega el crimen a robarse los paquetes o bien para marcarlos y presentarlos as\u00ed a la elecci\u00f3n?<\/span><\/p>\n<p><span style=\"font-size: 14pt;\">Y 2.- No se sorprenda:<\/span><\/p>\n<p><span style=\"font-size: 14pt;\">De aqu\u00ed al mi\u00e9rcoles -\u00faltimo d\u00eda de campa\u00f1a legal- se insistir\u00e1 en las encuestas para imponer en el colectivo social la certidumbre de una elecci\u00f3n ya decidida.<\/span><\/p>\n<p><span style=\"font-size: 14pt;\">Nada m\u00e1s irreal, pues todav\u00eda se mueven las tendencias en lugares de alta atenci\u00f3n para gobierno y partidos: el reposicionamiento de\u00a0<strong>Jos\u00e9 Yunes\u00a0<\/strong>en Veracruz y el fortalecimiento de\u00a0<strong>Santiago Taboada<\/strong>\u00a0en la capital.<\/span><\/p>\n<p><span style=\"font-size: 14pt;\"><strong><em>Lucy\u00a0<\/em><\/strong><strong>Meza<\/strong>\u00a0tambi\u00e9n juega su resto en Morelos.<\/span><\/p>\n<p><span style=\"font-size: 14pt;\">Ser\u00e1n noticia despu\u00e9s de la Presidencia si alcanzan sus expectativas.<\/span><\/p>\n","protected":false},"excerpt":{"rendered":"<p>Los partidos ya no pueden registrar representantes en las m\u00e1s de 170 mil casillas para cuidar la elecci\u00f3n y vigilar [&hellip;]<\/p>\n","protected":false},"author":4,"featured_media":38297,"comment_status":"closed","ping_status":"closed","sticky":false,"template":"","format":"standard","meta":{"site-sidebar-layout":"default","site-content-layout":"","ast-site-content-layout":"default","site-content-style":"default","site-sidebar-style":"default","ast-global-header-display":"","ast-banner-title-visibility":"","ast-main-header-display":"","ast-hfb-above-header-display":"","ast-hfb-below-header-display":"","ast-hfb-mobile-header-display":"","site-post-title":"","ast-breadcrumbs-content":"","ast-featured-img":"","footer-sml-layout":"","ast-disable-related-posts":"","theme-transparent-header-meta":"","adv-header-id-meta":"","stick-header-meta":"","header-above-stick-meta":"","header-main-stick-meta":"","header-below-stick-meta":"","astra-migrate-meta-layouts":"default","ast-page-background-enabled":"default","ast-page-background-meta":{"desktop":{"background-color":"var(--ast-global-color-5)","background-image":"","background-repeat":"repeat","background-position":"center center","background-size":"auto","background-attachment":"scroll","background-type":"","background-media":"","overlay-type":"","overlay-color":"","overlay-opacity":"","overlay-gradient":""},"tablet":{"background-color":"","background-image":"","background-repeat":"repeat","background-position":"center center","background-size":"auto","background-attachment":"scroll","background-type":"","background-media":"","overlay-type":"","overlay-color":"","overlay-opacity":"","overlay-gradient":""},"mobile":{"background-color":"","background-image":"","background-repeat":"repeat","background-position":"center center","background-size":"auto","background-attachment":"scroll","background-type":"","background-media":"","overlay-type":"","overlay-color":"","overlay-opacity":"","overlay-gradient":""}},"ast-content-background-meta":{"desktop":{"background-color":"var(--ast-global-color-4)","background-image":"","background-repeat":"repeat","background-position":"center center","background-size":"auto","background-attachment":"scroll","background-type":"","background-media":"","overlay-type":"","overlay-color":"","overlay-opacity":"","overlay-gradient":""},"tablet":{"background-color":"var(--ast-global-color-4)","background-image":"","background-repeat":"repeat","background-position":"center center","background-size":"auto","background-attachment":"scroll","background-type":"","background-media":"","overlay-type":"","overlay-color":"","overlay-opacity":"","overlay-gradient":""},"mobile":{"background-color":"var(--ast-global-color-4)","background-image":"","background-repeat":"repeat","background-position":"center center","background-size":"auto","background-attachment":"scroll","background-type":"","background-media":"","overlay-type":"","overlay-color":"","overlay-opacity":"","overlay-gradient":""}},"_jetpack_newsletter_access":"","_jetpack_dont_email_post_to_subs":false,"_jetpack_newsletter_tier_id":0,"_jetpack_memberships_contains_paywalled_content":false,"_jetpack_feature_clip_id":0,"_jetpack_memberships_contains_paid_content":false,"footnotes":"","jetpack_publicize_message":"","jetpack_publicize_feature_enabled":true,"jetpack_social_post_already_shared":false,"jetpack_social_options":{"image_generator_settings":{"template":"highway","default_image_id":0,"font":"","enabled":false},"version":2},"jetpack_post_was_ever_published":false},"categories":[26],"tags":[3488],"class_list":["post-38296","post","type-post","status-publish","format-standard","has-post-thumbnail","hentry","category-columnistas","tag-telefono-rojo"],"yoast_head":"<!-- This site is optimized with the Yoast SEO plugin v28.3 - https:\/\/yoast.com\/product\/yoast-seo-wordpress\/ -->\n<title>Morena se emociona: la oposici\u00f3n no cubrir\u00e1 todas las casillas - Pol\u00edticos al Desnudo<\/title>\n<meta name=\"robots\" content=\"index, follow, max-snippet:-1, max-image-preview:large, max-video-preview:-1\" \/>\n<link rel=\"canonical\" href=\"https:\/\/politicosaldesnudo.com.mx\/index.php\/2024\/05\/24\/morena-se-emociona-la-oposicion-no-cubrira-todas-las-casillas\/\" \/>\n<meta property=\"og:locale\" content=\"es_ES\" \/>\n<meta property=\"og:type\" content=\"article\" \/>\n<meta property=\"og:title\" content=\"Morena se emociona: la oposici\u00f3n no cubrir\u00e1 todas las casillas - Pol\u00edticos al Desnudo\" \/>\n<meta property=\"og:description\" content=\"Los partidos ya no pueden registrar representantes en las m\u00e1s de 170 mil casillas para cuidar la elecci\u00f3n y vigilar [&hellip;]\" \/>\n<meta property=\"og:url\" content=\"https:\/\/politicosaldesnudo.com.mx\/index.php\/2024\/05\/24\/morena-se-emociona-la-oposicion-no-cubrira-todas-las-casillas\/\" \/>\n<meta property=\"og:site_name\" content=\"Pol\u00edticos al Desnudo\" \/>\n<meta property=\"article:publisher\" content=\"https:\/\/www.facebook.com\/PoliticosAD\" \/>\n<meta property=\"article:published_time\" content=\"2024-05-24T15:17:00+00:00\" \/>\n<meta property=\"og:image\" content=\"https:\/\/i0.wp.com\/politicosaldesnudo.com.mx\/wp-content\/uploads\/2024\/05\/TELEFONO-ROJO-2.jpg?fit=1816%2C1016&ssl=1\" \/>\n\t<meta property=\"og:image:width\" content=\"1816\" \/>\n\t<meta property=\"og:image:height\" content=\"1016\" \/>\n\t<meta property=\"og:image:type\" content=\"image\/jpeg\" \/>\n<meta name=\"author\" content=\"Redacci\u00f3n Pol\u00edticos\" \/>\n<meta name=\"twitter:card\" content=\"summary_large_image\" \/>\n<meta name=\"twitter:label1\" content=\"Escrito por\" \/>\n\t<meta name=\"twitter:data1\" content=\"Redacci\u00f3n Pol\u00edticos\" \/>\n\t<meta name=\"twitter:label2\" content=\"Tiempo de lectura\" \/>\n\t<meta name=\"twitter:data2\" content=\"3 minutos\" \/>\n<script type=\"application\/ld+json\" class=\"yoast-schema-graph\">{\"@context\":\"https:\\\/\\\/schema.org\",\"@graph\":[{\"@type\":\"Article\",\"@id\":\"https:\\\/\\\/politicosaldesnudo.com.mx\\\/index.php\\\/2024\\\/05\\\/24\\\/morena-se-emociona-la-oposicion-no-cubrira-todas-las-casillas\\\/#article\",\"isPartOf\":{\"@id\":\"https:\\\/\\\/politicosaldesnudo.com.mx\\\/index.php\\\/2024\\\/05\\\/24\\\/morena-se-emociona-la-oposicion-no-cubrira-todas-las-casillas\\\/\"},\"author\":{\"name\":\"Redacci\u00f3n Pol\u00edticos\",\"@id\":\"https:\\\/\\\/politicosaldesnudo.com.mx\\\/#\\\/schema\\\/person\\\/ef3a64e561cc3f3f5dc52fab81adde7e\"},\"headline\":\"Morena se emociona: la oposici\u00f3n no cubrir\u00e1 todas las casillas\",\"datePublished\":\"2024-05-24T15:17:00+00:00\",\"mainEntityOfPage\":{\"@id\":\"https:\\\/\\\/politicosaldesnudo.com.mx\\\/index.php\\\/2024\\\/05\\\/24\\\/morena-se-emociona-la-oposicion-no-cubrira-todas-las-casillas\\\/\"},\"wordCount\":596,\"publisher\":{\"@id\":\"https:\\\/\\\/politicosaldesnudo.com.mx\\\/#organization\"},\"image\":{\"@id\":\"https:\\\/\\\/politicosaldesnudo.com.mx\\\/index.php\\\/2024\\\/05\\\/24\\\/morena-se-emociona-la-oposicion-no-cubrira-todas-las-casillas\\\/#primaryimage\"},\"thumbnailUrl\":\"https:\\\/\\\/i0.wp.com\\\/politicosaldesnudo.com.mx\\\/wp-content\\\/uploads\\\/2024\\\/05\\\/TELEFONO-ROJO-2.jpg?fit=1816%2C1016&ssl=1\",\"keywords\":[\"TEL\u00c9FONO ROJO\"],\"articleSection\":[\"OPINI\u00d3N\"],\"inLanguage\":\"es\"},{\"@type\":\"WebPage\",\"@id\":\"https:\\\/\\\/politicosaldesnudo.com.mx\\\/index.php\\\/2024\\\/05\\\/24\\\/morena-se-emociona-la-oposicion-no-cubrira-todas-las-casillas\\\/\",\"url\":\"https:\\\/\\\/politicosaldesnudo.com.mx\\\/index.php\\\/2024\\\/05\\\/24\\\/morena-se-emociona-la-oposicion-no-cubrira-todas-las-casillas\\\/\",\"name\":\"Morena se emociona: la oposici\u00f3n no cubrir\u00e1 todas las casillas - Pol\u00edticos al Desnudo\",\"isPartOf\":{\"@id\":\"https:\\\/\\\/politicosaldesnudo.com.mx\\\/#website\"},\"primaryImageOfPage\":{\"@id\":\"https:\\\/\\\/politicosaldesnudo.com.mx\\\/index.php\\\/2024\\\/05\\\/24\\\/morena-se-emociona-la-oposicion-no-cubrira-todas-las-casillas\\\/#primaryimage\"},\"image\":{\"@id\":\"https:\\\/\\\/politicosaldesnudo.com.mx\\\/index.php\\\/2024\\\/05\\\/24\\\/morena-se-emociona-la-oposicion-no-cubrira-todas-las-casillas\\\/#primaryimage\"},\"thumbnailUrl\":\"https:\\\/\\\/i0.wp.com\\\/politicosaldesnudo.com.mx\\\/wp-content\\\/uploads\\\/2024\\\/05\\\/TELEFONO-ROJO-2.jpg?fit=1816%2C1016&ssl=1\",\"datePublished\":\"2024-05-24T15:17:00+00:00\",\"breadcrumb\":{\"@id\":\"https:\\\/\\\/politicosaldesnudo.com.mx\\\/index.php\\\/2024\\\/05\\\/24\\\/morena-se-emociona-la-oposicion-no-cubrira-todas-las-casillas\\\/#breadcrumb\"},\"inLanguage\":\"es\",\"potentialAction\":[{\"@type\":\"ReadAction\",\"target\":[\"https:\\\/\\\/politicosaldesnudo.com.mx\\\/index.php\\\/2024\\\/05\\\/24\\\/morena-se-emociona-la-oposicion-no-cubrira-todas-las-casillas\\\/\"]}]},{\"@type\":\"ImageObject\",\"inLanguage\":\"es\",\"@id\":\"https:\\\/\\\/politicosaldesnudo.com.mx\\\/index.php\\\/2024\\\/05\\\/24\\\/morena-se-emociona-la-oposicion-no-cubrira-todas-las-casillas\\\/#primaryimage\",\"url\":\"https:\\\/\\\/i0.wp.com\\\/politicosaldesnudo.com.mx\\\/wp-content\\\/uploads\\\/2024\\\/05\\\/TELEFONO-ROJO-2.jpg?fit=1816%2C1016&ssl=1\",\"contentUrl\":\"https:\\\/\\\/i0.wp.com\\\/politicosaldesnudo.com.mx\\\/wp-content\\\/uploads\\\/2024\\\/05\\\/TELEFONO-ROJO-2.jpg?fit=1816%2C1016&ssl=1\",\"width\":1816,\"height\":1016},{\"@type\":\"BreadcrumbList\",\"@id\":\"https:\\\/\\\/politicosaldesnudo.com.mx\\\/index.php\\\/2024\\\/05\\\/24\\\/morena-se-emociona-la-oposicion-no-cubrira-todas-las-casillas\\\/#breadcrumb\",\"itemListElement\":[{\"@type\":\"ListItem\",\"position\":1,\"name\":\"Portada\",\"item\":\"https:\\\/\\\/politicosaldesnudo.com.mx\\\/\"},{\"@type\":\"ListItem\",\"position\":2,\"name\":\"Morena se emociona: la oposici\u00f3n no cubrir\u00e1 todas las casillas\"}]},{\"@type\":\"WebSite\",\"@id\":\"https:\\\/\\\/politicosaldesnudo.com.mx\\\/#website\",\"url\":\"https:\\\/\\\/politicosaldesnudo.com.mx\\\/\",\"name\":\"Pol\u00edticos al Desnudo\",\"description\":\"\",\"publisher\":{\"@id\":\"https:\\\/\\\/politicosaldesnudo.com.mx\\\/#organization\"},\"potentialAction\":[{\"@type\":\"SearchAction\",\"target\":{\"@type\":\"EntryPoint\",\"urlTemplate\":\"https:\\\/\\\/politicosaldesnudo.com.mx\\\/?s={search_term_string}\"},\"query-input\":{\"@type\":\"PropertyValueSpecification\",\"valueRequired\":true,\"valueName\":\"search_term_string\"}}],\"inLanguage\":\"es\"},{\"@type\":\"Organization\",\"@id\":\"https:\\\/\\\/politicosaldesnudo.com.mx\\\/#organization\",\"name\":\"Pol\u00edticos al Desnudo\",\"url\":\"https:\\\/\\\/politicosaldesnudo.com.mx\\\/\",\"logo\":{\"@type\":\"ImageObject\",\"inLanguage\":\"es\",\"@id\":\"https:\\\/\\\/politicosaldesnudo.com.mx\\\/#\\\/schema\\\/logo\\\/image\\\/\",\"url\":\"https:\\\/\\\/i0.wp.com\\\/politicosaldesnudo.com.mx\\\/wp-content\\\/uploads\\\/2026\\\/08\\\/cropped-logo.webp?fit=400%2C126&ssl=1\",\"contentUrl\":\"https:\\\/\\\/i0.wp.com\\\/politicosaldesnudo.com.mx\\\/wp-content\\\/uploads\\\/2026\\\/08\\\/cropped-logo.webp?fit=400%2C126&ssl=1\",\"width\":400,\"height\":126,\"caption\":\"Pol\u00edticos al Desnudo\"},\"image\":{\"@id\":\"https:\\\/\\\/politicosaldesnudo.com.mx\\\/#\\\/schema\\\/logo\\\/image\\\/\"},\"sameAs\":[\"https:\\\/\\\/www.facebook.com\\\/PoliticosAD\"]},{\"@type\":\"Person\",\"@id\":\"https:\\\/\\\/politicosaldesnudo.com.mx\\\/#\\\/schema\\\/person\\\/ef3a64e561cc3f3f5dc52fab81adde7e\",\"name\":\"Redacci\u00f3n Pol\u00edticos\",\"url\":\"https:\\\/\\\/politicosaldesnudo.com.mx\\\/index.php\\\/author\\\/redaccion-politicos\\\/\"}]}<\/script>\n<!-- \/ Yoast SEO plugin. -->","yoast_head_json":{"title":"Morena se emociona: la oposici\u00f3n no cubrir\u00e1 todas las casillas - Pol\u00edticos al Desnudo","robots":{"index":"index","follow":"follow","max-snippet":"max-snippet:-1","max-image-preview":"max-image-preview:large","max-video-preview":"max-video-preview:-1"},"canonical":"https:\/\/politicosaldesnudo.com.mx\/index.php\/2024\/05\/24\/morena-se-emociona-la-oposicion-no-cubrira-todas-las-casillas\/","og_locale":"es_ES","og_type":"article","og_title":"Morena se emociona: la oposici\u00f3n no cubrir\u00e1 todas las casillas - Pol\u00edticos al Desnudo","og_description":"Los partidos ya no pueden registrar representantes en las m\u00e1s de 170 mil casillas para cuidar la elecci\u00f3n y vigilar [&hellip;]","og_url":"https:\/\/politicosaldesnudo.com.mx\/index.php\/2024\/05\/24\/morena-se-emociona-la-oposicion-no-cubrira-todas-las-casillas\/","og_site_name":"Pol\u00edticos al Desnudo","article_publisher":"https:\/\/www.facebook.com\/PoliticosAD","article_published_time":"2024-05-24T15:17:00+00:00","og_image":[{"width":1816,"height":1016,"url":"https:\/\/i0.wp.com\/politicosaldesnudo.com.mx\/wp-content\/uploads\/2024\/05\/TELEFONO-ROJO-2.jpg?fit=1816%2C1016&ssl=1","type":"image\/jpeg"}],"author":"Redacci\u00f3n Pol\u00edticos","twitter_card":"summary_large_image","twitter_misc":{"Escrito por":"Redacci\u00f3n Pol\u00edticos","Tiempo de lectura":"3 minutos"},"schema":{"@context":"https:\/\/schema.org","@graph":[{"@type":"Article","@id":"https:\/\/politicosaldesnudo.com.mx\/index.php\/2024\/05\/24\/morena-se-emociona-la-oposicion-no-cubrira-todas-las-casillas\/#article","isPartOf":{"@id":"https:\/\/politicosaldesnudo.com.mx\/index.php\/2024\/05\/24\/morena-se-emociona-la-oposicion-no-cubrira-todas-las-casillas\/"},"author":{"name":"Redacci\u00f3n Pol\u00edticos","@id":"https:\/\/politicosaldesnudo.com.mx\/#\/schema\/person\/ef3a64e561cc3f3f5dc52fab81adde7e"},"headline":"Morena se emociona: la oposici\u00f3n no cubrir\u00e1 todas las casillas","datePublished":"2024-05-24T15:17:00+00:00","mainEntityOfPage":{"@id":"https:\/\/politicosaldesnudo.com.mx\/index.php\/2024\/05\/24\/morena-se-emociona-la-oposicion-no-cubrira-todas-las-casillas\/"},"wordCount":596,"publisher":{"@id":"https:\/\/politicosaldesnudo.com.mx\/#organization"},"image":{"@id":"https:\/\/politicosaldesnudo.com.mx\/index.php\/2024\/05\/24\/morena-se-emociona-la-oposicion-no-cubrira-todas-las-casillas\/#primaryimage"},"thumbnailUrl":"https:\/\/i0.wp.com\/politicosaldesnudo.com.mx\/wp-content\/uploads\/2024\/05\/TELEFONO-ROJO-2.jpg?fit=1816%2C1016&ssl=1","keywords":["TEL\u00c9FONO ROJO"],"articleSection":["OPINI\u00d3N"],"inLanguage":"es"},{"@type":"WebPage","@id":"https:\/\/politicosaldesnudo.com.mx\/index.php\/2024\/05\/24\/morena-se-emociona-la-oposicion-no-cubrira-todas-las-casillas\/","url":"https:\/\/politicosaldesnudo.com.mx\/index.php\/2024\/05\/24\/morena-se-emociona-la-oposicion-no-cubrira-todas-las-casillas\/","name":"Morena se emociona: la oposici\u00f3n no cubrir\u00e1 todas las casillas - Pol\u00edticos al Desnudo","isPartOf":{"@id":"https:\/\/politicosaldesnudo.com.mx\/#website"},"primaryImageOfPage":{"@id":"https:\/\/politicosaldesnudo.com.mx\/index.php\/2024\/05\/24\/morena-se-emociona-la-oposicion-no-cubrira-todas-las-casillas\/#primaryimage"},"image":{"@id":"https:\/\/politicosaldesnudo.com.mx\/index.php\/2024\/05\/24\/morena-se-emociona-la-oposicion-no-cubrira-todas-las-casillas\/#primaryimage"},"thumbnailUrl":"https:\/\/i0.wp.com\/politicosaldesnudo.com.mx\/wp-content\/uploads\/2024\/05\/TELEFONO-ROJO-2.jpg?fit=1816%2C1016&ssl=1","datePublished":"2024-05-24T15:17:00+00:00","breadcrumb":{"@id":"https:\/\/politicosaldesnudo.com.mx\/index.php\/2024\/05\/24\/morena-se-emociona-la-oposicion-no-cubrira-todas-las-casillas\/#breadcrumb"},"inLanguage":"es","potentialAction":[{"@type":"ReadAction","target":["https:\/\/politicosaldesnudo.com.mx\/index.php\/2024\/05\/24\/morena-se-emociona-la-oposicion-no-cubrira-todas-las-casillas\/"]}]},{"@type":"ImageObject","inLanguage":"es","@id":"https:\/\/politicosaldesnudo.com.mx\/index.php\/2024\/05\/24\/morena-se-emociona-la-oposicion-no-cubrira-todas-las-casillas\/#primaryimage","url":"https:\/\/i0.wp.com\/politicosaldesnudo.com.mx\/wp-content\/uploads\/2024\/05\/TELEFONO-ROJO-2.jpg?fit=1816%2C1016&ssl=1","contentUrl":"https:\/\/i0.wp.com\/politicosaldesnudo.com.mx\/wp-content\/uploads\/2024\/05\/TELEFONO-ROJO-2.jpg?fit=1816%2C1016&ssl=1","width":1816,"height":1016},{"@type":"BreadcrumbList","@id":"https:\/\/politicosaldesnudo.com.mx\/index.php\/2024\/05\/24\/morena-se-emociona-la-oposicion-no-cubrira-todas-las-casillas\/#breadcrumb","itemListElement":[{"@type":"ListItem","position":1,"name":"Portada","item":"https:\/\/politicosaldesnudo.com.mx\/"},{"@type":"ListItem","position":2,"name":"Morena se emociona: la oposici\u00f3n no cubrir\u00e1 todas las casillas"}]},{"@type":"WebSite","@id":"https:\/\/politicosaldesnudo.com.mx\/#website","url":"https:\/\/politicosaldesnudo.com.mx\/","name":"Pol\u00edticos al Desnudo","description":"","publisher":{"@id":"https:\/\/politicosaldesnudo.com.mx\/#organization"},"potentialAction":[{"@type":"SearchAction","target":{"@type":"EntryPoint","urlTemplate":"https:\/\/politicosaldesnudo.com.mx\/?s={search_term_string}"},"query-input":{"@type":"PropertyValueSpecification","valueRequired":true,"valueName":"search_term_string"}}],"inLanguage":"es"},{"@type":"Organization","@id":"https:\/\/politicosaldesnudo.com.mx\/#organization","name":"Pol\u00edticos al Desnudo","url":"https:\/\/politicosaldesnudo.com.mx\/","logo":{"@type":"ImageObject","inLanguage":"es","@id":"https:\/\/politicosaldesnudo.com.mx\/#\/schema\/logo\/image\/","url":"https:\/\/i0.wp.com\/politicosaldesnudo.com.mx\/wp-content\/uploads\/2026\/08\/cropped-logo.webp?fit=400%2C126&ssl=1","contentUrl":"https:\/\/i0.wp.com\/politicosaldesnudo.com.mx\/wp-content\/uploads\/2026\/08\/cropped-logo.webp?fit=400%2C126&ssl=1","width":400,"height":126,"caption":"Pol\u00edticos al Desnudo"},"image":{"@id":"https:\/\/politicosaldesnudo.com.mx\/#\/schema\/logo\/image\/"},"sameAs":["https:\/\/www.facebook.com\/PoliticosAD"]},{"@type":"Person","@id":"https:\/\/politicosaldesnudo.com.mx\/#\/schema\/person\/ef3a64e561cc3f3f5dc52fab81adde7e","name":"Redacci\u00f3n Pol\u00edticos","url":"https:\/\/politicosaldesnudo.com.mx\/index.php\/author\/redaccion-politicos\/"}]}},"jetpack_publicize_connections":[],"jetpack-related-posts":[{"id":88247,"url":"https:\/\/politicosaldesnudo.com.mx\/index.php\/2026\/08\/31\/pepe-yunes-frena-rumores-de-ruptura-con-el-pri-y-se-ofrece-para-unir-a-la-oposicion-en-veracruz\/","url_meta":{"origin":38296,"position":0},"title":"Pepe Yunes frena rumores de ruptura con el PRI y se ofrece para unir a la oposici\u00f3n en Veracruz","author":"Redacci\u00f3n Pol\u00edticos","date":"31 de agosto de 2026","format":false,"excerpt":"Su aparici\u00f3n en un encuentro de Movimiento Ciudadano aliment\u00f3 las versiones sobre un posible cambio de partido. El excandidato a gobernador asegur\u00f3 que seguir\u00e1 en el tricolor, pero buscar\u00e1 construir un bloque amplio contra Morena rumbo a 2027. Xalapa, Ver.\u2014 Jos\u00e9 Francisco Yunes Zorrilla puso freno a las especulaciones sobre\u2026","rel":"","context":"En \u00abESTADOS\u00bb","block_context":{"text":"ESTADOS","link":"https:\/\/politicosaldesnudo.com.mx\/index.php\/category\/estados\/"},"img":{"alt_text":"","src":"https:\/\/i0.wp.com\/politicosaldesnudo.com.mx\/wp-content\/uploads\/2026\/08\/pepe-scaled.jpg?fit=1200%2C800&ssl=1&resize=350%2C200","width":350,"height":200,"srcset":"https:\/\/i0.wp.com\/politicosaldesnudo.com.mx\/wp-content\/uploads\/2026\/08\/pepe-scaled.jpg?fit=1200%2C800&ssl=1&resize=350%2C200 1x, https:\/\/i0.wp.com\/politicosaldesnudo.com.mx\/wp-content\/uploads\/2026\/08\/pepe-scaled.jpg?fit=1200%2C800&ssl=1&resize=525%2C300 1.5x, https:\/\/i0.wp.com\/politicosaldesnudo.com.mx\/wp-content\/uploads\/2026\/08\/pepe-scaled.jpg?fit=1200%2C800&ssl=1&resize=700%2C400 2x, https:\/\/i0.wp.com\/politicosaldesnudo.com.mx\/wp-content\/uploads\/2026\/08\/pepe-scaled.jpg?fit=1200%2C800&ssl=1&resize=1050%2C600 3x"},"classes":[]},{"id":54099,"url":"https:\/\/politicosaldesnudo.com.mx\/index.php\/2025\/01\/10\/oposicion-de-florero\/","url_meta":{"origin":38296,"position":1},"title":"Oposici\u00f3n de florero","author":"Redacci\u00f3n Pol\u00edticos","date":"10 de enero de 2025","format":false,"excerpt":"ALMA GRANDE Por \u00c1ngel \u00c1lvaro Pe\u00f1a La oposici\u00f3n desconoce su papel en la historia, producto de que nunca se enter\u00f3 de la responsabilidad social de esta fuerza. As\u00ed, vemos que en el legislativo es donde m\u00e1s se acent\u00faa la ignorancia sobre el rol parlamentario de esta fuerza y de su\u2026","rel":"","context":"En \u00abOPINI\u00d3N\u00bb","block_context":{"text":"OPINI\u00d3N","link":"https:\/\/politicosaldesnudo.com.mx\/index.php\/category\/columnistas\/"},"img":{"alt_text":"","src":"https:\/\/i0.wp.com\/politicosaldesnudo.com.mx\/wp-content\/uploads\/2024\/12\/BANNER-LOPEZ-DORIGA-DIGITAL-1.jpg?fit=800%2C445&ssl=1&resize=350%2C200","width":350,"height":200,"srcset":"https:\/\/i0.wp.com\/politicosaldesnudo.com.mx\/wp-content\/uploads\/2024\/12\/BANNER-LOPEZ-DORIGA-DIGITAL-1.jpg?fit=800%2C445&ssl=1&resize=350%2C200 1x, https:\/\/i0.wp.com\/politicosaldesnudo.com.mx\/wp-content\/uploads\/2024\/12\/BANNER-LOPEZ-DORIGA-DIGITAL-1.jpg?fit=800%2C445&ssl=1&resize=525%2C300 1.5x, https:\/\/i0.wp.com\/politicosaldesnudo.com.mx\/wp-content\/uploads\/2024\/12\/BANNER-LOPEZ-DORIGA-DIGITAL-1.jpg?fit=800%2C445&ssl=1&resize=700%2C400 2x"},"classes":[]},{"id":88112,"url":"https:\/\/politicosaldesnudo.com.mx\/index.php\/2026\/08\/27\/veracruz-los-numeros-que-incomodan-a-la-oposicion\/","url_meta":{"origin":38296,"position":2},"title":"Veracruz: los n\u00fameros que incomodan a la oposici\u00f3n","author":"Redacci\u00f3n Pol\u00edticos","date":"27 de agosto de 2026","format":false,"excerpt":"Astrolabio Pol\u00edtico Por: Luis Ram\u00edrez Baqueiro \u201cEl genio comienza las grandes obras, pero s\u00f3lo el trabajo las acaba\u201d. \u2013 Joseph Joubert. Hay cifras que deber\u00edan obligar a cualquier oposici\u00f3n seria a replantear su discurso. No porque los n\u00fameros oficiales sean inmunes al an\u00e1lisis o porque todo indicador positivo deba convertirse\u2026","rel":"","context":"En \u00abOPINI\u00d3N\u00bb","block_context":{"text":"OPINI\u00d3N","link":"https:\/\/politicosaldesnudo.com.mx\/index.php\/category\/columnistas\/"},"img":{"alt_text":"","src":"https:\/\/i0.wp.com\/politicosaldesnudo.com.mx\/wp-content\/uploads\/2026\/08\/BAQUE-2708.png?fit=1200%2C658&ssl=1&resize=350%2C200","width":350,"height":200,"srcset":"https:\/\/i0.wp.com\/politicosaldesnudo.com.mx\/wp-content\/uploads\/2026\/08\/BAQUE-2708.png?fit=1200%2C658&ssl=1&resize=350%2C200 1x, https:\/\/i0.wp.com\/politicosaldesnudo.com.mx\/wp-content\/uploads\/2026\/08\/BAQUE-2708.png?fit=1200%2C658&ssl=1&resize=525%2C300 1.5x, https:\/\/i0.wp.com\/politicosaldesnudo.com.mx\/wp-content\/uploads\/2026\/08\/BAQUE-2708.png?fit=1200%2C658&ssl=1&resize=700%2C400 2x, https:\/\/i0.wp.com\/politicosaldesnudo.com.mx\/wp-content\/uploads\/2026\/08\/BAQUE-2708.png?fit=1200%2C658&ssl=1&resize=1050%2C600 3x"},"classes":[]},{"id":87930,"url":"https:\/\/politicosaldesnudo.com.mx\/index.php\/2026\/08\/21\/pan-busca-dejar-atras-la-influencia-de-los-yunes\/","url_meta":{"origin":38296,"position":3},"title":"PAN busca dejar atr\u00e1s la influencia de los Yunes","author":"Redacci\u00f3n Pol\u00edticos","date":"21 de agosto de 2026","format":false,"excerpt":"ALMA GRANDE POR \u00c1NGEL \u00c1LVARO PE\u00d1A La declaraci\u00f3n de Jorge Romero Herrera sobre Miguel \u00c1ngel Yunes Linares y Miguel \u00c1ngel Yunes M\u00e1rquez coloca nuevamente al PAN frente a una de las rupturas pol\u00edticas que m\u00e1s repercusi\u00f3n han tenido en Veracruz. El dirigente nacional asegur\u00f3 que los Yunes ya no tendr\u00e1n\u2026","rel":"","context":"En \u00abOPINI\u00d3N\u00bb","block_context":{"text":"OPINI\u00d3N","link":"https:\/\/politicosaldesnudo.com.mx\/index.php\/category\/columnistas\/"},"img":{"alt_text":"","src":"https:\/\/i0.wp.com\/politicosaldesnudo.com.mx\/wp-content\/uploads\/2026\/08\/ag-210826.png?fit=1200%2C659&ssl=1&resize=350%2C200","width":350,"height":200,"srcset":"https:\/\/i0.wp.com\/politicosaldesnudo.com.mx\/wp-content\/uploads\/2026\/08\/ag-210826.png?fit=1200%2C659&ssl=1&resize=350%2C200 1x, https:\/\/i0.wp.com\/politicosaldesnudo.com.mx\/wp-content\/uploads\/2026\/08\/ag-210826.png?fit=1200%2C659&ssl=1&resize=525%2C300 1.5x, https:\/\/i0.wp.com\/politicosaldesnudo.com.mx\/wp-content\/uploads\/2026\/08\/ag-210826.png?fit=1200%2C659&ssl=1&resize=700%2C400 2x, https:\/\/i0.wp.com\/politicosaldesnudo.com.mx\/wp-content\/uploads\/2026\/08\/ag-210826.png?fit=1200%2C659&ssl=1&resize=1050%2C600 3x"},"classes":[]},{"id":88010,"url":"https:\/\/politicosaldesnudo.com.mx\/index.php\/2026\/08\/24\/la-soberbia-institucional-como-antesala-del-castigo-electoral\/","url_meta":{"origin":38296,"position":4},"title":"La soberbia institucional como antesala del castigo electoral","author":"Redacci\u00f3n Pol\u00edticos","date":"24 de agosto de 2026","format":false,"excerpt":"Una Opini\u00f3n Alternativa. Un an\u00e1lisis de la Antipat\u00eda pol\u00edtica de la Presidenta Claudia Sheinbaum ante la Clase Media. Por. Carlos O. Silva Bandala. DESGASTE EN LA CIMA\u2026 APROVACION DE LA PRESIDENTA SHEINBAUM: 2025-80%... 2026\u201359%... 21% MENOS. MORENA: PREFERENCIA EN INTENCION DE VOTO 34%-2026. En Psicolog\u00eda, la ANTIPAT\u00cdA no es simplemente\u2026","rel":"","context":"En \u00abOPINI\u00d3N\u00bb","block_context":{"text":"OPINI\u00d3N","link":"https:\/\/politicosaldesnudo.com.mx\/index.php\/category\/columnistas\/"},"img":{"alt_text":"","src":"https:\/\/i0.wp.com\/politicosaldesnudo.com.mx\/wp-content\/uploads\/2026\/08\/silva-2408-scaled.png?fit=1200%2C659&ssl=1&resize=350%2C200","width":350,"height":200,"srcset":"https:\/\/i0.wp.com\/politicosaldesnudo.com.mx\/wp-content\/uploads\/2026\/08\/silva-2408-scaled.png?fit=1200%2C659&ssl=1&resize=350%2C200 1x, https:\/\/i0.wp.com\/politicosaldesnudo.com.mx\/wp-content\/uploads\/2026\/08\/silva-2408-scaled.png?fit=1200%2C659&ssl=1&resize=525%2C300 1.5x, https:\/\/i0.wp.com\/politicosaldesnudo.com.mx\/wp-content\/uploads\/2026\/08\/silva-2408-scaled.png?fit=1200%2C659&ssl=1&resize=700%2C400 2x, https:\/\/i0.wp.com\/politicosaldesnudo.com.mx\/wp-content\/uploads\/2026\/08\/silva-2408-scaled.png?fit=1200%2C659&ssl=1&resize=1050%2C600 3x"},"classes":[]},{"id":88013,"url":"https:\/\/politicosaldesnudo.com.mx\/index.php\/2026\/08\/24\/la-batalla-por-xalapa\/","url_meta":{"origin":38296,"position":5},"title":"La batalla por Xalapa","author":"Redacci\u00f3n Pol\u00edticos","date":"24 de agosto de 2026","format":false,"excerpt":"Astrolabio Pol\u00edtico Por: Luis Ram\u00edrez Baqueiro \u201cBuscando el bien de nuestros semejantes, encontramos el nuestro\u201d. \u2013 Plat\u00f3n. La disputa por las diputaciones locales y federales de Xalapa comenz\u00f3 mucho antes del calendario electoral. En Morena proliferan recorridos, reuniones, fotograf\u00edas y estrategias de posicionamiento, pero todav\u00eda no aparece con claridad el\u2026","rel":"","context":"En \u00abOPINI\u00d3N\u00bb","block_context":{"text":"OPINI\u00d3N","link":"https:\/\/politicosaldesnudo.com.mx\/index.php\/category\/columnistas\/"},"img":{"alt_text":"","src":"https:\/\/i0.wp.com\/politicosaldesnudo.com.mx\/wp-content\/uploads\/2026\/08\/baq-2408-scaled.png?fit=1200%2C659&ssl=1&resize=350%2C200","width":350,"height":200,"srcset":"https:\/\/i0.wp.com\/politicosaldesnudo.com.mx\/wp-content\/uploads\/2026\/08\/baq-2408-scaled.png?fit=1200%2C659&ssl=1&resize=350%2C200 1x, https:\/\/i0.wp.com\/politicosaldesnudo.com.mx\/wp-content\/uploads\/2026\/08\/baq-2408-scaled.png?fit=1200%2C659&ssl=1&resize=525%2C300 1.5x, https:\/\/i0.wp.com\/politicosaldesnudo.com.mx\/wp-content\/uploads\/2026\/08\/baq-2408-scaled.png?fit=1200%2C659&ssl=1&resize=700%2C400 2x, https:\/\/i0.wp.com\/politicosaldesnudo.com.mx\/wp-content\/uploads\/2026\/08\/baq-2408-scaled.png?fit=1200%2C659&ssl=1&resize=1050%2C600 3x"},"classes":[]}],"jetpack_sharing_enabled":true,"jetpack_featured_media_url":"https:\/\/i0.wp.com\/politicosaldesnudo.com.mx\/wp-content\/uploads\/2024\/05\/TELEFONO-ROJO-2.jpg?fit=1816%2C1016&ssl=1","_links":{"self":[{"href":"https:\/\/politicosaldesnudo.com.mx\/index.php\/wp-json\/wp\/v2\/posts\/38296","targetHints":{"allow":["GET"]}}],"collection":[{"href":"https:\/\/politicosaldesnudo.com.mx\/index.php\/wp-json\/wp\/v2\/posts"}],"about":[{"href":"https:\/\/politicosaldesnudo.com.mx\/index.php\/wp-json\/wp\/v2\/types\/post"}],"author":[{"embeddable":true,"href":"https:\/\/politicosaldesnudo.com.mx\/index.php\/wp-json\/wp\/v2\/users\/4"}],"replies":[{"embeddable":true,"href":"https:\/\/politicosaldesnudo.com.mx\/index.php\/wp-json\/wp\/v2\/comments?post=38296"}],"version-history":[{"count":0,"href":"https:\/\/politicosaldesnudo.com.mx\/index.php\/wp-json\/wp\/v2\/posts\/38296\/revisions"}],"wp:featuredmedia":[{"embeddable":true,"href":"https:\/\/politicosaldesnudo.com.mx\/index.php\/wp-json\/wp\/v2\/media\/38297"}],"wp:attachment":[{"href":"https:\/\/politicosaldesnudo.com.mx\/index.php\/wp-json\/wp\/v2\/media?parent=38296"}],"wp:term":[{"taxonomy":"category","embeddable":true,"href":"https:\/\/politicosaldesnudo.com.mx\/index.php\/wp-json\/wp\/v2\/categories?post=38296"},{"taxonomy":"post_tag","embeddable":true,"href":"https:\/\/politicosaldesnudo.com.mx\/index.php\/wp-json\/wp\/v2\/tags?post=38296"}],"curies":[{"name":"wp","href":"https:\/\/api.w.org\/{rel}","templated":true}]}}