{"id":38301,"date":"2024-05-24T12:54:51","date_gmt":"2024-05-24T17:54:51","guid":{"rendered":"https:\/\/politicosaldesnudo.com.mx\/?p=38301"},"modified":"2024-05-24T12:54:51","modified_gmt":"2024-05-24T17:54:51","slug":"la-emperatriz-y-el-cuchillito-de-palo","status":"publish","type":"post","link":"https:\/\/politicosaldesnudo.com.mx\/index.php\/2024\/05\/24\/la-emperatriz-y-el-cuchillito-de-palo\/","title":{"rendered":"La emperatriz y el cuchillito de palo"},"content":{"rendered":"<p><span style=\"font-size: 14pt;\"><b><span lang=\"ES\">MOIS\u00c9S S\u00c1NCHEZ LIM\u00d3N<\/span><\/b><\/span><\/p>\n<p><span lang=\"ES\" style=\"font-size: 14pt;\">\u00c9rase que se era una doctora que se entroniz\u00f3 en la fantas\u00eda de ser emperatriz por obra y gracia de su tutor. O sea\u2026<\/span><\/p>\n<p><span lang=\"ES\" style=\"font-size: 14pt;\">Se la cree y pasea por plazas y salones, estudios y banquetas, espacios en los que repite y repite que, ya no le busquen chichis a las hormigas y pueden irse acostumbrando a dirigirse a ella como Vuestra Majestad.<\/span><\/p>\n<p><span lang=\"ES\" style=\"font-size: 14pt;\">S\u00ed, se\u00f1oras y se\u00f1ores. S\u00ed.<\/span><\/p>\n<p><span lang=\"ES\" style=\"font-size: 14pt;\">La candidata del oficialismo partidista que, el domingo 19 de mayo de 2024, ingres\u00f3 plebeya al foro de la tev\u00e9 y, dos horas despu\u00e9s, cris\u00e1lida se despoj\u00f3 de la falsa piel y apareci\u00f3 monarca nom\u00e1s porque as\u00ed lo dicta el guion propagandista.<\/span><\/p>\n<p><span lang=\"ES\" style=\"font-size: 14pt;\">Altiva, sobradita se apoltrona y dicta pauta a sus entrevistadores, a estos personajes que, en una mala noche &#8211;\u00bfmotu proprio? &#8211;, perdieron algo m\u00e1s que credibilidad porque se comportaron \u00f1o\u00f1os y olvidaron combatividad, fuerza en las preguntas dizque inteligentes l\u00edderes de opini\u00f3n.<\/span><\/p>\n<p><span lang=\"ES\" style=\"font-size: 14pt;\">Y hete aqu\u00ed que, el presunto cad\u00e1ver tricolor que el oficialismo moreno ha paseado de discurso en discurso como trofeo del triunfo electoral de 2018, no es tal. Es fiambre, s\u00ed, correoso y listo para part\u00edrsela el pr\u00f3ximo primer domingo de junio en las urnas.<\/span><\/p>\n<p><span lang=\"ES\" style=\"font-size: 14pt;\">S\u00ed, s\u00ed, transitando el sexto a\u00f1o del sedicente gobierno de la 4T, el Partido Revolucionario Institucional (a) PRI despert\u00f3 del letargo al que lo confin\u00f3, primero, Ernesto Zedillo Ponce de Le\u00f3n y, luego, Enrique Pe\u00f1a Nieto merced a no desmentidos acuerdos que les dieron impunidad porque entregaron la Presidencia sin sonrojarse.<\/span><\/p>\n<p><span lang=\"ES\" style=\"font-size: 14pt;\">Mire usted.<\/span><\/p>\n<p><span lang=\"ES\" style=\"font-size: 14pt;\">Esto s\u00ed es personal: \u201cYo lo viv\u00ed\u201d, como bautiz\u00f3 Eduardo \u201cEl G\u00fcero\u201d T\u00e9llez Vargas a su columna de reminiscencias policiacas en El Universal Gr\u00e1fico, de aquellos a\u00f1os de batallas contadas en tertulia de reporteros suplentes en Las Am\u00e9ricas, La Mundial, La Reforma o El Negresco.<\/span><\/p>\n<p><span lang=\"ES\" style=\"font-size: 14pt;\">\u00bfA poco no?<\/span><\/p>\n<p><span lang=\"ES\" style=\"font-size: 14pt;\">Pero, bueno, le refer\u00eda que el PRI, al que el licenciado presidente y la Mafia del Joder dan por muerto y califican lastre que cifra permanencia en el mosaico pol\u00edtico nacional asido a la coalici\u00f3n Fuerza y Coraz\u00f3n por M\u00e9xico, est\u00e1 vivito y coleando, como citan los cl\u00e1sicos.<\/span><\/p>\n<p><span lang=\"ES\" style=\"font-size: 14pt;\">Lo cierto es que, de los tres partidos integrantes de la coalici\u00f3n opositora, el PRI es el \u00fanico que tiene estructura en todo el pa\u00eds, incluso m\u00e1s que el PAN y el PRD juntos que, en cambio, tienen m\u00e1s simpat\u00edas que el Revolucionario Institucional, merced a la mala fama de sus m\u00e1s recientes dirigentes, incluso Alejandro Moreno.<\/span><\/p>\n<p><span lang=\"ES\" style=\"font-size: 14pt;\">S\u00ed, la estructura se cuece aparte.<\/span><\/p>\n<p><span lang=\"ES\" style=\"font-size: 14pt;\">Ayer jueves 23 de mayo lo demostr\u00f3 en un acto que, en espacio cerrado, reuni\u00f3 a m\u00e1s de tres centenas de simpatizantes, organizaciones vecinales y comerciantes de las colonias Lindavista y San Pedro Zacatenco, de la alcald\u00eda Gustavo A. Madero, la misma que ha sufrido tres administraciones del infumable Francisco Ch\u00edguil Figueroa y su legisladora esposa.<\/span><\/p>\n<p><span lang=\"ES\" style=\"font-size: 14pt;\">Ch\u00edguil fue delegado en Gustavo A. Madero de 2006 a 2008, en junio de este a\u00f1o se separ\u00f3 del cargo dizque para no entorpecer las investigaciones de la tragedia provocada por un operativo policiaco en la discoteca New\u2019s Devine que cobr\u00f3 la vida de 12 personas. El antro carec\u00eda de requisitos m\u00ednimos de seguridad.<\/span><\/p>\n<p><span lang=\"ES\" style=\"font-size: 14pt;\">Volvi\u00f3 a las andadas y reparti\u00f3 promesas para ser, a partir de 2018, alcalde en Gustavo A. Madero; reelegido en 2021. Vaya, vaya\u2026<\/span><\/p>\n<p><span lang=\"ES\" style=\"font-size: 14pt;\">Est\u00e1bamos en\u2026<\/span><\/p>\n<p><span lang=\"ES\" style=\"font-size: 14pt;\">Esta reuni\u00f3n del priismo capitalino. Dir\u00e1n los simpatizantes y apoyadores, fan\u00e1ticos y otros etc\u00e9teras del Corporativo Morena y Asociados, que una reuni\u00f3n de ese tama\u00f1o la realizan en un tris y tienen raz\u00f3n. Solo que lo asistentes a este acto proselitista del PRI, puro PRI, no fueron acarreados ni en busca de gorras o playeras ni llaveros o chingaderitas.<\/span><\/p>\n<p><span lang=\"ES\" style=\"font-size: 14pt;\">Los tiempos han cambiado.<\/span><\/p>\n<p><span lang=\"ES\" style=\"font-size: 14pt;\">Es posible que Su Majestad Claudia Sheinbaum est\u00e9 enterada de este tipo de reuniones que PAN, PRI y PRD realizan por separado en lugares cerrados, con militantes y simpatizantes que hacen la tarea a pie tierra y de puerta en puerta, o simplemente invitan a amigos y familiares a votar por la coalici\u00f3n cuya candidata a la Presidencia es X\u00f3chitl G\u00e1lvez y, el nominado a la jefatura de Gobierno de la Ciudad de M\u00e9xico, Santiago Taboada.<\/span><\/p>\n<p><span lang=\"ES\" style=\"font-size: 14pt;\">Labor hormiga, alejados del bullicio y de la falsa sociedad.<\/span><\/p>\n<p><span lang=\"ES\" style=\"font-size: 14pt;\">\u00bfQui\u00e9nes convocaron a esta reuni\u00f3n del priismo?<\/span><\/p>\n<p><span lang=\"ES\" style=\"font-size: 14pt;\">Maricela Gastel\u00fa Userralde, Maribel Guadalupe Villase\u00f1or D\u00e1vila, candidatas de la coalici\u00f3n Fuerza y Coraz\u00f3n por M\u00e9xico a alcaldesa en Gustavo A. Madero y diputada federal por el Distrito 2 de la CDMX; y \u00c1ngel Guti\u00e9rrez Javier y Miguel \u00c1ngel Mancera, candidatos a diputado local y diputado federal por el Distrito 7 de la capital chilanga, respectivamente.<\/span><\/p>\n<p><span lang=\"ES\" style=\"font-size: 14pt;\">\u00bfEl PRI est\u00e1 muerto? \u00a1J\u00e1!<\/span><\/p>\n<p><span lang=\"ES\" style=\"font-size: 14pt;\">Mancera y Maricela encienden a la militancia y hacen compromisos que tienen el sello de campa\u00f1a, pero son viables. No ofrecen espejitos, no. Ofrecen seguridad, servicios, apoyo a la educaci\u00f3n y a las mujeres que trabajan, a los j\u00f3venes para que dejen de ser ninis.<\/span><\/p>\n<p><span lang=\"ES\" style=\"font-size: 14pt;\">Maribel Guadalupe Villase\u00f1or conoce los terrenos de la GAM, camina esas calles de colonias como Mart\u00edn Carrera y la D\u00edaz Mir\u00f3n, la Unidad Arag\u00f3n junto con Maricela y Adrianha Rangel Flores.<\/span><\/p>\n<p><span lang=\"ES\" style=\"font-size: 14pt;\">\u201cNosotras no ofrecemos despensas, no. Ofrecemos soluciones\u201d, puntualiza Maribel y se asume \u201ccuchillito de palo\u201d, s\u00ed, de esos que no cortan, pero como joden hasta conseguir lo que se propone.<\/span><\/p>\n<p><span lang=\"ES\" style=\"font-size: 14pt;\">Y Miguel \u00c1ngel Mancera sabe lo suyo, las tablas de quien fue jefe de Gobierno de la Ciudad de M\u00e9xico y senador perredista. Y este joven candidato a diputado local, \u00c1ngel Guti\u00e9rrez, pol\u00edtico que tiene arraigo y el priismo que colma el sal\u00f3n ubicado en avenida Instituto Polit\u00e9cnico, aplaude y echa porras y se enciende en campa\u00f1a.<\/span><\/p>\n<p><span lang=\"ES\" style=\"font-size: 14pt;\">S\u00ed, s\u00ed. Fue una pincelada micro de lo macro que se vio el domingo en el Z\u00f3calo, con la Marea Rosa que colm\u00f3 el coraz\u00f3n pol\u00edtico de M\u00e9xico y al que asistieron estos priistas de la GAM.<\/span><\/p>\n<p><span lang=\"ES\" style=\"font-size: 14pt;\">No est\u00e1n divididos, subrayan las y los candidatos. Maribel acusa: \u201cnos amenazan y hasta avientan piedras los morenos. Nos tienen miedo, ya se van\u201d, acota.<\/span><\/p>\n<p><span lang=\"ES\" style=\"font-size: 14pt;\">Maricela se suma al compromiso: \u201ccuando ganemos vamos a volver a la calle, vamos a cumplirle a la ciudadan\u00eda\u201d.<\/span><\/p>\n<p><span lang=\"ES\" style=\"font-size: 14pt;\">As\u00ed este priismo en un acto como los de hace no mucho tiempo, aunque la mayor\u00eda es de mujeres echadas para adelante, como Juanita Carbajal y Mar\u00eda Gabriela Mandujano y quienes compartieron mesa con ellas.<\/span><\/p>\n<p><span lang=\"ES\" style=\"font-size: 14pt;\">El PRI se moviliza, el partido al que la emperatriz de kerm\u00e9s resta importancia, pero es cuchillito de palo en esta alianza a la que el oficialismo despreciaba porque carec\u00eda de candidatos.<\/span><\/p>\n<p><span lang=\"ES\" style=\"font-size: 14pt;\">Y, ahora que los hay, que las hay, acusa que se fragua un golpe de estado, que la derecha conservadora no reconocer\u00e1 la derrota. \u00a1Sopas!<\/span><\/p>\n<p><span lang=\"ES\" style=\"font-size: 14pt;\">Pero, s\u00f3lo la emperatriz ha escurrido el bulto neg\u00e1ndose a declarar que admitir\u00e1 la derrota, en caso de que esta ocurra. X\u00f3chitl acepta el reto y este priismo chilango le da apoyo total. \u00bfQui\u00e9n tiene miedo? \u00a1Rec\u00e1spita, Drakko! Digo.<\/span><\/p>\n","protected":false},"excerpt":{"rendered":"<p>MOIS\u00c9S S\u00c1NCHEZ LIM\u00d3N \u00c9rase que se era una doctora que se entroniz\u00f3 en la fantas\u00eda de ser emperatriz por obra [&hellip;]<\/p>\n","protected":false},"author":4,"featured_media":16109,"comment_status":"closed","ping_status":"closed","sticky":false,"template":"","format":"standard","meta":{"site-sidebar-layout":"default","site-content-layout":"","ast-site-content-layout":"default","site-content-style":"default","site-sidebar-style":"default","ast-global-header-display":"","ast-banner-title-visibility":"","ast-main-header-display":"","ast-hfb-above-header-display":"","ast-hfb-below-header-display":"","ast-hfb-mobile-header-display":"","site-post-title":"","ast-breadcrumbs-content":"","ast-featured-img":"","footer-sml-layout":"","ast-disable-related-posts":"","theme-transparent-header-meta":"","adv-header-id-meta":"","stick-header-meta":"","header-above-stick-meta":"","header-main-stick-meta":"","header-below-stick-meta":"","astra-migrate-meta-layouts":"default","ast-page-background-enabled":"default","ast-page-background-meta":{"desktop":{"background-color":"var(--ast-global-color-5)","background-image":"","background-repeat":"repeat","background-position":"center center","background-size":"auto","background-attachment":"scroll","background-type":"","background-media":"","overlay-type":"","overlay-color":"","overlay-opacity":"","overlay-gradient":""},"tablet":{"background-color":"","background-image":"","background-repeat":"repeat","background-position":"center center","background-size":"auto","background-attachment":"scroll","background-type":"","background-media":"","overlay-type":"","overlay-color":"","overlay-opacity":"","overlay-gradient":""},"mobile":{"background-color":"","background-image":"","background-repeat":"repeat","background-position":"center center","background-size":"auto","background-attachment":"scroll","background-type":"","background-media":"","overlay-type":"","overlay-color":"","overlay-opacity":"","overlay-gradient":""}},"ast-content-background-meta":{"desktop":{"background-color":"var(--ast-global-color-4)","background-image":"","background-repeat":"repeat","background-position":"center center","background-size":"auto","background-attachment":"scroll","background-type":"","background-media":"","overlay-type":"","overlay-color":"","overlay-opacity":"","overlay-gradient":""},"tablet":{"background-color":"var(--ast-global-color-4)","background-image":"","background-repeat":"repeat","background-position":"center center","background-size":"auto","background-attachment":"scroll","background-type":"","background-media":"","overlay-type":"","overlay-color":"","overlay-opacity":"","overlay-gradient":""},"mobile":{"background-color":"var(--ast-global-color-4)","background-image":"","background-repeat":"repeat","background-position":"center center","background-size":"auto","background-attachment":"scroll","background-type":"","background-media":"","overlay-type":"","overlay-color":"","overlay-opacity":"","overlay-gradient":""}},"_jetpack_newsletter_access":"","_jetpack_dont_email_post_to_subs":false,"_jetpack_newsletter_tier_id":0,"_jetpack_memberships_contains_paywalled_content":false,"_jetpack_feature_clip_id":0,"_jetpack_memberships_contains_paid_content":false,"footnotes":"","jetpack_publicize_message":"","jetpack_publicize_feature_enabled":true,"jetpack_social_post_already_shared":false,"jetpack_social_options":{"image_generator_settings":{"template":"highway","default_image_id":0,"font":"","enabled":false},"version":2},"jetpack_post_was_ever_published":false},"categories":[26],"tags":[3490],"class_list":["post-38301","post","type-post","status-publish","format-standard","has-post-thumbnail","hentry","category-columnistas","tag-entresemana"],"yoast_head":"<!-- This site is optimized with the Yoast SEO plugin v28.3 - https:\/\/yoast.com\/product\/yoast-seo-wordpress\/ -->\n<title>La emperatriz y el cuchillito de palo - Pol\u00edticos al Desnudo<\/title>\n<meta name=\"robots\" content=\"index, follow, max-snippet:-1, max-image-preview:large, max-video-preview:-1\" \/>\n<link rel=\"canonical\" href=\"https:\/\/politicosaldesnudo.com.mx\/index.php\/2024\/05\/24\/la-emperatriz-y-el-cuchillito-de-palo\/\" \/>\n<meta property=\"og:locale\" content=\"es_ES\" \/>\n<meta property=\"og:type\" content=\"article\" \/>\n<meta property=\"og:title\" content=\"La emperatriz y el cuchillito de palo - Pol\u00edticos al Desnudo\" \/>\n<meta property=\"og:description\" content=\"MOIS\u00c9S S\u00c1NCHEZ LIM\u00d3N \u00c9rase que se era una doctora que se entroniz\u00f3 en la fantas\u00eda de ser emperatriz por obra [&hellip;]\" \/>\n<meta property=\"og:url\" content=\"https:\/\/politicosaldesnudo.com.mx\/index.php\/2024\/05\/24\/la-emperatriz-y-el-cuchillito-de-palo\/\" \/>\n<meta property=\"og:site_name\" content=\"Pol\u00edticos al Desnudo\" \/>\n<meta property=\"article:publisher\" content=\"https:\/\/www.facebook.com\/PoliticosAD\" \/>\n<meta property=\"article:published_time\" content=\"2024-05-24T17:54:51+00:00\" \/>\n<meta property=\"og:image\" content=\"https:\/\/i0.wp.com\/politicosaldesnudo.com.mx\/wp-content\/uploads\/2023\/02\/P-MOISES-SANCHEZ-LIMON.png?fit=1816%2C1016&ssl=1\" \/>\n\t<meta property=\"og:image:width\" content=\"1816\" \/>\n\t<meta property=\"og:image:height\" content=\"1016\" \/>\n\t<meta property=\"og:image:type\" content=\"image\/png\" \/>\n<meta name=\"author\" content=\"Redacci\u00f3n Pol\u00edticos\" \/>\n<meta name=\"twitter:card\" content=\"summary_large_image\" \/>\n<meta name=\"twitter:label1\" content=\"Escrito por\" \/>\n\t<meta name=\"twitter:data1\" content=\"Redacci\u00f3n Pol\u00edticos\" \/>\n\t<meta name=\"twitter:label2\" content=\"Tiempo de lectura\" \/>\n\t<meta name=\"twitter:data2\" content=\"6 minutos\" \/>\n<script type=\"application\/ld+json\" class=\"yoast-schema-graph\">{\"@context\":\"https:\\\/\\\/schema.org\",\"@graph\":[{\"@type\":\"Article\",\"@id\":\"https:\\\/\\\/politicosaldesnudo.com.mx\\\/index.php\\\/2024\\\/05\\\/24\\\/la-emperatriz-y-el-cuchillito-de-palo\\\/#article\",\"isPartOf\":{\"@id\":\"https:\\\/\\\/politicosaldesnudo.com.mx\\\/index.php\\\/2024\\\/05\\\/24\\\/la-emperatriz-y-el-cuchillito-de-palo\\\/\"},\"author\":{\"name\":\"Redacci\u00f3n Pol\u00edticos\",\"@id\":\"https:\\\/\\\/politicosaldesnudo.com.mx\\\/#\\\/schema\\\/person\\\/ef3a64e561cc3f3f5dc52fab81adde7e\"},\"headline\":\"La emperatriz y el cuchillito de palo\",\"datePublished\":\"2024-05-24T17:54:51+00:00\",\"mainEntityOfPage\":{\"@id\":\"https:\\\/\\\/politicosaldesnudo.com.mx\\\/index.php\\\/2024\\\/05\\\/24\\\/la-emperatriz-y-el-cuchillito-de-palo\\\/\"},\"wordCount\":1229,\"publisher\":{\"@id\":\"https:\\\/\\\/politicosaldesnudo.com.mx\\\/#organization\"},\"image\":{\"@id\":\"https:\\\/\\\/politicosaldesnudo.com.mx\\\/index.php\\\/2024\\\/05\\\/24\\\/la-emperatriz-y-el-cuchillito-de-palo\\\/#primaryimage\"},\"thumbnailUrl\":\"https:\\\/\\\/i0.wp.com\\\/politicosaldesnudo.com.mx\\\/wp-content\\\/uploads\\\/2023\\\/02\\\/P-MOISES-SANCHEZ-LIMON.png?fit=1816%2C1016&ssl=1\",\"keywords\":[\"ENTRESEMANA\"],\"articleSection\":[\"OPINI\u00d3N\"],\"inLanguage\":\"es\"},{\"@type\":\"WebPage\",\"@id\":\"https:\\\/\\\/politicosaldesnudo.com.mx\\\/index.php\\\/2024\\\/05\\\/24\\\/la-emperatriz-y-el-cuchillito-de-palo\\\/\",\"url\":\"https:\\\/\\\/politicosaldesnudo.com.mx\\\/index.php\\\/2024\\\/05\\\/24\\\/la-emperatriz-y-el-cuchillito-de-palo\\\/\",\"name\":\"La emperatriz y el cuchillito de palo - Pol\u00edticos al Desnudo\",\"isPartOf\":{\"@id\":\"https:\\\/\\\/politicosaldesnudo.com.mx\\\/#website\"},\"primaryImageOfPage\":{\"@id\":\"https:\\\/\\\/politicosaldesnudo.com.mx\\\/index.php\\\/2024\\\/05\\\/24\\\/la-emperatriz-y-el-cuchillito-de-palo\\\/#primaryimage\"},\"image\":{\"@id\":\"https:\\\/\\\/politicosaldesnudo.com.mx\\\/index.php\\\/2024\\\/05\\\/24\\\/la-emperatriz-y-el-cuchillito-de-palo\\\/#primaryimage\"},\"thumbnailUrl\":\"https:\\\/\\\/i0.wp.com\\\/politicosaldesnudo.com.mx\\\/wp-content\\\/uploads\\\/2023\\\/02\\\/P-MOISES-SANCHEZ-LIMON.png?fit=1816%2C1016&ssl=1\",\"datePublished\":\"2024-05-24T17:54:51+00:00\",\"breadcrumb\":{\"@id\":\"https:\\\/\\\/politicosaldesnudo.com.mx\\\/index.php\\\/2024\\\/05\\\/24\\\/la-emperatriz-y-el-cuchillito-de-palo\\\/#breadcrumb\"},\"inLanguage\":\"es\",\"potentialAction\":[{\"@type\":\"ReadAction\",\"target\":[\"https:\\\/\\\/politicosaldesnudo.com.mx\\\/index.php\\\/2024\\\/05\\\/24\\\/la-emperatriz-y-el-cuchillito-de-palo\\\/\"]}]},{\"@type\":\"ImageObject\",\"inLanguage\":\"es\",\"@id\":\"https:\\\/\\\/politicosaldesnudo.com.mx\\\/index.php\\\/2024\\\/05\\\/24\\\/la-emperatriz-y-el-cuchillito-de-palo\\\/#primaryimage\",\"url\":\"https:\\\/\\\/i0.wp.com\\\/politicosaldesnudo.com.mx\\\/wp-content\\\/uploads\\\/2023\\\/02\\\/P-MOISES-SANCHEZ-LIMON.png?fit=1816%2C1016&ssl=1\",\"contentUrl\":\"https:\\\/\\\/i0.wp.com\\\/politicosaldesnudo.com.mx\\\/wp-content\\\/uploads\\\/2023\\\/02\\\/P-MOISES-SANCHEZ-LIMON.png?fit=1816%2C1016&ssl=1\",\"width\":1816,\"height\":1016},{\"@type\":\"BreadcrumbList\",\"@id\":\"https:\\\/\\\/politicosaldesnudo.com.mx\\\/index.php\\\/2024\\\/05\\\/24\\\/la-emperatriz-y-el-cuchillito-de-palo\\\/#breadcrumb\",\"itemListElement\":[{\"@type\":\"ListItem\",\"position\":1,\"name\":\"Portada\",\"item\":\"https:\\\/\\\/politicosaldesnudo.com.mx\\\/\"},{\"@type\":\"ListItem\",\"position\":2,\"name\":\"La emperatriz y el cuchillito de palo\"}]},{\"@type\":\"WebSite\",\"@id\":\"https:\\\/\\\/politicosaldesnudo.com.mx\\\/#website\",\"url\":\"https:\\\/\\\/politicosaldesnudo.com.mx\\\/\",\"name\":\"Pol\u00edticos al Desnudo\",\"description\":\"\",\"publisher\":{\"@id\":\"https:\\\/\\\/politicosaldesnudo.com.mx\\\/#organization\"},\"potentialAction\":[{\"@type\":\"SearchAction\",\"target\":{\"@type\":\"EntryPoint\",\"urlTemplate\":\"https:\\\/\\\/politicosaldesnudo.com.mx\\\/?s={search_term_string}\"},\"query-input\":{\"@type\":\"PropertyValueSpecification\",\"valueRequired\":true,\"valueName\":\"search_term_string\"}}],\"inLanguage\":\"es\"},{\"@type\":\"Organization\",\"@id\":\"https:\\\/\\\/politicosaldesnudo.com.mx\\\/#organization\",\"name\":\"Pol\u00edticos al Desnudo\",\"url\":\"https:\\\/\\\/politicosaldesnudo.com.mx\\\/\",\"logo\":{\"@type\":\"ImageObject\",\"inLanguage\":\"es\",\"@id\":\"https:\\\/\\\/politicosaldesnudo.com.mx\\\/#\\\/schema\\\/logo\\\/image\\\/\",\"url\":\"https:\\\/\\\/i0.wp.com\\\/politicosaldesnudo.com.mx\\\/wp-content\\\/uploads\\\/2026\\\/08\\\/cropped-logo.webp?fit=400%2C126&ssl=1\",\"contentUrl\":\"https:\\\/\\\/i0.wp.com\\\/politicosaldesnudo.com.mx\\\/wp-content\\\/uploads\\\/2026\\\/08\\\/cropped-logo.webp?fit=400%2C126&ssl=1\",\"width\":400,\"height\":126,\"caption\":\"Pol\u00edticos al Desnudo\"},\"image\":{\"@id\":\"https:\\\/\\\/politicosaldesnudo.com.mx\\\/#\\\/schema\\\/logo\\\/image\\\/\"},\"sameAs\":[\"https:\\\/\\\/www.facebook.com\\\/PoliticosAD\"]},{\"@type\":\"Person\",\"@id\":\"https:\\\/\\\/politicosaldesnudo.com.mx\\\/#\\\/schema\\\/person\\\/ef3a64e561cc3f3f5dc52fab81adde7e\",\"name\":\"Redacci\u00f3n Pol\u00edticos\",\"url\":\"https:\\\/\\\/politicosaldesnudo.com.mx\\\/index.php\\\/author\\\/redaccion-politicos\\\/\"}]}<\/script>\n<!-- \/ Yoast SEO plugin. -->","yoast_head_json":{"title":"La emperatriz y el cuchillito de palo - Pol\u00edticos al Desnudo","robots":{"index":"index","follow":"follow","max-snippet":"max-snippet:-1","max-image-preview":"max-image-preview:large","max-video-preview":"max-video-preview:-1"},"canonical":"https:\/\/politicosaldesnudo.com.mx\/index.php\/2024\/05\/24\/la-emperatriz-y-el-cuchillito-de-palo\/","og_locale":"es_ES","og_type":"article","og_title":"La emperatriz y el cuchillito de palo - Pol\u00edticos al Desnudo","og_description":"MOIS\u00c9S S\u00c1NCHEZ LIM\u00d3N \u00c9rase que se era una doctora que se entroniz\u00f3 en la fantas\u00eda de ser emperatriz por obra [&hellip;]","og_url":"https:\/\/politicosaldesnudo.com.mx\/index.php\/2024\/05\/24\/la-emperatriz-y-el-cuchillito-de-palo\/","og_site_name":"Pol\u00edticos al Desnudo","article_publisher":"https:\/\/www.facebook.com\/PoliticosAD","article_published_time":"2024-05-24T17:54:51+00:00","og_image":[{"width":1816,"height":1016,"url":"https:\/\/i0.wp.com\/politicosaldesnudo.com.mx\/wp-content\/uploads\/2023\/02\/P-MOISES-SANCHEZ-LIMON.png?fit=1816%2C1016&ssl=1","type":"image\/png"}],"author":"Redacci\u00f3n Pol\u00edticos","twitter_card":"summary_large_image","twitter_misc":{"Escrito por":"Redacci\u00f3n Pol\u00edticos","Tiempo de lectura":"6 minutos"},"schema":{"@context":"https:\/\/schema.org","@graph":[{"@type":"Article","@id":"https:\/\/politicosaldesnudo.com.mx\/index.php\/2024\/05\/24\/la-emperatriz-y-el-cuchillito-de-palo\/#article","isPartOf":{"@id":"https:\/\/politicosaldesnudo.com.mx\/index.php\/2024\/05\/24\/la-emperatriz-y-el-cuchillito-de-palo\/"},"author":{"name":"Redacci\u00f3n Pol\u00edticos","@id":"https:\/\/politicosaldesnudo.com.mx\/#\/schema\/person\/ef3a64e561cc3f3f5dc52fab81adde7e"},"headline":"La emperatriz y el cuchillito de palo","datePublished":"2024-05-24T17:54:51+00:00","mainEntityOfPage":{"@id":"https:\/\/politicosaldesnudo.com.mx\/index.php\/2024\/05\/24\/la-emperatriz-y-el-cuchillito-de-palo\/"},"wordCount":1229,"publisher":{"@id":"https:\/\/politicosaldesnudo.com.mx\/#organization"},"image":{"@id":"https:\/\/politicosaldesnudo.com.mx\/index.php\/2024\/05\/24\/la-emperatriz-y-el-cuchillito-de-palo\/#primaryimage"},"thumbnailUrl":"https:\/\/i0.wp.com\/politicosaldesnudo.com.mx\/wp-content\/uploads\/2023\/02\/P-MOISES-SANCHEZ-LIMON.png?fit=1816%2C1016&ssl=1","keywords":["ENTRESEMANA"],"articleSection":["OPINI\u00d3N"],"inLanguage":"es"},{"@type":"WebPage","@id":"https:\/\/politicosaldesnudo.com.mx\/index.php\/2024\/05\/24\/la-emperatriz-y-el-cuchillito-de-palo\/","url":"https:\/\/politicosaldesnudo.com.mx\/index.php\/2024\/05\/24\/la-emperatriz-y-el-cuchillito-de-palo\/","name":"La emperatriz y el cuchillito de palo - Pol\u00edticos al Desnudo","isPartOf":{"@id":"https:\/\/politicosaldesnudo.com.mx\/#website"},"primaryImageOfPage":{"@id":"https:\/\/politicosaldesnudo.com.mx\/index.php\/2024\/05\/24\/la-emperatriz-y-el-cuchillito-de-palo\/#primaryimage"},"image":{"@id":"https:\/\/politicosaldesnudo.com.mx\/index.php\/2024\/05\/24\/la-emperatriz-y-el-cuchillito-de-palo\/#primaryimage"},"thumbnailUrl":"https:\/\/i0.wp.com\/politicosaldesnudo.com.mx\/wp-content\/uploads\/2023\/02\/P-MOISES-SANCHEZ-LIMON.png?fit=1816%2C1016&ssl=1","datePublished":"2024-05-24T17:54:51+00:00","breadcrumb":{"@id":"https:\/\/politicosaldesnudo.com.mx\/index.php\/2024\/05\/24\/la-emperatriz-y-el-cuchillito-de-palo\/#breadcrumb"},"inLanguage":"es","potentialAction":[{"@type":"ReadAction","target":["https:\/\/politicosaldesnudo.com.mx\/index.php\/2024\/05\/24\/la-emperatriz-y-el-cuchillito-de-palo\/"]}]},{"@type":"ImageObject","inLanguage":"es","@id":"https:\/\/politicosaldesnudo.com.mx\/index.php\/2024\/05\/24\/la-emperatriz-y-el-cuchillito-de-palo\/#primaryimage","url":"https:\/\/i0.wp.com\/politicosaldesnudo.com.mx\/wp-content\/uploads\/2023\/02\/P-MOISES-SANCHEZ-LIMON.png?fit=1816%2C1016&ssl=1","contentUrl":"https:\/\/i0.wp.com\/politicosaldesnudo.com.mx\/wp-content\/uploads\/2023\/02\/P-MOISES-SANCHEZ-LIMON.png?fit=1816%2C1016&ssl=1","width":1816,"height":1016},{"@type":"BreadcrumbList","@id":"https:\/\/politicosaldesnudo.com.mx\/index.php\/2024\/05\/24\/la-emperatriz-y-el-cuchillito-de-palo\/#breadcrumb","itemListElement":[{"@type":"ListItem","position":1,"name":"Portada","item":"https:\/\/politicosaldesnudo.com.mx\/"},{"@type":"ListItem","position":2,"name":"La emperatriz y el cuchillito de palo"}]},{"@type":"WebSite","@id":"https:\/\/politicosaldesnudo.com.mx\/#website","url":"https:\/\/politicosaldesnudo.com.mx\/","name":"Pol\u00edticos al Desnudo","description":"","publisher":{"@id":"https:\/\/politicosaldesnudo.com.mx\/#organization"},"potentialAction":[{"@type":"SearchAction","target":{"@type":"EntryPoint","urlTemplate":"https:\/\/politicosaldesnudo.com.mx\/?s={search_term_string}"},"query-input":{"@type":"PropertyValueSpecification","valueRequired":true,"valueName":"search_term_string"}}],"inLanguage":"es"},{"@type":"Organization","@id":"https:\/\/politicosaldesnudo.com.mx\/#organization","name":"Pol\u00edticos al Desnudo","url":"https:\/\/politicosaldesnudo.com.mx\/","logo":{"@type":"ImageObject","inLanguage":"es","@id":"https:\/\/politicosaldesnudo.com.mx\/#\/schema\/logo\/image\/","url":"https:\/\/i0.wp.com\/politicosaldesnudo.com.mx\/wp-content\/uploads\/2026\/08\/cropped-logo.webp?fit=400%2C126&ssl=1","contentUrl":"https:\/\/i0.wp.com\/politicosaldesnudo.com.mx\/wp-content\/uploads\/2026\/08\/cropped-logo.webp?fit=400%2C126&ssl=1","width":400,"height":126,"caption":"Pol\u00edticos al Desnudo"},"image":{"@id":"https:\/\/politicosaldesnudo.com.mx\/#\/schema\/logo\/image\/"},"sameAs":["https:\/\/www.facebook.com\/PoliticosAD"]},{"@type":"Person","@id":"https:\/\/politicosaldesnudo.com.mx\/#\/schema\/person\/ef3a64e561cc3f3f5dc52fab81adde7e","name":"Redacci\u00f3n Pol\u00edticos","url":"https:\/\/politicosaldesnudo.com.mx\/index.php\/author\/redaccion-politicos\/"}]}},"jetpack_publicize_connections":[],"jetpack-related-posts":[{"id":87759,"url":"https:\/\/politicosaldesnudo.com.mx\/index.php\/2026\/08\/15\/le-quitaron-la-visa-a-andy-y-se-sintio-secretario-de-estado-de-trump\/","url_meta":{"origin":38301,"position":0},"title":"Le quitaron la visa a Andy\u2026 y se sinti\u00f3 secretario de Estado de Trump","author":"Redacci\u00f3n Pol\u00edticos","date":"15 de agosto de 2026","format":false,"excerpt":"COLUMNA: LA LIBRETA DE LA EDITORA Hay gente que cuando le cancelan una visa pregunta: \u201c\u00bfY ahora por qu\u00e9?\u201d. Y hay otro tipo de gente que, cuando le cancelan la visa, le escribe al presidente del pa\u00eds para decirle c\u00f3mo debe manejar su gobierno. Andy L\u00f3pez Beltr\u00e1n, evidentemente, pertenece al\u2026","rel":"","context":"En \u00abOPINI\u00d3N\u00bb","block_context":{"text":"OPINI\u00d3N","link":"https:\/\/politicosaldesnudo.com.mx\/index.php\/category\/columnistas\/"},"img":{"alt_text":"","src":"https:\/\/i0.wp.com\/politicosaldesnudo.com.mx\/wp-content\/uploads\/2026\/08\/COLUMNISTAS-PAD.png?fit=1200%2C659&ssl=1&resize=350%2C200","width":350,"height":200,"srcset":"https:\/\/i0.wp.com\/politicosaldesnudo.com.mx\/wp-content\/uploads\/2026\/08\/COLUMNISTAS-PAD.png?fit=1200%2C659&ssl=1&resize=350%2C200 1x, https:\/\/i0.wp.com\/politicosaldesnudo.com.mx\/wp-content\/uploads\/2026\/08\/COLUMNISTAS-PAD.png?fit=1200%2C659&ssl=1&resize=525%2C300 1.5x, https:\/\/i0.wp.com\/politicosaldesnudo.com.mx\/wp-content\/uploads\/2026\/08\/COLUMNISTAS-PAD.png?fit=1200%2C659&ssl=1&resize=700%2C400 2x, https:\/\/i0.wp.com\/politicosaldesnudo.com.mx\/wp-content\/uploads\/2026\/08\/COLUMNISTAS-PAD.png?fit=1200%2C659&ssl=1&resize=1050%2C600 3x"},"classes":[]},{"id":58935,"url":"https:\/\/politicosaldesnudo.com.mx\/index.php\/2025\/03\/17\/la-gran-hipocresia\/","url_meta":{"origin":38301,"position":1},"title":"LA GRAN HIPOCRES\u00cdA","author":"Redacci\u00f3n Pol\u00edticos","date":"17 de marzo de 2025","format":false,"excerpt":"El descubrimiento por parte de las \u201cmadres buscadoras\u201d de Jalisco, del campo de exterminio ubicado en el Rancho Izaguirre, exhibe la gran hipocres\u00eda que se practica respecto a la violencia criminal en M\u00e9xico. El Rancho Izaguirre ya hab\u00eda sido intervenido en septiembre pasado por una operaci\u00f3n conjunta entre la Fiscal\u00eda\u2026","rel":"","context":"En \u00abOPINI\u00d3N\u00bb","block_context":{"text":"OPINI\u00d3N","link":"https:\/\/politicosaldesnudo.com.mx\/index.php\/category\/columnistas\/"},"img":{"alt_text":"","src":"https:\/\/i0.wp.com\/politicosaldesnudo.com.mx\/wp-content\/uploads\/2024\/10\/RICARDO-HOMS.jpg?fit=800%2C447&ssl=1&resize=350%2C200","width":350,"height":200,"srcset":"https:\/\/i0.wp.com\/politicosaldesnudo.com.mx\/wp-content\/uploads\/2024\/10\/RICARDO-HOMS.jpg?fit=800%2C447&ssl=1&resize=350%2C200 1x, https:\/\/i0.wp.com\/politicosaldesnudo.com.mx\/wp-content\/uploads\/2024\/10\/RICARDO-HOMS.jpg?fit=800%2C447&ssl=1&resize=525%2C300 1.5x, https:\/\/i0.wp.com\/politicosaldesnudo.com.mx\/wp-content\/uploads\/2024\/10\/RICARDO-HOMS.jpg?fit=800%2C447&ssl=1&resize=700%2C400 2x"},"classes":[]},{"id":87649,"url":"https:\/\/politicosaldesnudo.com.mx\/index.php\/2026\/08\/11\/pago-para-que-me-aplaudan\/","url_meta":{"origin":38301,"position":2},"title":"Pago para que me aplaudan","author":"Redacci\u00f3n Pol\u00edticos","date":"11 de agosto de 2026","format":false,"excerpt":"R\u00fabrica Por Aurelio Contreras Moreno Hace m\u00e1s de 40 a\u00f1os, el entonces presidente Jos\u00e9 L\u00f3pez Portillo sintetiz\u00f3 en una frase una de las formas m\u00e1s autoritarias, patrimonialistas y perversas de entender la relaci\u00f3n entre el poder p\u00fablico y la prensa: \u201cno pago para que me peguen\u201d, en relaci\u00f3n con su\u2026","rel":"","context":"En \u00abOPINI\u00d3N\u00bb","block_context":{"text":"OPINI\u00d3N","link":"https:\/\/politicosaldesnudo.com.mx\/index.php\/category\/columnistas\/"},"img":{"alt_text":"","src":"https:\/\/i0.wp.com\/politicosaldesnudo.com.mx\/wp-content\/uploads\/2026\/08\/AURELIO-CONTRERAS-MORENO.png?fit=1200%2C658&ssl=1&resize=350%2C200","width":350,"height":200,"srcset":"https:\/\/i0.wp.com\/politicosaldesnudo.com.mx\/wp-content\/uploads\/2026\/08\/AURELIO-CONTRERAS-MORENO.png?fit=1200%2C658&ssl=1&resize=350%2C200 1x, https:\/\/i0.wp.com\/politicosaldesnudo.com.mx\/wp-content\/uploads\/2026\/08\/AURELIO-CONTRERAS-MORENO.png?fit=1200%2C658&ssl=1&resize=525%2C300 1.5x, https:\/\/i0.wp.com\/politicosaldesnudo.com.mx\/wp-content\/uploads\/2026\/08\/AURELIO-CONTRERAS-MORENO.png?fit=1200%2C658&ssl=1&resize=700%2C400 2x, https:\/\/i0.wp.com\/politicosaldesnudo.com.mx\/wp-content\/uploads\/2026\/08\/AURELIO-CONTRERAS-MORENO.png?fit=1200%2C658&ssl=1&resize=1050%2C600 3x"},"classes":[]},{"id":87906,"url":"https:\/\/politicosaldesnudo.com.mx\/index.php\/2026\/08\/19\/augurio-por-cumplir\/","url_meta":{"origin":38301,"position":3},"title":"AUGURIO POR CUMPLIR","author":"Redacci\u00f3n Pol\u00edticos","date":"19 de agosto de 2026","format":false,"excerpt":"Por: Lic. Alberto Woolrich Ortiz Los fundadores y l\u00edderes del Movimiento de Regeneraci\u00f3n Nacional (MORENA) repitieron y adecuaron a su manera de gobernar aquella frase expresada por Agripina a los caldeos cuando \u00e9stos le anunciaron que dar\u00eda a luz a un hijo emperador, pero el cual con posterioridad privar\u00eda de\u2026","rel":"","context":"En \u00abOPINI\u00d3N\u00bb","block_context":{"text":"OPINI\u00d3N","link":"https:\/\/politicosaldesnudo.com.mx\/index.php\/category\/columnistas\/"},"img":{"alt_text":"","src":"https:\/\/i0.wp.com\/politicosaldesnudo.com.mx\/wp-content\/uploads\/2026\/08\/COLUMNISTAS-PAD-4-scaled.png?fit=1200%2C659&ssl=1&resize=350%2C200","width":350,"height":200,"srcset":"https:\/\/i0.wp.com\/politicosaldesnudo.com.mx\/wp-content\/uploads\/2026\/08\/COLUMNISTAS-PAD-4-scaled.png?fit=1200%2C659&ssl=1&resize=350%2C200 1x, https:\/\/i0.wp.com\/politicosaldesnudo.com.mx\/wp-content\/uploads\/2026\/08\/COLUMNISTAS-PAD-4-scaled.png?fit=1200%2C659&ssl=1&resize=525%2C300 1.5x, https:\/\/i0.wp.com\/politicosaldesnudo.com.mx\/wp-content\/uploads\/2026\/08\/COLUMNISTAS-PAD-4-scaled.png?fit=1200%2C659&ssl=1&resize=700%2C400 2x, https:\/\/i0.wp.com\/politicosaldesnudo.com.mx\/wp-content\/uploads\/2026\/08\/COLUMNISTAS-PAD-4-scaled.png?fit=1200%2C659&ssl=1&resize=1050%2C600 3x"},"classes":[]},{"id":87295,"url":"https:\/\/politicosaldesnudo.com.mx\/index.php\/2026\/07\/27\/disciplina-no-es-violencia-el-vacio-en-las-escuelas-militarizadas-de-mexico\/","url_meta":{"origin":38301,"position":4},"title":"Disciplina no es violencia: el vac\u00edo en las escuelas militarizadas de M\u00e9xico","author":"Redacci\u00f3n Pol\u00edticos","date":"27 de julio de 2026","format":false,"excerpt":"Dafne Zapata ten\u00eda 13 a\u00f1os, la edad de la adolescencia, esa etapa donde muchas familias, en busca de disciplina o de nuevas alternativas para la formaci\u00f3n de sus hijas e hijos, consideran opciones distintas al modelo educativo tradicional. Entre ellas se encuentran las llamadas escuelas militarizadas, instituciones que ofrecen orden,\u2026","rel":"","context":"En \u00abOPINI\u00d3N\u00bb","block_context":{"text":"OPINI\u00d3N","link":"https:\/\/politicosaldesnudo.com.mx\/index.php\/category\/columnistas\/"},"img":{"alt_text":"","src":"https:\/\/i0.wp.com\/politicosaldesnudo.com.mx\/wp-content\/uploads\/2026\/01\/ZAIRA-ROSAS-1.jpg?fit=800%2C445&ssl=1&resize=350%2C200","width":350,"height":200,"srcset":"https:\/\/i0.wp.com\/politicosaldesnudo.com.mx\/wp-content\/uploads\/2026\/01\/ZAIRA-ROSAS-1.jpg?fit=800%2C445&ssl=1&resize=350%2C200 1x, https:\/\/i0.wp.com\/politicosaldesnudo.com.mx\/wp-content\/uploads\/2026\/01\/ZAIRA-ROSAS-1.jpg?fit=800%2C445&ssl=1&resize=525%2C300 1.5x, https:\/\/i0.wp.com\/politicosaldesnudo.com.mx\/wp-content\/uploads\/2026\/01\/ZAIRA-ROSAS-1.jpg?fit=800%2C445&ssl=1&resize=700%2C400 2x"},"classes":[]},{"id":87967,"url":"https:\/\/politicosaldesnudo.com.mx\/index.php\/2026\/08\/22\/mexico-extradita-a-argentina-a-presunto-lider-de-una-red-de-explotacion-sexual\/","url_meta":{"origin":38301,"position":5},"title":"M\u00e9xico extradita a Argentina a presunto l\u00edder de una red de explotaci\u00f3n sexual","author":"Redacci\u00f3n Pol\u00edticos","date":"22 de agosto de 2026","format":false,"excerpt":"Despu\u00e9s de una prolongada batalla judicial para evitar su traslado, Ra\u00fal \u201cN\u201d fue entregado por autoridades mexicanas a agentes de Argentina, donde es investigado por su presunta participaci\u00f3n en una organizaci\u00f3n dedicada a la trata de personas y al lavado de dinero. La operaci\u00f3n se realiz\u00f3 en el Aeropuerto Internacional\u2026","rel":"","context":"En \u00abINTERNACIONAL\u00bb","block_context":{"text":"INTERNACIONAL","link":"https:\/\/politicosaldesnudo.com.mx\/index.php\/category\/internacional\/"},"img":{"alt_text":"","src":"https:\/\/i0.wp.com\/politicosaldesnudo.com.mx\/wp-content\/uploads\/2026\/08\/fgr-entrega-a-argentina-a-presunto-tratante-de-personas-1200x675-1.webp?fit=1200%2C675&ssl=1&resize=350%2C200","width":350,"height":200,"srcset":"https:\/\/i0.wp.com\/politicosaldesnudo.com.mx\/wp-content\/uploads\/2026\/08\/fgr-entrega-a-argentina-a-presunto-tratante-de-personas-1200x675-1.webp?fit=1200%2C675&ssl=1&resize=350%2C200 1x, https:\/\/i0.wp.com\/politicosaldesnudo.com.mx\/wp-content\/uploads\/2026\/08\/fgr-entrega-a-argentina-a-presunto-tratante-de-personas-1200x675-1.webp?fit=1200%2C675&ssl=1&resize=525%2C300 1.5x, https:\/\/i0.wp.com\/politicosaldesnudo.com.mx\/wp-content\/uploads\/2026\/08\/fgr-entrega-a-argentina-a-presunto-tratante-de-personas-1200x675-1.webp?fit=1200%2C675&ssl=1&resize=700%2C400 2x, https:\/\/i0.wp.com\/politicosaldesnudo.com.mx\/wp-content\/uploads\/2026\/08\/fgr-entrega-a-argentina-a-presunto-tratante-de-personas-1200x675-1.webp?fit=1200%2C675&ssl=1&resize=1050%2C600 3x"},"classes":[]}],"jetpack_sharing_enabled":true,"jetpack_featured_media_url":"https:\/\/i0.wp.com\/politicosaldesnudo.com.mx\/wp-content\/uploads\/2023\/02\/P-MOISES-SANCHEZ-LIMON.png?fit=1816%2C1016&ssl=1","_links":{"self":[{"href":"https:\/\/politicosaldesnudo.com.mx\/index.php\/wp-json\/wp\/v2\/posts\/38301","targetHints":{"allow":["GET"]}}],"collection":[{"href":"https:\/\/politicosaldesnudo.com.mx\/index.php\/wp-json\/wp\/v2\/posts"}],"about":[{"href":"https:\/\/politicosaldesnudo.com.mx\/index.php\/wp-json\/wp\/v2\/types\/post"}],"author":[{"embeddable":true,"href":"https:\/\/politicosaldesnudo.com.mx\/index.php\/wp-json\/wp\/v2\/users\/4"}],"replies":[{"embeddable":true,"href":"https:\/\/politicosaldesnudo.com.mx\/index.php\/wp-json\/wp\/v2\/comments?post=38301"}],"version-history":[{"count":0,"href":"https:\/\/politicosaldesnudo.com.mx\/index.php\/wp-json\/wp\/v2\/posts\/38301\/revisions"}],"wp:featuredmedia":[{"embeddable":true,"href":"https:\/\/politicosaldesnudo.com.mx\/index.php\/wp-json\/wp\/v2\/media\/16109"}],"wp:attachment":[{"href":"https:\/\/politicosaldesnudo.com.mx\/index.php\/wp-json\/wp\/v2\/media?parent=38301"}],"wp:term":[{"taxonomy":"category","embeddable":true,"href":"https:\/\/politicosaldesnudo.com.mx\/index.php\/wp-json\/wp\/v2\/categories?post=38301"},{"taxonomy":"post_tag","embeddable":true,"href":"https:\/\/politicosaldesnudo.com.mx\/index.php\/wp-json\/wp\/v2\/tags?post=38301"}],"curies":[{"name":"wp","href":"https:\/\/api.w.org\/{rel}","templated":true}]}}