{"id":38496,"date":"2024-05-27T02:12:31","date_gmt":"2024-05-27T07:12:31","guid":{"rendered":"https:\/\/politicosaldesnudo.com.mx\/?p=38496"},"modified":"2024-05-27T02:12:31","modified_gmt":"2024-05-27T07:12:31","slug":"llama-iglesia-catolica-a-ejercer-sin-miedo-el-voto-este-2-de-junio","status":"publish","type":"post","link":"https:\/\/politicosaldesnudo.com.mx\/index.php\/2024\/05\/27\/llama-iglesia-catolica-a-ejercer-sin-miedo-el-voto-este-2-de-junio\/","title":{"rendered":"Llama Iglesia Cat\u00f3lica a ejercer sin miedo el voto este 2 de junio"},"content":{"rendered":"<div class=\"content-body clearfix \">\n<div id=\"content-body-225-11982126\">\n<p><span style=\"font-size: 14pt;\">\u201cNo tengamos miedo de salir a votar, no nos dejemos coaccionar por nadie, ni para votar ni para no salir a votar; ni para hacerlo por d\u00e1divas, amenazas o presiones de cualquier tipo\u201d, convoc\u00f3 la\u00a0Arquidi\u00f3cesis Primada de M\u00e9xico.<\/span><\/p>\n<p><span style=\"font-size: 14pt;\">\u201cTodos tenemos derecho a votar libremente; nuestro voto es secreto\u00a0y como tal, debe ser respetado plenamente\u201d, reiter\u00f3 al pueblo de M\u00e9xico, al exclamar \u00a1A vencer el abstencionismo! \u00a1Vayamos todos a votar!<\/span><\/p>\n<\/div>\n<\/div>\n<article class=\"content-continued-body clearfix \">\n<div id=\"content-body-5851641-11982126\">\n<p><span style=\"font-size: 14pt;\">La iglesia cat\u00f3lica consider\u00f3 que no hay candidato perfecto, \u201cpero podemos\u00a0informarnos bien para decidir,\u00a0y una buena manera de hacerlo es evaluar a los candidatos en funci\u00f3n de sus posturas respecto a democracia, gobierno, libertad, honestidad, vida, desarrollo y sociedad civil\u201d.<\/span><\/p>\n<p><span style=\"font-size: 14pt;\">En el editorial titulado\u00a0\u201cLa hora de los ciudadanos: vayamos todos a votar\u201d,\u00a0publicado en la revista cat\u00f3lica web Desde la Fe, resalt\u00f3 que la democracia es la forma de vivir pac\u00edficamente nuestras diferencias. Salgamos a votar a favor de nuestras convicciones.<\/span><\/p>\n<p><span style=\"font-size: 14pt;\">La Arquidi\u00f3cesis de M\u00e9xico llam\u00f3 a todos los ciudadanos con posibilidad de hacerlo, a salir a votar de manera consciente y razonada; con libertad, pero con coherencia y con un buen discernimiento que permita diferenciar entre las promesas falsas y reales.<\/span><\/p>\n<p><span style=\"font-size: 14pt;\">Record\u00f3 que el pr\u00f3ximo domingo\u00a02 de junio\u00a0es el d\u00eda se\u00f1alado para que la ciudadan\u00eda exprese sus decisiones en torno a la elecci\u00f3n del nuevo presidente de M\u00e9xico, legisladores federales, algunos gobernadores y congresos estatales, alcaldes capitalinos, presidentes municipales y muchos otros cargos populares a nivel nacional: m\u00e1s de\u00a020 mil en total.<\/span><\/p>\n<h2><span style=\"font-size: 14pt;\">Llama a tomar decisiones sin miedo y sin violencia<\/span><\/h2>\n<p><span style=\"font-size: 14pt;\">La sede eclesi\u00e1stica capitalina indic\u00f3 que durante dos meses \u201chemos escuchado las propuestas pol\u00edticas y ahora ha llegado el momento de tomar decisiones, sin miedo, como nos ha pedido la Conferencia del Episcopado Mexicano (CEM)\u201d.<\/span><\/p>\n<p><span style=\"font-size: 14pt;\">Pidi\u00f3 no dejar atr\u00e1s las consideraciones que los candidatos tengan en temas como combate a la violencia, medio ambiente, educaci\u00f3n, salud y legalidad.<\/span><\/p>\n<p><span style=\"font-size: 14pt;\">La democracia es la forma de vivir pac\u00edficamente nuestras diferencias. Salgamos a votar a favor de nuestras convicciones, y no s\u00f3lo por nuestros prejuicios, resalt\u00f3.<\/span><\/p>\n<\/div>\n<\/article>\n","protected":false},"excerpt":{"rendered":"<p>\u201cNo tengamos miedo de salir a votar, no nos dejemos coaccionar por nadie, ni para votar ni para no salir [&hellip;]<\/p>\n","protected":false},"author":4,"featured_media":38497,"comment_status":"closed","ping_status":"closed","sticky":false,"template":"","format":"standard","meta":{"site-sidebar-layout":"default","site-content-layout":"","ast-site-content-layout":"default","site-content-style":"default","site-sidebar-style":"default","ast-global-header-display":"","ast-banner-title-visibility":"","ast-main-header-display":"","ast-hfb-above-header-display":"","ast-hfb-below-header-display":"","ast-hfb-mobile-header-display":"","site-post-title":"","ast-breadcrumbs-content":"","ast-featured-img":"","footer-sml-layout":"","ast-disable-related-posts":"","theme-transparent-header-meta":"","adv-header-id-meta":"","stick-header-meta":"","header-above-stick-meta":"","header-main-stick-meta":"","header-below-stick-meta":"","astra-migrate-meta-layouts":"default","ast-page-background-enabled":"default","ast-page-background-meta":{"desktop":{"background-color":"var(--ast-global-color-5)","background-image":"","background-repeat":"repeat","background-position":"center center","background-size":"auto","background-attachment":"scroll","background-type":"","background-media":"","overlay-type":"","overlay-color":"","overlay-opacity":"","overlay-gradient":""},"tablet":{"background-color":"","background-image":"","background-repeat":"repeat","background-position":"center center","background-size":"auto","background-attachment":"scroll","background-type":"","background-media":"","overlay-type":"","overlay-color":"","overlay-opacity":"","overlay-gradient":""},"mobile":{"background-color":"","background-image":"","background-repeat":"repeat","background-position":"center center","background-size":"auto","background-attachment":"scroll","background-type":"","background-media":"","overlay-type":"","overlay-color":"","overlay-opacity":"","overlay-gradient":""}},"ast-content-background-meta":{"desktop":{"background-color":"var(--ast-global-color-4)","background-image":"","background-repeat":"repeat","background-position":"center center","background-size":"auto","background-attachment":"scroll","background-type":"","background-media":"","overlay-type":"","overlay-color":"","overlay-opacity":"","overlay-gradient":""},"tablet":{"background-color":"var(--ast-global-color-4)","background-image":"","background-repeat":"repeat","background-position":"center center","background-size":"auto","background-attachment":"scroll","background-type":"","background-media":"","overlay-type":"","overlay-color":"","overlay-opacity":"","overlay-gradient":""},"mobile":{"background-color":"var(--ast-global-color-4)","background-image":"","background-repeat":"repeat","background-position":"center center","background-size":"auto","background-attachment":"scroll","background-type":"","background-media":"","overlay-type":"","overlay-color":"","overlay-opacity":"","overlay-gradient":""}},"_jetpack_newsletter_access":"","_jetpack_dont_email_post_to_subs":false,"_jetpack_newsletter_tier_id":0,"_jetpack_memberships_contains_paywalled_content":false,"_jetpack_feature_clip_id":0,"_jetpack_memberships_contains_paid_content":false,"footnotes":"","jetpack_publicize_message":"","jetpack_publicize_feature_enabled":true,"jetpack_social_post_already_shared":false,"jetpack_social_options":{"image_generator_settings":{"template":"highway","default_image_id":0,"font":"","enabled":false},"version":2},"jetpack_post_was_ever_published":false},"categories":[33],"tags":[568,859],"class_list":["post-38496","post","type-post","status-publish","format-standard","has-post-thumbnail","hentry","category-nacional","tag-iglesia","tag-voto"],"yoast_head":"<!-- This site is optimized with the Yoast SEO plugin v28.3 - https:\/\/yoast.com\/product\/yoast-seo-wordpress\/ -->\n<title>Llama Iglesia Cat\u00f3lica a ejercer sin miedo el voto este 2 de junio - Pol\u00edticos al Desnudo<\/title>\n<meta name=\"robots\" content=\"index, follow, max-snippet:-1, max-image-preview:large, max-video-preview:-1\" \/>\n<link rel=\"canonical\" href=\"https:\/\/politicosaldesnudo.com.mx\/index.php\/2024\/05\/27\/llama-iglesia-catolica-a-ejercer-sin-miedo-el-voto-este-2-de-junio\/\" \/>\n<meta property=\"og:locale\" content=\"es_ES\" \/>\n<meta property=\"og:type\" content=\"article\" \/>\n<meta property=\"og:title\" content=\"Llama Iglesia Cat\u00f3lica a ejercer sin miedo el voto este 2 de junio - Pol\u00edticos al Desnudo\" \/>\n<meta property=\"og:description\" content=\"\u201cNo tengamos miedo de salir a votar, no nos dejemos coaccionar por nadie, ni para votar ni para no salir [&hellip;]\" \/>\n<meta property=\"og:url\" content=\"https:\/\/politicosaldesnudo.com.mx\/index.php\/2024\/05\/27\/llama-iglesia-catolica-a-ejercer-sin-miedo-el-voto-este-2-de-junio\/\" \/>\n<meta property=\"og:site_name\" content=\"Pol\u00edticos al Desnudo\" \/>\n<meta property=\"article:publisher\" content=\"https:\/\/www.facebook.com\/PoliticosAD\" \/>\n<meta property=\"article:published_time\" content=\"2024-05-27T07:12:31+00:00\" \/>\n<meta property=\"og:image\" content=\"https:\/\/i0.wp.com\/politicosaldesnudo.com.mx\/wp-content\/uploads\/2024\/05\/ramon-castro-castro-cem.jpg?fit=1140%2C712&ssl=1\" \/>\n\t<meta property=\"og:image:width\" content=\"1140\" \/>\n\t<meta property=\"og:image:height\" content=\"712\" \/>\n\t<meta property=\"og:image:type\" content=\"image\/jpeg\" \/>\n<meta name=\"author\" content=\"Redacci\u00f3n Pol\u00edticos\" \/>\n<meta name=\"twitter:card\" content=\"summary_large_image\" \/>\n<meta name=\"twitter:label1\" content=\"Escrito por\" \/>\n\t<meta name=\"twitter:data1\" content=\"Redacci\u00f3n Pol\u00edticos\" \/>\n\t<meta name=\"twitter:label2\" content=\"Tiempo de lectura\" \/>\n\t<meta name=\"twitter:data2\" content=\"2 minutos\" \/>\n<script type=\"application\/ld+json\" class=\"yoast-schema-graph\">{\"@context\":\"https:\\\/\\\/schema.org\",\"@graph\":[{\"@type\":\"Article\",\"@id\":\"https:\\\/\\\/politicosaldesnudo.com.mx\\\/index.php\\\/2024\\\/05\\\/27\\\/llama-iglesia-catolica-a-ejercer-sin-miedo-el-voto-este-2-de-junio\\\/#article\",\"isPartOf\":{\"@id\":\"https:\\\/\\\/politicosaldesnudo.com.mx\\\/index.php\\\/2024\\\/05\\\/27\\\/llama-iglesia-catolica-a-ejercer-sin-miedo-el-voto-este-2-de-junio\\\/\"},\"author\":{\"name\":\"Redacci\u00f3n Pol\u00edticos\",\"@id\":\"https:\\\/\\\/politicosaldesnudo.com.mx\\\/#\\\/schema\\\/person\\\/ef3a64e561cc3f3f5dc52fab81adde7e\"},\"headline\":\"Llama Iglesia Cat\u00f3lica a ejercer sin miedo el voto este 2 de junio\",\"datePublished\":\"2024-05-27T07:12:31+00:00\",\"mainEntityOfPage\":{\"@id\":\"https:\\\/\\\/politicosaldesnudo.com.mx\\\/index.php\\\/2024\\\/05\\\/27\\\/llama-iglesia-catolica-a-ejercer-sin-miedo-el-voto-este-2-de-junio\\\/\"},\"wordCount\":376,\"publisher\":{\"@id\":\"https:\\\/\\\/politicosaldesnudo.com.mx\\\/#organization\"},\"image\":{\"@id\":\"https:\\\/\\\/politicosaldesnudo.com.mx\\\/index.php\\\/2024\\\/05\\\/27\\\/llama-iglesia-catolica-a-ejercer-sin-miedo-el-voto-este-2-de-junio\\\/#primaryimage\"},\"thumbnailUrl\":\"https:\\\/\\\/i0.wp.com\\\/politicosaldesnudo.com.mx\\\/wp-content\\\/uploads\\\/2024\\\/05\\\/ramon-castro-castro-cem.jpg?fit=1140%2C712&ssl=1\",\"keywords\":[\"IGLESIA\",\"VOTO\"],\"articleSection\":[\"NACIONAL\"],\"inLanguage\":\"es\"},{\"@type\":\"WebPage\",\"@id\":\"https:\\\/\\\/politicosaldesnudo.com.mx\\\/index.php\\\/2024\\\/05\\\/27\\\/llama-iglesia-catolica-a-ejercer-sin-miedo-el-voto-este-2-de-junio\\\/\",\"url\":\"https:\\\/\\\/politicosaldesnudo.com.mx\\\/index.php\\\/2024\\\/05\\\/27\\\/llama-iglesia-catolica-a-ejercer-sin-miedo-el-voto-este-2-de-junio\\\/\",\"name\":\"Llama Iglesia Cat\u00f3lica a ejercer sin miedo el voto este 2 de junio - Pol\u00edticos al Desnudo\",\"isPartOf\":{\"@id\":\"https:\\\/\\\/politicosaldesnudo.com.mx\\\/#website\"},\"primaryImageOfPage\":{\"@id\":\"https:\\\/\\\/politicosaldesnudo.com.mx\\\/index.php\\\/2024\\\/05\\\/27\\\/llama-iglesia-catolica-a-ejercer-sin-miedo-el-voto-este-2-de-junio\\\/#primaryimage\"},\"image\":{\"@id\":\"https:\\\/\\\/politicosaldesnudo.com.mx\\\/index.php\\\/2024\\\/05\\\/27\\\/llama-iglesia-catolica-a-ejercer-sin-miedo-el-voto-este-2-de-junio\\\/#primaryimage\"},\"thumbnailUrl\":\"https:\\\/\\\/i0.wp.com\\\/politicosaldesnudo.com.mx\\\/wp-content\\\/uploads\\\/2024\\\/05\\\/ramon-castro-castro-cem.jpg?fit=1140%2C712&ssl=1\",\"datePublished\":\"2024-05-27T07:12:31+00:00\",\"breadcrumb\":{\"@id\":\"https:\\\/\\\/politicosaldesnudo.com.mx\\\/index.php\\\/2024\\\/05\\\/27\\\/llama-iglesia-catolica-a-ejercer-sin-miedo-el-voto-este-2-de-junio\\\/#breadcrumb\"},\"inLanguage\":\"es\",\"potentialAction\":[{\"@type\":\"ReadAction\",\"target\":[\"https:\\\/\\\/politicosaldesnudo.com.mx\\\/index.php\\\/2024\\\/05\\\/27\\\/llama-iglesia-catolica-a-ejercer-sin-miedo-el-voto-este-2-de-junio\\\/\"]}]},{\"@type\":\"ImageObject\",\"inLanguage\":\"es\",\"@id\":\"https:\\\/\\\/politicosaldesnudo.com.mx\\\/index.php\\\/2024\\\/05\\\/27\\\/llama-iglesia-catolica-a-ejercer-sin-miedo-el-voto-este-2-de-junio\\\/#primaryimage\",\"url\":\"https:\\\/\\\/i0.wp.com\\\/politicosaldesnudo.com.mx\\\/wp-content\\\/uploads\\\/2024\\\/05\\\/ramon-castro-castro-cem.jpg?fit=1140%2C712&ssl=1\",\"contentUrl\":\"https:\\\/\\\/i0.wp.com\\\/politicosaldesnudo.com.mx\\\/wp-content\\\/uploads\\\/2024\\\/05\\\/ramon-castro-castro-cem.jpg?fit=1140%2C712&ssl=1\",\"width\":1140,\"height\":712},{\"@type\":\"BreadcrumbList\",\"@id\":\"https:\\\/\\\/politicosaldesnudo.com.mx\\\/index.php\\\/2024\\\/05\\\/27\\\/llama-iglesia-catolica-a-ejercer-sin-miedo-el-voto-este-2-de-junio\\\/#breadcrumb\",\"itemListElement\":[{\"@type\":\"ListItem\",\"position\":1,\"name\":\"Portada\",\"item\":\"https:\\\/\\\/politicosaldesnudo.com.mx\\\/\"},{\"@type\":\"ListItem\",\"position\":2,\"name\":\"Llama Iglesia Cat\u00f3lica a ejercer sin miedo el voto este 2 de junio\"}]},{\"@type\":\"WebSite\",\"@id\":\"https:\\\/\\\/politicosaldesnudo.com.mx\\\/#website\",\"url\":\"https:\\\/\\\/politicosaldesnudo.com.mx\\\/\",\"name\":\"Pol\u00edticos al Desnudo\",\"description\":\"\",\"publisher\":{\"@id\":\"https:\\\/\\\/politicosaldesnudo.com.mx\\\/#organization\"},\"potentialAction\":[{\"@type\":\"SearchAction\",\"target\":{\"@type\":\"EntryPoint\",\"urlTemplate\":\"https:\\\/\\\/politicosaldesnudo.com.mx\\\/?s={search_term_string}\"},\"query-input\":{\"@type\":\"PropertyValueSpecification\",\"valueRequired\":true,\"valueName\":\"search_term_string\"}}],\"inLanguage\":\"es\"},{\"@type\":\"Organization\",\"@id\":\"https:\\\/\\\/politicosaldesnudo.com.mx\\\/#organization\",\"name\":\"Pol\u00edticos al Desnudo\",\"url\":\"https:\\\/\\\/politicosaldesnudo.com.mx\\\/\",\"logo\":{\"@type\":\"ImageObject\",\"inLanguage\":\"es\",\"@id\":\"https:\\\/\\\/politicosaldesnudo.com.mx\\\/#\\\/schema\\\/logo\\\/image\\\/\",\"url\":\"https:\\\/\\\/i0.wp.com\\\/politicosaldesnudo.com.mx\\\/wp-content\\\/uploads\\\/2026\\\/08\\\/cropped-logo.webp?fit=400%2C126&ssl=1\",\"contentUrl\":\"https:\\\/\\\/i0.wp.com\\\/politicosaldesnudo.com.mx\\\/wp-content\\\/uploads\\\/2026\\\/08\\\/cropped-logo.webp?fit=400%2C126&ssl=1\",\"width\":400,\"height\":126,\"caption\":\"Pol\u00edticos al Desnudo\"},\"image\":{\"@id\":\"https:\\\/\\\/politicosaldesnudo.com.mx\\\/#\\\/schema\\\/logo\\\/image\\\/\"},\"sameAs\":[\"https:\\\/\\\/www.facebook.com\\\/PoliticosAD\"]},{\"@type\":\"Person\",\"@id\":\"https:\\\/\\\/politicosaldesnudo.com.mx\\\/#\\\/schema\\\/person\\\/ef3a64e561cc3f3f5dc52fab81adde7e\",\"name\":\"Redacci\u00f3n Pol\u00edticos\",\"url\":\"https:\\\/\\\/politicosaldesnudo.com.mx\\\/index.php\\\/author\\\/redaccion-politicos\\\/\"}]}<\/script>\n<!-- \/ Yoast SEO plugin. -->","yoast_head_json":{"title":"Llama Iglesia Cat\u00f3lica a ejercer sin miedo el voto este 2 de junio - Pol\u00edticos al Desnudo","robots":{"index":"index","follow":"follow","max-snippet":"max-snippet:-1","max-image-preview":"max-image-preview:large","max-video-preview":"max-video-preview:-1"},"canonical":"https:\/\/politicosaldesnudo.com.mx\/index.php\/2024\/05\/27\/llama-iglesia-catolica-a-ejercer-sin-miedo-el-voto-este-2-de-junio\/","og_locale":"es_ES","og_type":"article","og_title":"Llama Iglesia Cat\u00f3lica a ejercer sin miedo el voto este 2 de junio - Pol\u00edticos al Desnudo","og_description":"\u201cNo tengamos miedo de salir a votar, no nos dejemos coaccionar por nadie, ni para votar ni para no salir [&hellip;]","og_url":"https:\/\/politicosaldesnudo.com.mx\/index.php\/2024\/05\/27\/llama-iglesia-catolica-a-ejercer-sin-miedo-el-voto-este-2-de-junio\/","og_site_name":"Pol\u00edticos al Desnudo","article_publisher":"https:\/\/www.facebook.com\/PoliticosAD","article_published_time":"2024-05-27T07:12:31+00:00","og_image":[{"width":1140,"height":712,"url":"https:\/\/i0.wp.com\/politicosaldesnudo.com.mx\/wp-content\/uploads\/2024\/05\/ramon-castro-castro-cem.jpg?fit=1140%2C712&ssl=1","type":"image\/jpeg"}],"author":"Redacci\u00f3n Pol\u00edticos","twitter_card":"summary_large_image","twitter_misc":{"Escrito por":"Redacci\u00f3n Pol\u00edticos","Tiempo de lectura":"2 minutos"},"schema":{"@context":"https:\/\/schema.org","@graph":[{"@type":"Article","@id":"https:\/\/politicosaldesnudo.com.mx\/index.php\/2024\/05\/27\/llama-iglesia-catolica-a-ejercer-sin-miedo-el-voto-este-2-de-junio\/#article","isPartOf":{"@id":"https:\/\/politicosaldesnudo.com.mx\/index.php\/2024\/05\/27\/llama-iglesia-catolica-a-ejercer-sin-miedo-el-voto-este-2-de-junio\/"},"author":{"name":"Redacci\u00f3n Pol\u00edticos","@id":"https:\/\/politicosaldesnudo.com.mx\/#\/schema\/person\/ef3a64e561cc3f3f5dc52fab81adde7e"},"headline":"Llama Iglesia Cat\u00f3lica a ejercer sin miedo el voto este 2 de junio","datePublished":"2024-05-27T07:12:31+00:00","mainEntityOfPage":{"@id":"https:\/\/politicosaldesnudo.com.mx\/index.php\/2024\/05\/27\/llama-iglesia-catolica-a-ejercer-sin-miedo-el-voto-este-2-de-junio\/"},"wordCount":376,"publisher":{"@id":"https:\/\/politicosaldesnudo.com.mx\/#organization"},"image":{"@id":"https:\/\/politicosaldesnudo.com.mx\/index.php\/2024\/05\/27\/llama-iglesia-catolica-a-ejercer-sin-miedo-el-voto-este-2-de-junio\/#primaryimage"},"thumbnailUrl":"https:\/\/i0.wp.com\/politicosaldesnudo.com.mx\/wp-content\/uploads\/2024\/05\/ramon-castro-castro-cem.jpg?fit=1140%2C712&ssl=1","keywords":["IGLESIA","VOTO"],"articleSection":["NACIONAL"],"inLanguage":"es"},{"@type":"WebPage","@id":"https:\/\/politicosaldesnudo.com.mx\/index.php\/2024\/05\/27\/llama-iglesia-catolica-a-ejercer-sin-miedo-el-voto-este-2-de-junio\/","url":"https:\/\/politicosaldesnudo.com.mx\/index.php\/2024\/05\/27\/llama-iglesia-catolica-a-ejercer-sin-miedo-el-voto-este-2-de-junio\/","name":"Llama Iglesia Cat\u00f3lica a ejercer sin miedo el voto este 2 de junio - Pol\u00edticos al Desnudo","isPartOf":{"@id":"https:\/\/politicosaldesnudo.com.mx\/#website"},"primaryImageOfPage":{"@id":"https:\/\/politicosaldesnudo.com.mx\/index.php\/2024\/05\/27\/llama-iglesia-catolica-a-ejercer-sin-miedo-el-voto-este-2-de-junio\/#primaryimage"},"image":{"@id":"https:\/\/politicosaldesnudo.com.mx\/index.php\/2024\/05\/27\/llama-iglesia-catolica-a-ejercer-sin-miedo-el-voto-este-2-de-junio\/#primaryimage"},"thumbnailUrl":"https:\/\/i0.wp.com\/politicosaldesnudo.com.mx\/wp-content\/uploads\/2024\/05\/ramon-castro-castro-cem.jpg?fit=1140%2C712&ssl=1","datePublished":"2024-05-27T07:12:31+00:00","breadcrumb":{"@id":"https:\/\/politicosaldesnudo.com.mx\/index.php\/2024\/05\/27\/llama-iglesia-catolica-a-ejercer-sin-miedo-el-voto-este-2-de-junio\/#breadcrumb"},"inLanguage":"es","potentialAction":[{"@type":"ReadAction","target":["https:\/\/politicosaldesnudo.com.mx\/index.php\/2024\/05\/27\/llama-iglesia-catolica-a-ejercer-sin-miedo-el-voto-este-2-de-junio\/"]}]},{"@type":"ImageObject","inLanguage":"es","@id":"https:\/\/politicosaldesnudo.com.mx\/index.php\/2024\/05\/27\/llama-iglesia-catolica-a-ejercer-sin-miedo-el-voto-este-2-de-junio\/#primaryimage","url":"https:\/\/i0.wp.com\/politicosaldesnudo.com.mx\/wp-content\/uploads\/2024\/05\/ramon-castro-castro-cem.jpg?fit=1140%2C712&ssl=1","contentUrl":"https:\/\/i0.wp.com\/politicosaldesnudo.com.mx\/wp-content\/uploads\/2024\/05\/ramon-castro-castro-cem.jpg?fit=1140%2C712&ssl=1","width":1140,"height":712},{"@type":"BreadcrumbList","@id":"https:\/\/politicosaldesnudo.com.mx\/index.php\/2024\/05\/27\/llama-iglesia-catolica-a-ejercer-sin-miedo-el-voto-este-2-de-junio\/#breadcrumb","itemListElement":[{"@type":"ListItem","position":1,"name":"Portada","item":"https:\/\/politicosaldesnudo.com.mx\/"},{"@type":"ListItem","position":2,"name":"Llama Iglesia Cat\u00f3lica a ejercer sin miedo el voto este 2 de junio"}]},{"@type":"WebSite","@id":"https:\/\/politicosaldesnudo.com.mx\/#website","url":"https:\/\/politicosaldesnudo.com.mx\/","name":"Pol\u00edticos al Desnudo","description":"","publisher":{"@id":"https:\/\/politicosaldesnudo.com.mx\/#organization"},"potentialAction":[{"@type":"SearchAction","target":{"@type":"EntryPoint","urlTemplate":"https:\/\/politicosaldesnudo.com.mx\/?s={search_term_string}"},"query-input":{"@type":"PropertyValueSpecification","valueRequired":true,"valueName":"search_term_string"}}],"inLanguage":"es"},{"@type":"Organization","@id":"https:\/\/politicosaldesnudo.com.mx\/#organization","name":"Pol\u00edticos al Desnudo","url":"https:\/\/politicosaldesnudo.com.mx\/","logo":{"@type":"ImageObject","inLanguage":"es","@id":"https:\/\/politicosaldesnudo.com.mx\/#\/schema\/logo\/image\/","url":"https:\/\/i0.wp.com\/politicosaldesnudo.com.mx\/wp-content\/uploads\/2026\/08\/cropped-logo.webp?fit=400%2C126&ssl=1","contentUrl":"https:\/\/i0.wp.com\/politicosaldesnudo.com.mx\/wp-content\/uploads\/2026\/08\/cropped-logo.webp?fit=400%2C126&ssl=1","width":400,"height":126,"caption":"Pol\u00edticos al Desnudo"},"image":{"@id":"https:\/\/politicosaldesnudo.com.mx\/#\/schema\/logo\/image\/"},"sameAs":["https:\/\/www.facebook.com\/PoliticosAD"]},{"@type":"Person","@id":"https:\/\/politicosaldesnudo.com.mx\/#\/schema\/person\/ef3a64e561cc3f3f5dc52fab81adde7e","name":"Redacci\u00f3n Pol\u00edticos","url":"https:\/\/politicosaldesnudo.com.mx\/index.php\/author\/redaccion-politicos\/"}]}},"jetpack_publicize_connections":[],"jetpack-related-posts":[{"id":88010,"url":"https:\/\/politicosaldesnudo.com.mx\/index.php\/2026\/08\/24\/la-soberbia-institucional-como-antesala-del-castigo-electoral\/","url_meta":{"origin":38496,"position":0},"title":"La soberbia institucional como antesala del castigo electoral","author":"Redacci\u00f3n Pol\u00edticos","date":"24 de agosto de 2026","format":false,"excerpt":"Una Opini\u00f3n Alternativa. Un an\u00e1lisis de la Antipat\u00eda pol\u00edtica de la Presidenta Claudia Sheinbaum ante la Clase Media. Por. Carlos O. Silva Bandala. DESGASTE EN LA CIMA\u2026 APROVACION DE LA PRESIDENTA SHEINBAUM: 2025-80%... 2026\u201359%... 21% MENOS. MORENA: PREFERENCIA EN INTENCION DE VOTO 34%-2026. En Psicolog\u00eda, la ANTIPAT\u00cdA no es simplemente\u2026","rel":"","context":"En \u00abOPINI\u00d3N\u00bb","block_context":{"text":"OPINI\u00d3N","link":"https:\/\/politicosaldesnudo.com.mx\/index.php\/category\/columnistas\/"},"img":{"alt_text":"","src":"https:\/\/i0.wp.com\/politicosaldesnudo.com.mx\/wp-content\/uploads\/2026\/08\/silva-2408-scaled.png?fit=1200%2C659&ssl=1&resize=350%2C200","width":350,"height":200,"srcset":"https:\/\/i0.wp.com\/politicosaldesnudo.com.mx\/wp-content\/uploads\/2026\/08\/silva-2408-scaled.png?fit=1200%2C659&ssl=1&resize=350%2C200 1x, https:\/\/i0.wp.com\/politicosaldesnudo.com.mx\/wp-content\/uploads\/2026\/08\/silva-2408-scaled.png?fit=1200%2C659&ssl=1&resize=525%2C300 1.5x, https:\/\/i0.wp.com\/politicosaldesnudo.com.mx\/wp-content\/uploads\/2026\/08\/silva-2408-scaled.png?fit=1200%2C659&ssl=1&resize=700%2C400 2x, https:\/\/i0.wp.com\/politicosaldesnudo.com.mx\/wp-content\/uploads\/2026\/08\/silva-2408-scaled.png?fit=1200%2C659&ssl=1&resize=1050%2C600 3x"},"classes":[]},{"id":87902,"url":"https:\/\/politicosaldesnudo.com.mx\/index.php\/2026\/08\/19\/comision-permanente-avala-salida-de-monica-soto-tepjf-quedara-con-solo-cinco-magistraturas\/","url_meta":{"origin":38496,"position":1},"title":"Comisi\u00f3n Permanente avala salida de M\u00f3nica Soto; TEPJF quedar\u00e1 con s\u00f3lo cinco magistraturas","author":"Redacci\u00f3n Pol\u00edticos","date":"19 de agosto de 2026","format":false,"excerpt":"La Comisi\u00f3n Permanente del Congreso de la Uni\u00f3n aprob\u00f3 la renuncia de M\u00f3nica Aral\u00ed Soto Fregoso como magistrada de la Sala Superior del Tribunal Electoral del Poder Judicial de la Federaci\u00f3n (TEPJF). La separaci\u00f3n del cargo fue autorizada este mi\u00e9rcoles con 26 votos a favor, cinco en contra y cinco\u2026","rel":"","context":"En \u00abNACIONAL\u00bb","block_context":{"text":"NACIONAL","link":"https:\/\/politicosaldesnudo.com.mx\/index.php\/category\/nacional\/"},"img":{"alt_text":"","src":"https:\/\/i0.wp.com\/politicosaldesnudo.com.mx\/wp-content\/uploads\/2026\/08\/sup_12032024_1409.jpeg?fit=1200%2C857&ssl=1&resize=350%2C200","width":350,"height":200,"srcset":"https:\/\/i0.wp.com\/politicosaldesnudo.com.mx\/wp-content\/uploads\/2026\/08\/sup_12032024_1409.jpeg?fit=1200%2C857&ssl=1&resize=350%2C200 1x, https:\/\/i0.wp.com\/politicosaldesnudo.com.mx\/wp-content\/uploads\/2026\/08\/sup_12032024_1409.jpeg?fit=1200%2C857&ssl=1&resize=525%2C300 1.5x, https:\/\/i0.wp.com\/politicosaldesnudo.com.mx\/wp-content\/uploads\/2026\/08\/sup_12032024_1409.jpeg?fit=1200%2C857&ssl=1&resize=700%2C400 2x, https:\/\/i0.wp.com\/politicosaldesnudo.com.mx\/wp-content\/uploads\/2026\/08\/sup_12032024_1409.jpeg?fit=1200%2C857&ssl=1&resize=1050%2C600 3x"},"classes":[]},{"id":88019,"url":"https:\/\/politicosaldesnudo.com.mx\/index.php\/2026\/08\/24\/incalificable-pifia\/","url_meta":{"origin":38496,"position":2},"title":"Incalificable pifia","author":"Redacci\u00f3n Pol\u00edticos","date":"24 de agosto de 2026","format":false,"excerpt":"Por Lic. Alberto Woolrich Ortiz Una de las m\u00e1s incalificables pifias en la historia jur\u00eddica de nuestro M\u00e9xico, resulta ser la Reforma Judicial de Andr\u00e9s Manuel L\u00f3pez Obrador, la cual hoy obliga a nombrar por voto popular a togas de impartici\u00f3n de justicia, las m\u00e1s de las veces ignorantes, como\u2026","rel":"","context":"En \u00abOPINI\u00d3N\u00bb","block_context":{"text":"OPINI\u00d3N","link":"https:\/\/politicosaldesnudo.com.mx\/index.php\/category\/columnistas\/"},"img":{"alt_text":"","src":"https:\/\/i0.wp.com\/politicosaldesnudo.com.mx\/wp-content\/uploads\/2026\/08\/woorich-scaled.png?fit=1200%2C659&ssl=1&resize=350%2C200","width":350,"height":200,"srcset":"https:\/\/i0.wp.com\/politicosaldesnudo.com.mx\/wp-content\/uploads\/2026\/08\/woorich-scaled.png?fit=1200%2C659&ssl=1&resize=350%2C200 1x, https:\/\/i0.wp.com\/politicosaldesnudo.com.mx\/wp-content\/uploads\/2026\/08\/woorich-scaled.png?fit=1200%2C659&ssl=1&resize=525%2C300 1.5x, https:\/\/i0.wp.com\/politicosaldesnudo.com.mx\/wp-content\/uploads\/2026\/08\/woorich-scaled.png?fit=1200%2C659&ssl=1&resize=700%2C400 2x, https:\/\/i0.wp.com\/politicosaldesnudo.com.mx\/wp-content\/uploads\/2026\/08\/woorich-scaled.png?fit=1200%2C659&ssl=1&resize=1050%2C600 3x"},"classes":[]},{"id":54099,"url":"https:\/\/politicosaldesnudo.com.mx\/index.php\/2025\/01\/10\/oposicion-de-florero\/","url_meta":{"origin":38496,"position":3},"title":"Oposici\u00f3n de florero","author":"Redacci\u00f3n Pol\u00edticos","date":"10 de enero de 2025","format":false,"excerpt":"ALMA GRANDE Por \u00c1ngel \u00c1lvaro Pe\u00f1a La oposici\u00f3n desconoce su papel en la historia, producto de que nunca se enter\u00f3 de la responsabilidad social de esta fuerza. As\u00ed, vemos que en el legislativo es donde m\u00e1s se acent\u00faa la ignorancia sobre el rol parlamentario de esta fuerza y de su\u2026","rel":"","context":"En \u00abOPINI\u00d3N\u00bb","block_context":{"text":"OPINI\u00d3N","link":"https:\/\/politicosaldesnudo.com.mx\/index.php\/category\/columnistas\/"},"img":{"alt_text":"","src":"https:\/\/i0.wp.com\/politicosaldesnudo.com.mx\/wp-content\/uploads\/2024\/12\/BANNER-LOPEZ-DORIGA-DIGITAL-1.jpg?fit=800%2C445&ssl=1&resize=350%2C200","width":350,"height":200,"srcset":"https:\/\/i0.wp.com\/politicosaldesnudo.com.mx\/wp-content\/uploads\/2024\/12\/BANNER-LOPEZ-DORIGA-DIGITAL-1.jpg?fit=800%2C445&ssl=1&resize=350%2C200 1x, https:\/\/i0.wp.com\/politicosaldesnudo.com.mx\/wp-content\/uploads\/2024\/12\/BANNER-LOPEZ-DORIGA-DIGITAL-1.jpg?fit=800%2C445&ssl=1&resize=525%2C300 1.5x, https:\/\/i0.wp.com\/politicosaldesnudo.com.mx\/wp-content\/uploads\/2024\/12\/BANNER-LOPEZ-DORIGA-DIGITAL-1.jpg?fit=800%2C445&ssl=1&resize=700%2C400 2x"},"classes":[]},{"id":88054,"url":"https:\/\/politicosaldesnudo.com.mx\/index.php\/2026\/08\/25\/sinaloa-cambia-de-mando-en-plena-crisis-graciela-dominguez-promete-recuperar-la-paz\/","url_meta":{"origin":38496,"position":4},"title":"Sinaloa cambia de mando en plena crisis: Graciela Dom\u00ednguez promete recuperar la paz","author":"Redacci\u00f3n Pol\u00edticos","date":"25 de agosto de 2026","format":false,"excerpt":"En medio de una profunda crisis pol\u00edtica y de seguridad, Graciela Dom\u00ednguez Nava asumi\u00f3 este martes como gobernadora interina de Sinaloa, luego de que el Congreso estatal aprobara su nombramiento con 31 votos a favor y seis en contra. La nueva mandataria permanecer\u00e1 al frente del Ejecutivo hasta el 31\u2026","rel":"","context":"En \u00abESTADOS\u00bb","block_context":{"text":"ESTADOS","link":"https:\/\/politicosaldesnudo.com.mx\/index.php\/category\/estados\/"},"img":{"alt_text":"","src":"https:\/\/i0.wp.com\/politicosaldesnudo.com.mx\/wp-content\/uploads\/2026\/08\/786944545_1406389748261728_4147593619491061114_n.jpg?fit=1200%2C801&ssl=1&resize=350%2C200","width":350,"height":200,"srcset":"https:\/\/i0.wp.com\/politicosaldesnudo.com.mx\/wp-content\/uploads\/2026\/08\/786944545_1406389748261728_4147593619491061114_n.jpg?fit=1200%2C801&ssl=1&resize=350%2C200 1x, https:\/\/i0.wp.com\/politicosaldesnudo.com.mx\/wp-content\/uploads\/2026\/08\/786944545_1406389748261728_4147593619491061114_n.jpg?fit=1200%2C801&ssl=1&resize=525%2C300 1.5x, https:\/\/i0.wp.com\/politicosaldesnudo.com.mx\/wp-content\/uploads\/2026\/08\/786944545_1406389748261728_4147593619491061114_n.jpg?fit=1200%2C801&ssl=1&resize=700%2C400 2x, https:\/\/i0.wp.com\/politicosaldesnudo.com.mx\/wp-content\/uploads\/2026\/08\/786944545_1406389748261728_4147593619491061114_n.jpg?fit=1200%2C801&ssl=1&resize=1050%2C600 3x"},"classes":[]},{"id":88195,"url":"https:\/\/politicosaldesnudo.com.mx\/index.php\/2026\/08\/31\/el-blindaje-legislativo-de-amlo-blindar-a-la-presidenta-y-el-juego-de-sombras-del-poder-real\/","url_meta":{"origin":38496,"position":5},"title":"El Blindaje Legislativo de AMLO: Blindar a la presidenta y el Juego de Sombras del Poder Real","author":"Redacci\u00f3n Pol\u00edticos","date":"31 de agosto de 2026","format":false,"excerpt":"Una Opini\u00f3n Alternativa Por Carlos O. Silva Bandala Bicefalia (dos cabezas) o Dualidad de Poder Pol\u00edtico. \u2013 Un fen\u00f3meno analizado cuando un liderazgo hist\u00f3rico (Plutarco El\u00edas Calles, El Maximato\u2026 AMLO, El Obradorato) mantiene una enorme influencia sobre las estructuras del Partido gobernante, lo que confirma, por decir lo menos, que\u2026","rel":"","context":"En \u00abOPINI\u00d3N\u00bb","block_context":{"text":"OPINI\u00d3N","link":"https:\/\/politicosaldesnudo.com.mx\/index.php\/category\/columnistas\/"},"img":{"alt_text":"","src":"https:\/\/i0.wp.com\/politicosaldesnudo.com.mx\/wp-content\/uploads\/2026\/08\/silva-3108.png?fit=1200%2C659&ssl=1&resize=350%2C200","width":350,"height":200,"srcset":"https:\/\/i0.wp.com\/politicosaldesnudo.com.mx\/wp-content\/uploads\/2026\/08\/silva-3108.png?fit=1200%2C659&ssl=1&resize=350%2C200 1x, https:\/\/i0.wp.com\/politicosaldesnudo.com.mx\/wp-content\/uploads\/2026\/08\/silva-3108.png?fit=1200%2C659&ssl=1&resize=525%2C300 1.5x, https:\/\/i0.wp.com\/politicosaldesnudo.com.mx\/wp-content\/uploads\/2026\/08\/silva-3108.png?fit=1200%2C659&ssl=1&resize=700%2C400 2x, https:\/\/i0.wp.com\/politicosaldesnudo.com.mx\/wp-content\/uploads\/2026\/08\/silva-3108.png?fit=1200%2C659&ssl=1&resize=1050%2C600 3x"},"classes":[]}],"jetpack_sharing_enabled":true,"jetpack_featured_media_url":"https:\/\/i0.wp.com\/politicosaldesnudo.com.mx\/wp-content\/uploads\/2024\/05\/ramon-castro-castro-cem.jpg?fit=1140%2C712&ssl=1","_links":{"self":[{"href":"https:\/\/politicosaldesnudo.com.mx\/index.php\/wp-json\/wp\/v2\/posts\/38496","targetHints":{"allow":["GET"]}}],"collection":[{"href":"https:\/\/politicosaldesnudo.com.mx\/index.php\/wp-json\/wp\/v2\/posts"}],"about":[{"href":"https:\/\/politicosaldesnudo.com.mx\/index.php\/wp-json\/wp\/v2\/types\/post"}],"author":[{"embeddable":true,"href":"https:\/\/politicosaldesnudo.com.mx\/index.php\/wp-json\/wp\/v2\/users\/4"}],"replies":[{"embeddable":true,"href":"https:\/\/politicosaldesnudo.com.mx\/index.php\/wp-json\/wp\/v2\/comments?post=38496"}],"version-history":[{"count":0,"href":"https:\/\/politicosaldesnudo.com.mx\/index.php\/wp-json\/wp\/v2\/posts\/38496\/revisions"}],"wp:featuredmedia":[{"embeddable":true,"href":"https:\/\/politicosaldesnudo.com.mx\/index.php\/wp-json\/wp\/v2\/media\/38497"}],"wp:attachment":[{"href":"https:\/\/politicosaldesnudo.com.mx\/index.php\/wp-json\/wp\/v2\/media?parent=38496"}],"wp:term":[{"taxonomy":"category","embeddable":true,"href":"https:\/\/politicosaldesnudo.com.mx\/index.php\/wp-json\/wp\/v2\/categories?post=38496"},{"taxonomy":"post_tag","embeddable":true,"href":"https:\/\/politicosaldesnudo.com.mx\/index.php\/wp-json\/wp\/v2\/tags?post=38496"}],"curies":[{"name":"wp","href":"https:\/\/api.w.org\/{rel}","templated":true}]}}