{"id":3853,"date":"2022-04-14T18:49:57","date_gmt":"2022-04-14T23:49:57","guid":{"rendered":"https:\/\/politicosaldesnudo.com.mx\/?p=3853"},"modified":"2022-04-16T17:40:24","modified_gmt":"2022-04-16T22:40:24","slug":"musk-lanza-oferta-de-43mdd-por-twitter","status":"publish","type":"post","link":"https:\/\/politicosaldesnudo.com.mx\/index.php\/2022\/04\/14\/musk-lanza-oferta-de-43mdd-por-twitter\/","title":{"rendered":"Musk lanza oferta de 43mdd por Twitter"},"content":{"rendered":"<p>&nbsp;<\/p>\n<p class=\"p1\"><span style=\"font-size: 14pt;\"><strong><em>Los \u00c1ngeles.<\/em> <\/strong>El fundador de Tesla, el multimillonario Elon Musk, ha lanzado una oferta para comprar la red social Twitter por 43, 000 millones de d\u00f3lares, seg\u00fan una carta remitida a la junta directiva de la compa\u00f1\u00eda publicada por varios medios.<\/span><\/p>\n<p class=\"p1\"><span style=\"font-size: 14pt;\">Seg\u00fan dicha misiva, que publican tanto CNBC como Bloomberg, Musk, considerado el hombre m\u00e1s rico del mundo, ha ofrecido 54,20 d\u00f3lares por acci\u00f3n en efectivo, lo que supone una prima del 54 % sobre el precio de cierre del pasado 28 de enero, el d\u00eda antes de empezar a invertir en Twitter.<\/span><\/p>\n<p>&nbsp;<\/p>\n<p class=\"p1\"><span style=\"font-size: 14pt;\"><strong>APUNTA A LA LIBERTAD DE EXPRESI\u00d3N <\/strong><\/span><\/p>\n<p class=\"p1\"><span style=\"font-size: 14pt;\">La intenci\u00f3n del magnate es hacerse con el 100% de la compa\u00f1\u00eda y\u00a0retirarla de cotizaci\u00f3n.\u00a0En concreto, en la documentaci\u00f3n remitida a la\u00a0Comisi\u00f3n de Bolsa y Valores de Estados Unidos\u00a0(conocida en ingl\u00e9s como SEC o Securities and Exchange Commission) Musk ha asegurado que invirti\u00f3 en Twitter por \u201ccree en su potencial para ser la plataforma de la libertad de expresi\u00f3n alrededor de todo el mundo\u201d. El magnate ha asegurado a la CNMV estadounidense que cree que \u201cla libertad de expresi\u00f3n es un imperativo social para el funcionamiento de la democracia\u201d.<\/span><\/p>\n<p class=\"p1\"><span style=\"font-size: 14pt;\">Sin embargo, ha lamentado que la compa\u00f1\u00eda no sirve a este fin tal y como est\u00e1 concebida en la actualidad y ha apuntado que:<\/span><\/p>\n<blockquote>\n<p class=\"p1\"><span style=\"font-size: 14pt;\">\u201cTwitter necesita ser transformada en una empresa privada\u201d. En cualquier caso, ha a\u00f1adido que se trata de \u00absu mejor y \u00faltima oferta y que , si no es aceptada, me replantear\u00e9 mi posici\u00f3n como accionista\u201d.<\/span><\/p>\n<\/blockquote>\n<p class=\"p1\"><span style=\"font-size: 14pt;\">Musk ha medido sus movimientos en los \u00faltimos d\u00edas. La decisi\u00f3n de no entrar en el consejo de administraci\u00f3n de Twitter el lunes de esta semana dejaba la puerta abierta a una oferta como la que hoy ha puesto sobre la mesa.<span class=\"Apple-converted-space\">\u00a0<\/span><\/span><\/p>\n<p class=\"p1\"><span style=\"font-size: 14pt;\">En concreto, seg\u00fan medios como &#8216;The New York Times&#8217;, el asiento que se hab\u00eda reservado al due\u00f1o de Tesla ten\u00eda una contrapartida importante: seg\u00fan un acuerdo previamente firmado, no pod\u00eda comprar m\u00e1s del 14,9% de las acciones\u00a0mientras formara parte de este organismo hasta 2024 y renunciaba a tomar las riendas de la compa\u00f1\u00eda. Visto lo sucedido, el magnate va a por todas.<\/span><\/p>\n<p>&nbsp;<\/p>\n<p>&nbsp;<\/p>\n<p>&nbsp;<\/p>\n","protected":false},"excerpt":{"rendered":"<p>&nbsp; Los \u00c1ngeles. El fundador de Tesla, el multimillonario Elon Musk, ha lanzado una oferta para comprar la red social<\/p>\n","protected":false},"author":4,"featured_media":3854,"comment_status":"closed","ping_status":"closed","sticky":false,"template":"","format":"standard","meta":{"colormag_page_container_layout":"default_layout","colormag_page_sidebar_layout":"default_layout","_jetpack_memberships_contains_paid_content":false,"footnotes":"","jetpack_publicize_message":"","jetpack_publicize_feature_enabled":true,"jetpack_social_post_already_shared":false,"jetpack_social_options":{"image_generator_settings":{"template":"highway","default_image_id":0,"font":"","enabled":false},"version":2}},"categories":[28],"tags":[402,403],"class_list":["post-3853","post","type-post","status-publish","format-standard","has-post-thumbnail","hentry","category-internacional","tag-elon-musk","tag-twitter"],"jetpack_publicize_connections":[],"jetpack_featured_media_url":"https:\/\/i0.wp.com\/politicosaldesnudo.com.mx\/wp-content\/uploads\/2022\/04\/POLITICOS-TWITTER.png?fit=1816%2C1016&ssl=1","jetpack-related-posts":[],"jetpack_sharing_enabled":true,"_links":{"self":[{"href":"https:\/\/politicosaldesnudo.com.mx\/index.php\/wp-json\/wp\/v2\/posts\/3853","targetHints":{"allow":["GET"]}}],"collection":[{"href":"https:\/\/politicosaldesnudo.com.mx\/index.php\/wp-json\/wp\/v2\/posts"}],"about":[{"href":"https:\/\/politicosaldesnudo.com.mx\/index.php\/wp-json\/wp\/v2\/types\/post"}],"author":[{"embeddable":true,"href":"https:\/\/politicosaldesnudo.com.mx\/index.php\/wp-json\/wp\/v2\/users\/4"}],"replies":[{"embeddable":true,"href":"https:\/\/politicosaldesnudo.com.mx\/index.php\/wp-json\/wp\/v2\/comments?post=3853"}],"version-history":[{"count":0,"href":"https:\/\/politicosaldesnudo.com.mx\/index.php\/wp-json\/wp\/v2\/posts\/3853\/revisions"}],"wp:featuredmedia":[{"embeddable":true,"href":"https:\/\/politicosaldesnudo.com.mx\/index.php\/wp-json\/wp\/v2\/media\/3854"}],"wp:attachment":[{"href":"https:\/\/politicosaldesnudo.com.mx\/index.php\/wp-json\/wp\/v2\/media?parent=3853"}],"wp:term":[{"taxonomy":"category","embeddable":true,"href":"https:\/\/politicosaldesnudo.com.mx\/index.php\/wp-json\/wp\/v2\/categories?post=3853"},{"taxonomy":"post_tag","embeddable":true,"href":"https:\/\/politicosaldesnudo.com.mx\/index.php\/wp-json\/wp\/v2\/tags?post=3853"}],"curies":[{"name":"wp","href":"https:\/\/api.w.org\/{rel}","templated":true}]}}