{"id":3868,"date":"2022-04-14T08:47:27","date_gmt":"2022-04-14T13:47:27","guid":{"rendered":"https:\/\/politicosaldesnudo.com.mx\/?p=3868"},"modified":"2022-04-14T08:47:27","modified_gmt":"2022-04-14T13:47:27","slug":"en-nl-15-mil-hectareas-afectadas-por-49-incendios-activos","status":"publish","type":"post","link":"https:\/\/politicosaldesnudo.com.mx\/index.php\/2022\/04\/14\/en-nl-15-mil-hectareas-afectadas-por-49-incendios-activos\/","title":{"rendered":"En NL, 15 mil hect\u00e1reas afectadas por 49 incendios activos"},"content":{"rendered":"<p>&nbsp;<\/p>\n<p class=\"p1\"><strong>Monterrey.<span class=\"Apple-converted-space\">\u00a0 <\/span><\/strong>Comisi\u00f3n Nacional Forestal (Conafor) inform\u00f3 que frente a los 49 incendios activos en el estado, se est\u00e1 afectando 15 mil 769 hect\u00e1reas, el fuego se extiende desde el Ca\u00f1\u00f3n de Matacanes del \u00e1rea natural protegida Cumbres de Monterrey.<\/p>\n<p class=\"p1\">Esta situaci\u00f3n ha perjudicado a 4 mil 300 hect\u00e1reas, 26.85 por ciento del total nacional de la superficie siniestrada, tan s\u00f3lo se lleva un 8 por ciento de terreno apagado.<span class=\"Apple-converted-space\">\u00a0<\/span><\/p>\n<p class=\"p1\"><strong>EL INICIO DEL SINIESTRO<\/strong><\/p>\n<p class=\"p1\">En un comunicado la Conafor se\u00f1al\u00f3 que el incendio que comenz\u00f3 el pasado 16 de marzo en la reserva de la biosfera El Cielo, en Tamaulipas, ha da\u00f1ado 2 mil 100 hect\u00e1reas y est\u00e1 liquidado 4 por ciento, adem\u00e1s que en la entidad hay otros siniestros que afectan otras mil 290 hect\u00e1reas. Agreg\u00f3 que las flamas han arrasado con 2 mil 619 hect\u00e1reas en Chiapas, y mil 744 en Guerrero.<\/p>\n<blockquote>\n<p class=\"p1\">Mencion\u00f3 que combaten a los citados 49 fuegos 2 mil 150 personas, la mayor parte de ellas en Tamaulipas y Nuevo Le\u00f3n. Acot\u00f3 entre enero anterior y el 7 de abril ocurrieron 2 mil 425 conflagraciones en 32 estados, que arrasaron con 64 mil 354 hect\u00e1reas, mientras que el a\u00f1o pasado se destruyeron por la lumbre 179 mil en el mismo periodo.<\/p>\n<\/blockquote>\n<p class=\"p1\">Adem\u00e1s este mi\u00e9rcoles inici\u00f3 un incendio forestal en el kil\u00f3metro 67 de la autopista M\u00e9xico-Cuernavaca, en su sentido de norte a sur, cerca de la curva conocida como La Pera, dio a conocer la Coordinaci\u00f3n de Protecci\u00f3n Civil de Morelos. Al cierre de la edici\u00f3n, hab\u00eda sido controlado 70 por ciento y extinguido 50 por ciento.<\/p>\n<p class=\"p1\">Tambi\u00e9n inici\u00f3 una quema en el cerro Viejo del municipio de Tlajomulco, en el \u00e1rea metropolitana de Guadalajara, Jalisco, que brigadistas lograron contener luego de laborar durante seis horas con apoyo de un helic\u00f3ptero propiedad del gobierno de la demarcaci\u00f3n.DIO<\/p>\n<p class=\"p1\">Por su parte, Samuel Garc\u00eda, gobernador nuevoleon\u00e9s, inform\u00f3 que ya se encuentra en la entidad un avi\u00f3n militar que se utilizar\u00e1 para \u201cbombardear nubes\u201d con yoduro de plata, acci\u00f3n con la que se pretende provocar lluvia \u201cpara que nos ayude con el tema del incendio (activo en la sierra de Santiago desde el 24 de marzo anterior) y de la sequ\u00eda\u201d.<\/p>\n","protected":false},"excerpt":{"rendered":"<p>&nbsp; Monterrey.\u00a0 Comisi\u00f3n Nacional Forestal (Conafor) inform\u00f3 que frente a los 49 incendios activos en el estado, se est\u00e1 afectando<\/p>\n","protected":false},"author":4,"featured_media":3869,"comment_status":"closed","ping_status":"closed","sticky":false,"template":"","format":"standard","meta":{"colormag_page_container_layout":"default_layout","colormag_page_sidebar_layout":"default_layout","_jetpack_memberships_contains_paid_content":false,"footnotes":"","jetpack_publicize_message":"","jetpack_publicize_feature_enabled":true,"jetpack_social_post_already_shared":false,"jetpack_social_options":{"image_generator_settings":{"template":"highway","default_image_id":0,"font":"","enabled":false},"version":2}},"categories":[30],"tags":[410,228,66],"class_list":["post-3868","post","type-post","status-publish","format-standard","has-post-thumbnail","hentry","category-estados","tag-conafor","tag-incendio","tag-nuevo-leon"],"jetpack_publicize_connections":[],"jetpack_featured_media_url":"https:\/\/i0.wp.com\/politicosaldesnudo.com.mx\/wp-content\/uploads\/2022\/04\/P-INCENDIO.png?fit=1816%2C1016&ssl=1","jetpack-related-posts":[],"jetpack_sharing_enabled":true,"_links":{"self":[{"href":"https:\/\/politicosaldesnudo.com.mx\/index.php\/wp-json\/wp\/v2\/posts\/3868","targetHints":{"allow":["GET"]}}],"collection":[{"href":"https:\/\/politicosaldesnudo.com.mx\/index.php\/wp-json\/wp\/v2\/posts"}],"about":[{"href":"https:\/\/politicosaldesnudo.com.mx\/index.php\/wp-json\/wp\/v2\/types\/post"}],"author":[{"embeddable":true,"href":"https:\/\/politicosaldesnudo.com.mx\/index.php\/wp-json\/wp\/v2\/users\/4"}],"replies":[{"embeddable":true,"href":"https:\/\/politicosaldesnudo.com.mx\/index.php\/wp-json\/wp\/v2\/comments?post=3868"}],"version-history":[{"count":0,"href":"https:\/\/politicosaldesnudo.com.mx\/index.php\/wp-json\/wp\/v2\/posts\/3868\/revisions"}],"wp:featuredmedia":[{"embeddable":true,"href":"https:\/\/politicosaldesnudo.com.mx\/index.php\/wp-json\/wp\/v2\/media\/3869"}],"wp:attachment":[{"href":"https:\/\/politicosaldesnudo.com.mx\/index.php\/wp-json\/wp\/v2\/media?parent=3868"}],"wp:term":[{"taxonomy":"category","embeddable":true,"href":"https:\/\/politicosaldesnudo.com.mx\/index.php\/wp-json\/wp\/v2\/categories?post=3868"},{"taxonomy":"post_tag","embeddable":true,"href":"https:\/\/politicosaldesnudo.com.mx\/index.php\/wp-json\/wp\/v2\/tags?post=3868"}],"curies":[{"name":"wp","href":"https:\/\/api.w.org\/{rel}","templated":true}]}}