{"id":38712,"date":"2024-05-29T22:34:50","date_gmt":"2024-05-30T03:34:50","guid":{"rendered":"https:\/\/politicosaldesnudo.com.mx\/?p=38712"},"modified":"2024-05-29T22:34:50","modified_gmt":"2024-05-30T03:34:50","slug":"se-invita-a-la-poblacion-tuxpena-al-radioton-en-apoyo-de-la-cruz-roja-mexicana","status":"publish","type":"post","link":"https:\/\/politicosaldesnudo.com.mx\/index.php\/2024\/05\/29\/se-invita-a-la-poblacion-tuxpena-al-radioton-en-apoyo-de-la-cruz-roja-mexicana\/","title":{"rendered":"Se invita a la poblaci\u00f3n tuxpe\u00f1a al \u201cRadiot\u00f3n\u201d, en apoyo de la Cruz Roja Mexicana"},"content":{"rendered":"<p><em><strong><span style=\"font-size: 14pt;\">El evento ser\u00e1 este viernes, frente a presidencia municipal, de 09:00 a 13:00 horas y de 16:00 a 18:18 horas.<\/span><\/strong><\/em><\/p>\n<p><span style=\"font-size: 14pt;\">Para concluir la Colecta Anual de la Cruz Roja, la Delegaci\u00f3n Tuxpan realizar\u00e1 este viernes un \u201cRadiot\u00f3n\u201d para recaudar donativos, por lo que se invita a la poblaci\u00f3n tuxpe\u00f1a a participar.<\/span><\/p>\n<p><span style=\"font-size: 14pt;\">Las transmisiones se llevar\u00e1n a cabo por medio de Radio Ola, Radiorama Tuxpan y Radio Lobo, de 9:00 a 13:00 horas y de 16:00 a 18:00 horas. Adem\u00e1s, diversos medios digitales har\u00e1n transmisiones en vivo.<\/span><\/p>\n<p><span style=\"font-size: 14pt;\">El evento central se llevar\u00e1 a cabo frente a la presidencia municipal, donde personal de esta noble instituci\u00f3n estar\u00e1 recibiendo donativos.<\/span><\/p>\n<p><span style=\"font-size: 14pt;\">El objetivo de estas acciones es recaudar m\u00e1s fondos para que la Cruz Roja tenga la posibilidad de brindar un mayor n\u00famero de auxilios a la poblaci\u00f3n tuxpe\u00f1a.<\/span><\/p>\n","protected":false},"excerpt":{"rendered":"<p>El evento ser\u00e1 este viernes, frente a presidencia municipal, de 09:00 a 13:00 horas y de 16:00 a 18:18 horas.<\/p>\n","protected":false},"author":4,"featured_media":38713,"comment_status":"closed","ping_status":"closed","sticky":false,"template":"","format":"standard","meta":{"colormag_page_container_layout":"default_layout","colormag_page_sidebar_layout":"default_layout","_jetpack_memberships_contains_paid_content":false,"footnotes":"","jetpack_publicize_message":"","jetpack_publicize_feature_enabled":true,"jetpack_social_post_already_shared":false,"jetpack_social_options":{"image_generator_settings":{"template":"highway","default_image_id":0,"font":"","enabled":false},"version":2}},"categories":[3205,1082],"tags":[],"class_list":["post-38712","post","type-post","status-publish","format-standard","has-post-thumbnail","hentry","category-gobierno-tuxpan","category-tuxpan"],"jetpack_publicize_connections":[],"jetpack_featured_media_url":"https:\/\/i0.wp.com\/politicosaldesnudo.com.mx\/wp-content\/uploads\/2024\/05\/WhatsApp-Image-2024-05-29-at-12.04.43-PM.jpeg?fit=1280%2C851&ssl=1","jetpack-related-posts":[],"jetpack_sharing_enabled":true,"_links":{"self":[{"href":"https:\/\/politicosaldesnudo.com.mx\/index.php\/wp-json\/wp\/v2\/posts\/38712","targetHints":{"allow":["GET"]}}],"collection":[{"href":"https:\/\/politicosaldesnudo.com.mx\/index.php\/wp-json\/wp\/v2\/posts"}],"about":[{"href":"https:\/\/politicosaldesnudo.com.mx\/index.php\/wp-json\/wp\/v2\/types\/post"}],"author":[{"embeddable":true,"href":"https:\/\/politicosaldesnudo.com.mx\/index.php\/wp-json\/wp\/v2\/users\/4"}],"replies":[{"embeddable":true,"href":"https:\/\/politicosaldesnudo.com.mx\/index.php\/wp-json\/wp\/v2\/comments?post=38712"}],"version-history":[{"count":0,"href":"https:\/\/politicosaldesnudo.com.mx\/index.php\/wp-json\/wp\/v2\/posts\/38712\/revisions"}],"wp:featuredmedia":[{"embeddable":true,"href":"https:\/\/politicosaldesnudo.com.mx\/index.php\/wp-json\/wp\/v2\/media\/38713"}],"wp:attachment":[{"href":"https:\/\/politicosaldesnudo.com.mx\/index.php\/wp-json\/wp\/v2\/media?parent=38712"}],"wp:term":[{"taxonomy":"category","embeddable":true,"href":"https:\/\/politicosaldesnudo.com.mx\/index.php\/wp-json\/wp\/v2\/categories?post=38712"},{"taxonomy":"post_tag","embeddable":true,"href":"https:\/\/politicosaldesnudo.com.mx\/index.php\/wp-json\/wp\/v2\/tags?post=38712"}],"curies":[{"name":"wp","href":"https:\/\/api.w.org\/{rel}","templated":true}]}}