{"id":38715,"date":"2024-05-29T22:36:07","date_gmt":"2024-05-30T03:36:07","guid":{"rendered":"https:\/\/politicosaldesnudo.com.mx\/?p=38715"},"modified":"2024-05-29T22:36:07","modified_gmt":"2024-05-30T03:36:07","slug":"tuxpan-renovo-el-consejo-municipal-de-participacion-social-en-la-educacion","status":"publish","type":"post","link":"https:\/\/politicosaldesnudo.com.mx\/index.php\/2024\/05\/29\/tuxpan-renovo-el-consejo-municipal-de-participacion-social-en-la-educacion\/","title":{"rendered":"Tuxpan renov\u00f3 el Consejo Municipal de Participaci\u00f3n Social en la Educaci\u00f3n"},"content":{"rendered":"<p><span style=\"font-size: 14pt;\">En sesi\u00f3n extraordinaria de Cabildo se renov\u00f3 el Consejo Municipal de Participaci\u00f3n Social en la Educaci\u00f3n.<\/span><br \/>\n<span style=\"font-size: 14pt;\">Este consejo permite la participaci\u00f3n organizada y planeada de todos los actores sociales y autoridades educativas, con la finalidad de alcanzar la excelencia en el proceso educativo en el municipio, dentro del marco de la Nueva Escuela Mexicana. <\/span><br \/>\n<span style=\"font-size: 14pt;\">Durante su participaci\u00f3n, el alcalde Jos\u00e9 Manuel Pozos Castro destac\u00f3 que \u201cCon la voluntad de todos los integrantes de este consejo se puede coadyuvar en todo lo que sea posible para fortalecer el sistema educativo en nuestro entorno jurisdiccional\u201d.<\/span><br \/>\n<span style=\"font-size: 14pt;\">Una de las funciones de este consejo es la promoci\u00f3n de la interculturalidad; as\u00ed como favorecer el aprendizaje mediante la incorporaci\u00f3n de m\u00e9todos colaborativos e innovadores avances tecnol\u00f3gicos. <\/span><br \/>\n<span style=\"font-size: 14pt;\">Adem\u00e1s, los padres de familia y docentes podr\u00e1n gestionar el mejoramiento de los servicios educativos, la construcci\u00f3n y ampliaci\u00f3n de escuelas p\u00fablicas; coadyuvar a nivel municipal en actividades de seguridad, protecci\u00f3n civil y emergencia escolar y procurar la obtenci\u00f3n de recursos complementarios para el mantenimiento y equipamiento b\u00e1sico de cada escuela p\u00fablica.<\/span><br \/>\n<span style=\"font-size: 14pt;\">En esta sesi\u00f3n estuvieron presentes la s\u00edndica \u00fanica Mtra. Beatriz Pi\u00f1a Vergara; las regidoras y los regidores, Mar\u00eda del Pilar Mart\u00ednez Matesanz, Maryanela Monroy Flores, Anah\u00ed Aguilar L\u00f3pez, Juan G\u00f3mez Garc\u00eda, Lucero Res\u00e9ndis Ambrocio, Axel Bernal Herrera y Luciano Folgueras Pioli.<\/span><br \/>\n<span style=\"font-size: 14pt;\">Esta renovaci\u00f3n se llev\u00f3 a cabo bajo de acuerdo con lo establecido en el art\u00edculo 133 de la Ley General de Educaci\u00f3n, el art\u00edculo 176 de la Ley 247 de Educaci\u00f3n del Estado de Veracruz y los art\u00edculos 31 al 35 del Acuerdo 08\/08\/17, por el que se establecen los lineamientos para la constituci\u00f3n, organizaci\u00f3n y funcionamiento de los Consejos de Participaci\u00f3n Social en la Educaci\u00f3n.<\/span><\/p>\n","protected":false},"excerpt":{"rendered":"<p>En sesi\u00f3n extraordinaria de Cabildo se renov\u00f3 el Consejo Municipal de Participaci\u00f3n Social en la Educaci\u00f3n. Este consejo permite la<\/p>\n","protected":false},"author":4,"featured_media":38716,"comment_status":"closed","ping_status":"closed","sticky":false,"template":"","format":"standard","meta":{"colormag_page_container_layout":"default_layout","colormag_page_sidebar_layout":"default_layout","_jetpack_memberships_contains_paid_content":false,"footnotes":"","jetpack_publicize_message":"","jetpack_publicize_feature_enabled":true,"jetpack_social_post_already_shared":false,"jetpack_social_options":{"image_generator_settings":{"template":"highway","default_image_id":0,"font":"","enabled":false},"version":2}},"categories":[3205,1082],"tags":[],"class_list":["post-38715","post","type-post","status-publish","format-standard","has-post-thumbnail","hentry","category-gobierno-tuxpan","category-tuxpan"],"jetpack_publicize_connections":[],"jetpack_featured_media_url":"https:\/\/i0.wp.com\/politicosaldesnudo.com.mx\/wp-content\/uploads\/2024\/05\/WhatsApp-Image-2024-05-29-at-6.47.29-PM.jpeg?fit=1280%2C851&ssl=1","jetpack-related-posts":[],"jetpack_sharing_enabled":true,"_links":{"self":[{"href":"https:\/\/politicosaldesnudo.com.mx\/index.php\/wp-json\/wp\/v2\/posts\/38715","targetHints":{"allow":["GET"]}}],"collection":[{"href":"https:\/\/politicosaldesnudo.com.mx\/index.php\/wp-json\/wp\/v2\/posts"}],"about":[{"href":"https:\/\/politicosaldesnudo.com.mx\/index.php\/wp-json\/wp\/v2\/types\/post"}],"author":[{"embeddable":true,"href":"https:\/\/politicosaldesnudo.com.mx\/index.php\/wp-json\/wp\/v2\/users\/4"}],"replies":[{"embeddable":true,"href":"https:\/\/politicosaldesnudo.com.mx\/index.php\/wp-json\/wp\/v2\/comments?post=38715"}],"version-history":[{"count":0,"href":"https:\/\/politicosaldesnudo.com.mx\/index.php\/wp-json\/wp\/v2\/posts\/38715\/revisions"}],"wp:featuredmedia":[{"embeddable":true,"href":"https:\/\/politicosaldesnudo.com.mx\/index.php\/wp-json\/wp\/v2\/media\/38716"}],"wp:attachment":[{"href":"https:\/\/politicosaldesnudo.com.mx\/index.php\/wp-json\/wp\/v2\/media?parent=38715"}],"wp:term":[{"taxonomy":"category","embeddable":true,"href":"https:\/\/politicosaldesnudo.com.mx\/index.php\/wp-json\/wp\/v2\/categories?post=38715"},{"taxonomy":"post_tag","embeddable":true,"href":"https:\/\/politicosaldesnudo.com.mx\/index.php\/wp-json\/wp\/v2\/tags?post=38715"}],"curies":[{"name":"wp","href":"https:\/\/api.w.org\/{rel}","templated":true}]}}