{"id":38780,"date":"2024-05-30T09:32:06","date_gmt":"2024-05-30T14:32:06","guid":{"rendered":"https:\/\/politicosaldesnudo.com.mx\/?p=38780"},"modified":"2024-05-30T09:32:06","modified_gmt":"2024-05-30T14:32:06","slug":"alarman-altas-temperaturas","status":"publish","type":"post","link":"https:\/\/politicosaldesnudo.com.mx\/index.php\/2024\/05\/30\/alarman-altas-temperaturas\/","title":{"rendered":"Alarman altas temperaturas"},"content":{"rendered":"<p><span style=\"font-size: 14pt;\">Habitantes de distintas colonias del puerto de Tuxpan se encontraron alarmados ante la noticia de diferentes medios de comunicaci\u00f3n donde pronosticaban que esta semana el \u00edndice de calor en Veracruz llegar\u00e1 a una sensaci\u00f3n t\u00e9rmica de 50\u00b0C.<\/span><\/p>\n<p><span style=\"font-size: 14pt;\">\u00abPrefiero no llevar a mis hijos a la escuela, estas altas temperaturas les han afectado en su rendimiento f\u00edsico y si asisten podr\u00eda darles una insolaci\u00f3n o incluso un golpe de calor grave\u00bb, as\u00ed lo relato Elisa J., madre de familia de la colonia Reyes Heroles.<\/span><\/p>\n<p><span style=\"font-size: 14pt;\">Del mismo modo, tuxpe\u00f1os de diferentes colonias coincidieron con la idea de que ni\u00f1os o adultos mayores no salieran a las calles para exponerse en estas temporadas.<\/span><\/p>\n<p><span style=\"font-size: 14pt;\">Por lo anterior se le invita a la ciudadan\u00eda a mantener sus precauciones ante las fuertes temperaturas que se presentan en la ciudad, y acudir a cualquier servicio m\u00e9dico ante los primeros s\u00edntomas de golpes de calor.<\/span><\/p>\n<p><span style=\"font-size: 14pt;\">De igual modo se\u00f1alaron tuxpe\u00f1os que es preferible gastar en taxis para evitar exponerse al sol, sin embargo reconocieron que eso representa ciertos da\u00f1os a sus bolsillos.<\/span><\/p>\n","protected":false},"excerpt":{"rendered":"<p>Habitantes de distintas colonias del puerto de Tuxpan se encontraron alarmados ante la noticia de diferentes medios de comunicaci\u00f3n donde<\/p>\n","protected":false},"author":4,"featured_media":38781,"comment_status":"closed","ping_status":"closed","sticky":false,"template":"","format":"standard","meta":{"colormag_page_container_layout":"default_layout","colormag_page_sidebar_layout":"default_layout","_jetpack_memberships_contains_paid_content":false,"footnotes":"","jetpack_publicize_message":"","jetpack_publicize_feature_enabled":true,"jetpack_social_post_already_shared":false,"jetpack_social_options":{"image_generator_settings":{"template":"highway","default_image_id":0,"font":"","enabled":false},"version":2}},"categories":[1082],"tags":[],"class_list":["post-38780","post","type-post","status-publish","format-standard","has-post-thumbnail","hentry","category-tuxpan"],"jetpack_publicize_connections":[],"jetpack_featured_media_url":"https:\/\/i0.wp.com\/politicosaldesnudo.com.mx\/wp-content\/uploads\/2024\/05\/515968_d.jpg?fit=600%2C338&ssl=1","jetpack-related-posts":[],"jetpack_sharing_enabled":true,"_links":{"self":[{"href":"https:\/\/politicosaldesnudo.com.mx\/index.php\/wp-json\/wp\/v2\/posts\/38780","targetHints":{"allow":["GET"]}}],"collection":[{"href":"https:\/\/politicosaldesnudo.com.mx\/index.php\/wp-json\/wp\/v2\/posts"}],"about":[{"href":"https:\/\/politicosaldesnudo.com.mx\/index.php\/wp-json\/wp\/v2\/types\/post"}],"author":[{"embeddable":true,"href":"https:\/\/politicosaldesnudo.com.mx\/index.php\/wp-json\/wp\/v2\/users\/4"}],"replies":[{"embeddable":true,"href":"https:\/\/politicosaldesnudo.com.mx\/index.php\/wp-json\/wp\/v2\/comments?post=38780"}],"version-history":[{"count":0,"href":"https:\/\/politicosaldesnudo.com.mx\/index.php\/wp-json\/wp\/v2\/posts\/38780\/revisions"}],"wp:featuredmedia":[{"embeddable":true,"href":"https:\/\/politicosaldesnudo.com.mx\/index.php\/wp-json\/wp\/v2\/media\/38781"}],"wp:attachment":[{"href":"https:\/\/politicosaldesnudo.com.mx\/index.php\/wp-json\/wp\/v2\/media?parent=38780"}],"wp:term":[{"taxonomy":"category","embeddable":true,"href":"https:\/\/politicosaldesnudo.com.mx\/index.php\/wp-json\/wp\/v2\/categories?post=38780"},{"taxonomy":"post_tag","embeddable":true,"href":"https:\/\/politicosaldesnudo.com.mx\/index.php\/wp-json\/wp\/v2\/tags?post=38780"}],"curies":[{"name":"wp","href":"https:\/\/api.w.org\/{rel}","templated":true}]}}