{"id":38921,"date":"2024-06-01T08:21:19","date_gmt":"2024-06-01T13:21:19","guid":{"rendered":"https:\/\/politicosaldesnudo.com.mx\/?p=38921"},"modified":"2024-06-01T08:21:19","modified_gmt":"2024-06-01T13:21:19","slug":"reposteria-para-el-dia-del-padre","status":"publish","type":"post","link":"https:\/\/politicosaldesnudo.com.mx\/index.php\/2024\/06\/01\/reposteria-para-el-dia-del-padre\/","title":{"rendered":"Reposter\u00eda para el D\u00eda del Padre"},"content":{"rendered":"<p><span style=\"font-size: 14pt;\">El Sistema para el Desarrollo Integral de la Familia; DIF, imparti\u00f3 un nuevo curso de reposter\u00eda, con el prop\u00f3sito de seguirle brindando herramientas a las personas emprendedoras, para que puedan poner su propio negocio y generar recursos para sus familias.<\/span><\/p>\n<p><span style=\"font-size: 14pt;\">Las alumnas y alumnos alcanzaron un alto nivel de reposter\u00eda para emprender con \u00e9xito, al elaborar un cl\u00e1sico de la reposter\u00eda italiana: pastel de tiramis\u00fa, ahora con el tema del d\u00eda del padre, para que puedan replicarlo en casa para celebrar la pr\u00f3xima fecha importante y para que puedan elaborar algunos para venta.<\/span><\/p>\n<p><span style=\"font-size: 14pt;\">El objetivo es capacitar de forma econ\u00f3mica a hombres y mujeres, que quieran iniciar su propia empresa, y una de las herramientas son las clases de reposter\u00eda y cocina que ofrece el DIF de \u00e9sta localidad.<\/span><\/p>\n<p><span style=\"font-size: 14pt;\">La presidenta del DIF les comunic\u00f3 a las emprendedoras, que con \u00e9ste tipo de trabajos que continuar\u00e1n implement\u00e1ndose de manera permanente, la instancia pretende mejorar la econom\u00eda familiar de los ciudadanos, por lo que invit\u00f3 a la ciudadan\u00eda en general a unirse a \u00e9stos cursos de reposter\u00eda, cocina y otras actividades que se emprenden en la dependencia.<\/span><\/p>\n","protected":false},"excerpt":{"rendered":"<p>El Sistema para el Desarrollo Integral de la Familia; DIF, imparti\u00f3 un nuevo curso de reposter\u00eda, con el prop\u00f3sito de<\/p>\n","protected":false},"author":4,"featured_media":38922,"comment_status":"closed","ping_status":"closed","sticky":false,"template":"","format":"standard","meta":{"colormag_page_container_layout":"default_layout","colormag_page_sidebar_layout":"default_layout","_jetpack_memberships_contains_paid_content":false,"footnotes":"","jetpack_publicize_message":"","jetpack_publicize_feature_enabled":true,"jetpack_social_post_already_shared":false,"jetpack_social_options":{"image_generator_settings":{"template":"highway","default_image_id":0,"font":"","enabled":false},"version":2}},"categories":[1082],"tags":[],"class_list":["post-38921","post","type-post","status-publish","format-standard","has-post-thumbnail","hentry","category-tuxpan"],"jetpack_publicize_connections":[],"jetpack_featured_media_url":"https:\/\/i0.wp.com\/politicosaldesnudo.com.mx\/wp-content\/uploads\/2024\/06\/3c1.jpg?fit=1200%2C799&ssl=1","jetpack-related-posts":[],"jetpack_sharing_enabled":true,"_links":{"self":[{"href":"https:\/\/politicosaldesnudo.com.mx\/index.php\/wp-json\/wp\/v2\/posts\/38921","targetHints":{"allow":["GET"]}}],"collection":[{"href":"https:\/\/politicosaldesnudo.com.mx\/index.php\/wp-json\/wp\/v2\/posts"}],"about":[{"href":"https:\/\/politicosaldesnudo.com.mx\/index.php\/wp-json\/wp\/v2\/types\/post"}],"author":[{"embeddable":true,"href":"https:\/\/politicosaldesnudo.com.mx\/index.php\/wp-json\/wp\/v2\/users\/4"}],"replies":[{"embeddable":true,"href":"https:\/\/politicosaldesnudo.com.mx\/index.php\/wp-json\/wp\/v2\/comments?post=38921"}],"version-history":[{"count":0,"href":"https:\/\/politicosaldesnudo.com.mx\/index.php\/wp-json\/wp\/v2\/posts\/38921\/revisions"}],"wp:featuredmedia":[{"embeddable":true,"href":"https:\/\/politicosaldesnudo.com.mx\/index.php\/wp-json\/wp\/v2\/media\/38922"}],"wp:attachment":[{"href":"https:\/\/politicosaldesnudo.com.mx\/index.php\/wp-json\/wp\/v2\/media?parent=38921"}],"wp:term":[{"taxonomy":"category","embeddable":true,"href":"https:\/\/politicosaldesnudo.com.mx\/index.php\/wp-json\/wp\/v2\/categories?post=38921"},{"taxonomy":"post_tag","embeddable":true,"href":"https:\/\/politicosaldesnudo.com.mx\/index.php\/wp-json\/wp\/v2\/tags?post=38921"}],"curies":[{"name":"wp","href":"https:\/\/api.w.org\/{rel}","templated":true}]}}