{"id":38927,"date":"2024-06-01T08:23:12","date_gmt":"2024-06-01T13:23:12","guid":{"rendered":"https:\/\/politicosaldesnudo.com.mx\/?p=38927"},"modified":"2024-06-01T08:23:12","modified_gmt":"2024-06-01T13:23:12","slug":"se-acerca-campana-de-reforestacion","status":"publish","type":"post","link":"https:\/\/politicosaldesnudo.com.mx\/index.php\/2024\/06\/01\/se-acerca-campana-de-reforestacion\/","title":{"rendered":"Se acerca campa\u00f1a de reforestaci\u00f3n"},"content":{"rendered":"<p><span style=\"font-size: 14pt;\">Con el inicio de la temporada de lluvias en el estado de Veracruz, autoridades estatales invitaron a la ciudadan\u00eda de todos los municipios a participar en la siguiente campa\u00f1a de siembra de \u00e1rboles, la cual es parte de su Programa de Reforestaci\u00f3n Estatal.<\/span><\/p>\n<p><span style=\"font-size: 14pt;\">De igual forma explicaron que hasta el momento, se han sembrado 11.7 millones de \u00e1rboles y plantado 150 mil ejemplares en una sola etapa en el estado de Veracruz. Por ello, esperan superar su racha en la siguiente campa\u00f1a para mejorar el ambiente.<\/span><\/p>\n<p><span style=\"font-size: 14pt;\">Del mismo modo, explican que todo este empe\u00f1o se debe a la participaci\u00f3n de las personas en todo el estado por mejorar las condiciones de manera positiva y mantener un ambiente en buen estado para las personas.<\/span><\/p>\n<p><span style=\"font-size: 14pt;\">En dicho contexto se le invita a la ciudadan\u00eda a participar en dicha campa\u00f1a, ya que se requiere del inter\u00e9s de muchos ciudadanos para tener un mayor impacto al realizar dicha labor.<\/span><\/p>\n<p><span style=\"font-size: 14pt;\">Se\u00f1alaron la urgente necesidad de trabajar en estos temas de mejora y cuidado al medio ambiente,\u00a0 pues la naturaleza ya comienza a pasar factura en todo el pa\u00eds, por lo que hay que poner manos a la obra y revertir todo el da\u00f1o causado.<\/span><\/p>\n","protected":false},"excerpt":{"rendered":"<p>Con el inicio de la temporada de lluvias en el estado de Veracruz, autoridades estatales invitaron a la ciudadan\u00eda de<\/p>\n","protected":false},"author":4,"featured_media":38928,"comment_status":"closed","ping_status":"closed","sticky":false,"template":"","format":"standard","meta":{"colormag_page_container_layout":"default_layout","colormag_page_sidebar_layout":"default_layout","_jetpack_memberships_contains_paid_content":false,"footnotes":"","jetpack_publicize_message":"","jetpack_publicize_feature_enabled":true,"jetpack_social_post_already_shared":false,"jetpack_social_options":{"image_generator_settings":{"template":"highway","default_image_id":0,"font":"","enabled":false},"version":2}},"categories":[1082],"tags":[],"class_list":["post-38927","post","type-post","status-publish","format-standard","has-post-thumbnail","hentry","category-tuxpan"],"jetpack_publicize_connections":[],"jetpack_featured_media_url":"https:\/\/i0.wp.com\/politicosaldesnudo.com.mx\/wp-content\/uploads\/2024\/06\/2b.jpg?fit=678%2C452&ssl=1","jetpack-related-posts":[],"jetpack_sharing_enabled":true,"_links":{"self":[{"href":"https:\/\/politicosaldesnudo.com.mx\/index.php\/wp-json\/wp\/v2\/posts\/38927","targetHints":{"allow":["GET"]}}],"collection":[{"href":"https:\/\/politicosaldesnudo.com.mx\/index.php\/wp-json\/wp\/v2\/posts"}],"about":[{"href":"https:\/\/politicosaldesnudo.com.mx\/index.php\/wp-json\/wp\/v2\/types\/post"}],"author":[{"embeddable":true,"href":"https:\/\/politicosaldesnudo.com.mx\/index.php\/wp-json\/wp\/v2\/users\/4"}],"replies":[{"embeddable":true,"href":"https:\/\/politicosaldesnudo.com.mx\/index.php\/wp-json\/wp\/v2\/comments?post=38927"}],"version-history":[{"count":0,"href":"https:\/\/politicosaldesnudo.com.mx\/index.php\/wp-json\/wp\/v2\/posts\/38927\/revisions"}],"wp:featuredmedia":[{"embeddable":true,"href":"https:\/\/politicosaldesnudo.com.mx\/index.php\/wp-json\/wp\/v2\/media\/38928"}],"wp:attachment":[{"href":"https:\/\/politicosaldesnudo.com.mx\/index.php\/wp-json\/wp\/v2\/media?parent=38927"}],"wp:term":[{"taxonomy":"category","embeddable":true,"href":"https:\/\/politicosaldesnudo.com.mx\/index.php\/wp-json\/wp\/v2\/categories?post=38927"},{"taxonomy":"post_tag","embeddable":true,"href":"https:\/\/politicosaldesnudo.com.mx\/index.php\/wp-json\/wp\/v2\/tags?post=38927"}],"curies":[{"name":"wp","href":"https:\/\/api.w.org\/{rel}","templated":true}]}}