{"id":38930,"date":"2024-06-01T08:27:17","date_gmt":"2024-06-01T13:27:17","guid":{"rendered":"https:\/\/politicosaldesnudo.com.mx\/?p=38930"},"modified":"2024-06-01T08:27:17","modified_gmt":"2024-06-01T13:27:17","slug":"con-radioton-concluye-colecta-de-la-cruz-roja-tuxpan","status":"publish","type":"post","link":"https:\/\/politicosaldesnudo.com.mx\/index.php\/2024\/06\/01\/con-radioton-concluye-colecta-de-la-cruz-roja-tuxpan\/","title":{"rendered":"Con Radiot\u00f3n concluye Colecta de la Cruz Roja Tuxpan"},"content":{"rendered":"<p><span style=\"font-size: 14pt;\">Con un \u201cRadiot\u00f3n\u201d que dur\u00f3 m\u00e1s de 8 horas, concluy\u00f3 la Colecta Anual 2024 de la Cruz Roja Mexicana.<\/span><\/p>\n<p><span style=\"font-size: 14pt;\">Participaron las radiodifusoras Radiorama Tuxpan, Radio Lobo y Radio Ola, as\u00ed como medios digitales.<\/span><\/p>\n<p><span style=\"font-size: 14pt;\">Durante el transcurso del d\u00eda, frente a la presidencia municipal se recibieron aportaciones de la sociedad civil y empresas, que se sumaron a esta causa para recaudar m\u00e1s fondos que permitan que esta instituci\u00f3n pueda prestar un mayor n\u00famero de auxilios a la ciudadan\u00eda.<\/span><\/p>\n<p><span style=\"font-size: 14pt;\">Al hacer su donativo y \u00e1nforas con aportaciones del personal, el alcalde Jos\u00e9 Manuel Pozos Castro expres\u00f3 su profundo agradecimiento a todos los que generosamente contribuyeron en la colecta.<\/span><\/p>\n<p><span style=\"font-size: 14pt;\">Reiter\u00f3 que, con la suma de esfuerzos y voluntades, en muy poco tiempo se puede lograr que la Cruz Roja est\u00e9 a la altura del crecimiento y necesidades de nuestro municipio: \u201cSin duda, hemos logrado importantes avances, pero nuestro nuevo prop\u00f3sito debe ser la mejora continua, hasta lograr que Cruz Roja sea de las mejores del estado\u201d.<\/span><\/p>\n<p><span style=\"font-size: 14pt;\">Pozos Castro agradeci\u00f3 al Consejo Directivo, al Patronato y a todo el personal voluntario por sus servicios y la labor que realizan diariamente: \u201cTengan la plena seguridad que continuaremos trabajando junto a ustedes, para mejorar su infraestructura y operatividad\u201d, a\u00f1adi\u00f3.<\/span><\/p>\n<p><img data-recalc-dims=\"1\" loading=\"lazy\" decoding=\"async\" class=\"aligncenter size-large wp-image-38932\" src=\"https:\/\/i0.wp.com\/politicosaldesnudo.com.mx\/wp-content\/uploads\/2024\/06\/68817055-2038-471c-a62e-1970608d65e3-1024x681.jpg?resize=800%2C532&#038;ssl=1\" alt=\"\" width=\"800\" height=\"532\" srcset=\"https:\/\/i0.wp.com\/politicosaldesnudo.com.mx\/wp-content\/uploads\/2024\/06\/68817055-2038-471c-a62e-1970608d65e3.jpg?resize=1024%2C681&amp;ssl=1 1024w, https:\/\/i0.wp.com\/politicosaldesnudo.com.mx\/wp-content\/uploads\/2024\/06\/68817055-2038-471c-a62e-1970608d65e3.jpg?resize=300%2C199&amp;ssl=1 300w, https:\/\/i0.wp.com\/politicosaldesnudo.com.mx\/wp-content\/uploads\/2024\/06\/68817055-2038-471c-a62e-1970608d65e3.jpg?resize=768%2C511&amp;ssl=1 768w, https:\/\/i0.wp.com\/politicosaldesnudo.com.mx\/wp-content\/uploads\/2024\/06\/68817055-2038-471c-a62e-1970608d65e3.jpg?w=1280&amp;ssl=1 1280w\" sizes=\"auto, (max-width: 800px) 100vw, 800px\" \/><\/p>\n<p><span style=\"font-size: 14pt;\">As\u00ed mismo, invit\u00f3 a la poblaci\u00f3n a donar cualquier d\u00eda del a\u00f1o: \u201csi bien hoy concluye la Colecta Anual, siempre ser\u00e1 un buen d\u00eda para respaldar a esta Benem\u00e9rita Instituci\u00f3n, que es de todos. No podemos olvidar que, en situaciones de emergencia o desastres, el personal de la Cruz Roja est\u00e1 ah\u00ed para brindarnos ayuda y salvar vidas\u201d.<\/span><\/p>\n<p><span style=\"font-size: 14pt;\">En el evento estuvieron presentes la regidora Anah\u00ed Aguilar L\u00f3pez; el regidor Juan G\u00f3mez Garc\u00eda.<\/span><\/p>\n<p><span style=\"font-size: 14pt;\">Del mismo modo los miembros del Consejo Directivo Local de la Cruz Roja Tuxpan, Lic. Mar\u00eda Antonieta Hern\u00e1ndez Guerrero, secretaria; Profa. Rosa Hilda Guti\u00e9rrez Castillo, tesorera; el t\u00e9cnico Tom\u00e1s Rafael Hern\u00e1ndez, coordinador de prevenci\u00f3n; Ing. Hayde\u00e9 Arenas Ochoa, coordinadora de Damas Voluntarias; Jos\u00e9 Luis Gonz\u00e1lez Mar, coordinador de capacitaci\u00f3n, y el Lic. T\u00e9cnico en Urgencias M\u00e9dicas, Jorge Machuca P\u00e9rez, coordinador local de Socorros.<\/span><\/p>\n<p><span style=\"font-size: 14pt;\">A nombre de su presidente, el Dr. Miguel Alc\u00e1ntar Rodr\u00edguez, quienes conforman el Consejo Directivo dieron las gracias a la autoridad municipal por su donativo y por el respaldo brindado durante esta recaudaci\u00f3n.<\/span><\/p>\n","protected":false},"excerpt":{"rendered":"<p>Con un \u201cRadiot\u00f3n\u201d que dur\u00f3 m\u00e1s de 8 horas, concluy\u00f3 la Colecta Anual 2024 de la Cruz Roja Mexicana. Participaron<\/p>\n","protected":false},"author":4,"featured_media":38931,"comment_status":"closed","ping_status":"closed","sticky":false,"template":"","format":"standard","meta":{"colormag_page_container_layout":"default_layout","colormag_page_sidebar_layout":"default_layout","_jetpack_memberships_contains_paid_content":false,"footnotes":"","jetpack_publicize_message":"","jetpack_publicize_feature_enabled":true,"jetpack_social_post_already_shared":false,"jetpack_social_options":{"image_generator_settings":{"template":"highway","default_image_id":0,"font":"","enabled":false},"version":2}},"categories":[3205,1082],"tags":[],"class_list":["post-38930","post","type-post","status-publish","format-standard","has-post-thumbnail","hentry","category-gobierno-tuxpan","category-tuxpan"],"jetpack_publicize_connections":[],"jetpack_featured_media_url":"https:\/\/i0.wp.com\/politicosaldesnudo.com.mx\/wp-content\/uploads\/2024\/06\/99ba9902-d98a-471e-94f4-bd3fc7c5b272.jpg?fit=1280%2C851&ssl=1","jetpack-related-posts":[],"jetpack_sharing_enabled":true,"_links":{"self":[{"href":"https:\/\/politicosaldesnudo.com.mx\/index.php\/wp-json\/wp\/v2\/posts\/38930","targetHints":{"allow":["GET"]}}],"collection":[{"href":"https:\/\/politicosaldesnudo.com.mx\/index.php\/wp-json\/wp\/v2\/posts"}],"about":[{"href":"https:\/\/politicosaldesnudo.com.mx\/index.php\/wp-json\/wp\/v2\/types\/post"}],"author":[{"embeddable":true,"href":"https:\/\/politicosaldesnudo.com.mx\/index.php\/wp-json\/wp\/v2\/users\/4"}],"replies":[{"embeddable":true,"href":"https:\/\/politicosaldesnudo.com.mx\/index.php\/wp-json\/wp\/v2\/comments?post=38930"}],"version-history":[{"count":0,"href":"https:\/\/politicosaldesnudo.com.mx\/index.php\/wp-json\/wp\/v2\/posts\/38930\/revisions"}],"wp:featuredmedia":[{"embeddable":true,"href":"https:\/\/politicosaldesnudo.com.mx\/index.php\/wp-json\/wp\/v2\/media\/38931"}],"wp:attachment":[{"href":"https:\/\/politicosaldesnudo.com.mx\/index.php\/wp-json\/wp\/v2\/media?parent=38930"}],"wp:term":[{"taxonomy":"category","embeddable":true,"href":"https:\/\/politicosaldesnudo.com.mx\/index.php\/wp-json\/wp\/v2\/categories?post=38930"},{"taxonomy":"post_tag","embeddable":true,"href":"https:\/\/politicosaldesnudo.com.mx\/index.php\/wp-json\/wp\/v2\/tags?post=38930"}],"curies":[{"name":"wp","href":"https:\/\/api.w.org\/{rel}","templated":true}]}}