{"id":38977,"date":"2024-06-02T01:33:58","date_gmt":"2024-06-02T06:33:58","guid":{"rendered":"https:\/\/politicosaldesnudo.com.mx\/?p=38977"},"modified":"2024-06-02T01:33:58","modified_gmt":"2024-06-02T06:33:58","slug":"pri-expulsa-a-alfredo-del-mazo-ex-gobernador-del-estado-de-mexico","status":"publish","type":"post","link":"https:\/\/politicosaldesnudo.com.mx\/index.php\/2024\/06\/02\/pri-expulsa-a-alfredo-del-mazo-ex-gobernador-del-estado-de-mexico\/","title":{"rendered":"PRI expulsa a Alfredo del Mazo, ex gobernador del Estado de M\u00e9xico"},"content":{"rendered":"<div>\n<div id=\"content-body-225-12008208\">\n<p><span style=\"font-size: 14pt;\">Alfredo del Mazo, exgobernador del Estado de M\u00e9xico,\u00a0fue expulsado del PRI\u00a0por la Comisi\u00f3n Pol\u00edtica Permanente del Consejo Pol\u00edtico Nacional del partido tricolor.<\/span><\/p>\n<p><span style=\"font-size: 14pt;\">De acuerdo con fuentes del\u00a0PRI, el partido decidi\u00f3 expulsar a Alfredo del Mazo tras\u00a0acusarlo de traici\u00f3n.<\/span><\/p>\n<\/div>\n<\/div>\n<div><span style=\"font-size: 14pt;\">La decisi\u00f3n fue tomada d\u00edas despu\u00e9s de que Alejandra del Moral renunciara al partido tricolor\u00a0y se\u00a0sumara\u00a0a la\u00a0campa\u00f1a\u00a0de\u00a0Claudia Sheinbaum, candidata presidencial.<\/span><\/div>\n<article>\n<div id=\"content-body-5851641-12008208\">\n<p><span style=\"font-size: 14pt;\">Tras la renuncia de la ex candidata a la gubernatura del estado, la dirigente del PRI Estado de M\u00e9xico, Ana Lilia Herrera,\u00a0acus\u00f3\u00a0de\u00a0traici\u00f3n\u00a0a Alejandra\u00a0del Moral\u00a0y a\u00a0Alfredo del Mazo; pues afirm\u00f3 que ambos hab\u00edan\u00a0entregado\u00a0la\u00a0entidad\u00a0en la\u00a0elecci\u00f3n\u00a0por la\u00a0gubernatura.<\/span><\/p>\n<p><span style=\"font-size: 14pt;\">Adem\u00e1s, afirm\u00f3 que hab\u00eda\u00a0varias solicitudes de expulsi\u00f3n, sumado a que Alejandro\u00a0Moreno, dirigente nacional del PRI,\u00a0acus\u00f3\u00a0a\u00a0Del Moral y Del Mazo de entregarle el Estado de M\u00e9xico a Morena a cambio de impunidad.<\/span><\/p>\n<section>\n<div>\n<div>\n<div><span style=\"font-size: 14pt;\">No es necesario que quiera excluirnos del PRI, el partido no nos representa: Del Mazo<\/span><\/div>\n<\/div>\n<\/div>\n<\/section>\n<p><span style=\"font-size: 14pt;\">Tras su expulsi\u00f3n del PRI,\u00a0Alfredo del Mazo, mediante su cuenta de\u00a0<a href=\"https:\/\/x.com\/alfredodelmazo\/status\/1796393581823082891\/photo\/1\" target=\"_blank\" rel=\"Follow noopener\">X<\/a>, asegur\u00f3 que la dirigencia del\u00a0partido, a cargo de Alejandro Moreno C\u00e1rdenas, ha perdido el rumbo y\u00a0no representa los principios y valores\u00a0que originaron a la instituci\u00f3n.<\/span><\/p>\n<p><span style=\"font-size: 14pt;\">Se ha olvidado de las causas sociales para poner encima los intereses personales.Alfredo del Mazo.<\/span><\/p>\n<p><span style=\"font-size: 14pt;\">Asimismo, acus\u00f3 a\u00a0Alejandro Moreno\u00a0de \u00abser alguien nada confiable, un\u00a0mentiroso c\u00ednico y traidor\u00bb carente de calidad moral.<\/span><\/p>\n<p><span style=\"font-size: 14pt;\">Es por ello que, ante los\u00a0\u00abresultados mediocres\u00bb de su diligencia y por haber abandonado los principios de \u00ablibertad, democracia y justicia social\u00bb, asegura que no es necesario que lo excluyan del PRI, pues el partido ya no lo representa.<\/span><\/p>\n<p><span style=\"font-size: 14pt;\">No es necesario que \u00e9l quiera excluirnos del PRI, su PRI ni a m\u00ed ni a millones de mexicanos nos representa.Alfredo del Mazo.<\/span><\/p>\n<section>\n<div>\n<div><\/div>\n<\/div>\n<\/section>\n<\/div>\n<\/article>\n","protected":false},"excerpt":{"rendered":"<p>Alfredo del Mazo, exgobernador del Estado de M\u00e9xico,\u00a0fue expulsado del PRI\u00a0por la Comisi\u00f3n Pol\u00edtica Permanente del Consejo Pol\u00edtico Nacional del<\/p>\n","protected":false},"author":4,"featured_media":38978,"comment_status":"closed","ping_status":"closed","sticky":false,"template":"","format":"standard","meta":{"colormag_page_container_layout":"default_layout","colormag_page_sidebar_layout":"default_layout","_jetpack_memberships_contains_paid_content":false,"footnotes":"","jetpack_publicize_message":"","jetpack_publicize_feature_enabled":true,"jetpack_social_post_already_shared":false,"jetpack_social_options":{"image_generator_settings":{"template":"highway","default_image_id":0,"font":"","enabled":false},"version":2}},"categories":[33],"tags":[1455],"class_list":["post-38977","post","type-post","status-publish","format-standard","has-post-thumbnail","hentry","category-nacional","tag-alfredo-del-mazo"],"jetpack_publicize_connections":[],"jetpack_featured_media_url":"https:\/\/i0.wp.com\/politicosaldesnudo.com.mx\/wp-content\/uploads\/2024\/06\/alfredo-del-mazo-sexto-inf_64f5f9bf89e74.jpg?fit=1200%2C700&ssl=1","jetpack-related-posts":[],"jetpack_sharing_enabled":true,"_links":{"self":[{"href":"https:\/\/politicosaldesnudo.com.mx\/index.php\/wp-json\/wp\/v2\/posts\/38977","targetHints":{"allow":["GET"]}}],"collection":[{"href":"https:\/\/politicosaldesnudo.com.mx\/index.php\/wp-json\/wp\/v2\/posts"}],"about":[{"href":"https:\/\/politicosaldesnudo.com.mx\/index.php\/wp-json\/wp\/v2\/types\/post"}],"author":[{"embeddable":true,"href":"https:\/\/politicosaldesnudo.com.mx\/index.php\/wp-json\/wp\/v2\/users\/4"}],"replies":[{"embeddable":true,"href":"https:\/\/politicosaldesnudo.com.mx\/index.php\/wp-json\/wp\/v2\/comments?post=38977"}],"version-history":[{"count":0,"href":"https:\/\/politicosaldesnudo.com.mx\/index.php\/wp-json\/wp\/v2\/posts\/38977\/revisions"}],"wp:featuredmedia":[{"embeddable":true,"href":"https:\/\/politicosaldesnudo.com.mx\/index.php\/wp-json\/wp\/v2\/media\/38978"}],"wp:attachment":[{"href":"https:\/\/politicosaldesnudo.com.mx\/index.php\/wp-json\/wp\/v2\/media?parent=38977"}],"wp:term":[{"taxonomy":"category","embeddable":true,"href":"https:\/\/politicosaldesnudo.com.mx\/index.php\/wp-json\/wp\/v2\/categories?post=38977"},{"taxonomy":"post_tag","embeddable":true,"href":"https:\/\/politicosaldesnudo.com.mx\/index.php\/wp-json\/wp\/v2\/tags?post=38977"}],"curies":[{"name":"wp","href":"https:\/\/api.w.org\/{rel}","templated":true}]}}