{"id":39013,"date":"2024-06-03T01:30:52","date_gmt":"2024-06-03T06:30:52","guid":{"rendered":"https:\/\/politicosaldesnudo.com.mx\/?p=39013"},"modified":"2024-06-03T01:30:52","modified_gmt":"2024-06-03T06:30:52","slug":"chile-se-sumara-a-denuncia-de-sudafrica-contra-israel-en-la-corte-internacional-de-la-haya","status":"publish","type":"post","link":"https:\/\/politicosaldesnudo.com.mx\/index.php\/2024\/06\/03\/chile-se-sumara-a-denuncia-de-sudafrica-contra-israel-en-la-corte-internacional-de-la-haya\/","title":{"rendered":"Chile se sumar\u00e1 a denuncia de Sud\u00e1frica contra Israel en la Corte Internacional de La Haya"},"content":{"rendered":"<div>\n<div id=\"content-body-225-12014178\">\n<p><span style=\"font-size: 14pt;\">El presidente de Chile, Gabriel Boric, anunci\u00f3 este s\u00e1bado que su pa\u00eds se sumar\u00e1 a la\u00a0denuncia presentada por Sud\u00e1frica contra Israel ante la Corte Internacional de Justicia\u00a0de La Haya en el marco de la Convenci\u00f3n sobre Genocidio la ONU y exigi\u00f3 de nuevo \u00abuna firme respuesta de la comunidad internacional\u00bb frente a la masacre en Palestina.<\/span><\/p>\n<p><span style=\"font-size: 14pt;\">En el marco de la cuenta p\u00fablica, acto en el que se hace balance y se delinean las pol\u00edticas p\u00fablicas, el mandatario\u00a0denunci\u00f3 igualmente la invasi\u00f3n rusa de Ucrania\u00a0y las vulneraciones de los derechos humanos en Nicaragua y Venezuela antes de subrayar que su pa\u00eds \u00abno abandonara\u0301 nunca su vocacio\u0301n de dia\u0301logo y entendimiento para asegurar un orden global estable y paci\u0301fico\u00bb, dijo entre una estruendosa ovaci\u00f3n de todo el Congreso.<\/span><\/p>\n<\/div>\n<\/div>\n<div><span style=\"font-size: 14pt;\">\u00abEstos actos requieren de una firme respuesta de la comunidad internacional. Por ello, adema\u0301s del apoyo humanitario que hemos brindado a Palestina, del llamado a consulta de nuestro embajador en Israel, y de\u00a0presentar junto a Me\u0301xico una remisio\u0301n de la situacio\u0301n en Palestina ante la Corte Penal Internacional, he decidido que Chile se hara\u0301 parte y respaldara\u0301 el caso que presento\u0301 Suda\u0301frica contra Israel ante la Corte Internacional de Justicia de La Haya, en el marco de la Convencio\u0301n sobre Genocidio de la ONU\u00bb, se\u00f1al\u00f3.<\/span><\/div>\n<article>\n<div id=\"content-body-5851641-12014178\">\n<p><span style=\"font-size: 14pt;\">\u00abHe mandatado a los equipos de Cancilleri\u0301a que preparen un escrito con nuestros argumentos\u00bb, agreg\u00f3 antes de volver a condenar los actos de terrorismo del movimiento radical palestino de orientaci\u00f3n saud\u00ed-wahab\u00ed Ham\u00e1s y pedir la liberaci\u00f3n de todos los rehenes capturados en el ataque de septiembre pasado.<\/span><\/p>\n<p><span style=\"font-size: 14pt;\">En este contexto, insisti\u00f3 en que\u00a0\u00abnunca dejaremos de indignarnos por acciones indiscriminadas y absolutamente desproporcionadas contra civiles inocentes, particularmente mujeres y nin\u0303os palestinos. Ya se cuentan ma\u0301s de 35 mil muertos, una situacio\u0301n humanitaria catastro\u0301fica y la infraestructura en Gaza pra\u0301cticamente arrasada\u00bb.<\/span><\/p>\n<p><span style=\"font-size: 14pt;\">Por ello, recalc\u00f3 que Chile \u00abno abandonara\u0301 nunca su vocacio\u0301n de dia\u0301logo y entendimiento para asegurar un orden global estable y paci\u0301fico. Somos parte del Sistema de Naciones Unidas desde su fundacio\u0301n\u00bb.<\/span><\/p>\n<p><span style=\"font-size: 14pt;\">\u00abTuvimos una destacada participacio\u0301n en la elaboracio\u0301n de la Declaracio\u0301n Universal de los Derechos Humanos. Y cuando en Chile estos derechos fueron violados, recibimos la solidaridad de todas las naciones y pueblos del orbe. Todo esto ha dado lugar a un compromiso histo\u0301rico que Chile no abandonara\u0301 bajo ninguna circunstancia\u00bb, explic\u00f3.<\/span><\/p>\n<p><span style=\"font-size: 14pt;\">Al hilo de este argumento,\u00a0Boric record\u00f3 que Chile siempre ha alzado \u00abla voz para condenar la violencia criminal, el terrorismo, el genocidio\u00a0y la agresio\u0301n en todos los rincones del mundo. El combate al crimen y la defensa de la vida y los derechos humanos no tienen color poli\u0301tico ni nacionalidad\u00bb.<\/span><\/p>\n<p><span style=\"font-size: 14pt;\">\u00abTal como lo he hecho en otros foros pu\u0301blicos respecto de las vulneraciones a los derechos humanos en Nicaragua y Venezuela, o sobre la inadmisible guerra de agresio\u0301n de Rusia a Ucrania, tengo el deber de referirme hoy a la cri\u0301tica situacio\u0301n en la Franja de Gaza\u00bb, concluy\u00f3.<\/span><\/p>\n<\/div>\n<\/article>\n","protected":false},"excerpt":{"rendered":"<p>El presidente de Chile, Gabriel Boric, anunci\u00f3 este s\u00e1bado que su pa\u00eds se sumar\u00e1 a la\u00a0denuncia presentada por Sud\u00e1frica contra<\/p>\n","protected":false},"author":4,"featured_media":39014,"comment_status":"closed","ping_status":"closed","sticky":false,"template":"","format":"standard","meta":{"colormag_page_container_layout":"default_layout","colormag_page_sidebar_layout":"default_layout","_jetpack_memberships_contains_paid_content":false,"footnotes":"","jetpack_publicize_message":"","jetpack_publicize_feature_enabled":true,"jetpack_social_post_already_shared":false,"jetpack_social_options":{"image_generator_settings":{"template":"highway","default_image_id":0,"font":"","enabled":false},"version":2}},"categories":[28],"tags":[53,3523],"class_list":["post-39013","post","type-post","status-publish","format-standard","has-post-thumbnail","hentry","category-internacional","tag-gabriel-boric","tag-ganriel-bo"],"jetpack_publicize_connections":[],"jetpack_featured_media_url":"https:\/\/i0.wp.com\/politicosaldesnudo.com.mx\/wp-content\/uploads\/2024\/06\/images-2.jpg?fit=318%2C159&ssl=1","jetpack-related-posts":[],"jetpack_sharing_enabled":true,"_links":{"self":[{"href":"https:\/\/politicosaldesnudo.com.mx\/index.php\/wp-json\/wp\/v2\/posts\/39013","targetHints":{"allow":["GET"]}}],"collection":[{"href":"https:\/\/politicosaldesnudo.com.mx\/index.php\/wp-json\/wp\/v2\/posts"}],"about":[{"href":"https:\/\/politicosaldesnudo.com.mx\/index.php\/wp-json\/wp\/v2\/types\/post"}],"author":[{"embeddable":true,"href":"https:\/\/politicosaldesnudo.com.mx\/index.php\/wp-json\/wp\/v2\/users\/4"}],"replies":[{"embeddable":true,"href":"https:\/\/politicosaldesnudo.com.mx\/index.php\/wp-json\/wp\/v2\/comments?post=39013"}],"version-history":[{"count":0,"href":"https:\/\/politicosaldesnudo.com.mx\/index.php\/wp-json\/wp\/v2\/posts\/39013\/revisions"}],"wp:featuredmedia":[{"embeddable":true,"href":"https:\/\/politicosaldesnudo.com.mx\/index.php\/wp-json\/wp\/v2\/media\/39014"}],"wp:attachment":[{"href":"https:\/\/politicosaldesnudo.com.mx\/index.php\/wp-json\/wp\/v2\/media?parent=39013"}],"wp:term":[{"taxonomy":"category","embeddable":true,"href":"https:\/\/politicosaldesnudo.com.mx\/index.php\/wp-json\/wp\/v2\/categories?post=39013"},{"taxonomy":"post_tag","embeddable":true,"href":"https:\/\/politicosaldesnudo.com.mx\/index.php\/wp-json\/wp\/v2\/tags?post=39013"}],"curies":[{"name":"wp","href":"https:\/\/api.w.org\/{rel}","templated":true}]}}