{"id":39047,"date":"2024-06-03T01:59:31","date_gmt":"2024-06-03T06:59:31","guid":{"rendered":"https:\/\/politicosaldesnudo.com.mx\/?p=39047"},"modified":"2024-06-03T01:59:31","modified_gmt":"2024-06-03T06:59:31","slug":"quien-es-ifigenia-martinez","status":"publish","type":"post","link":"https:\/\/politicosaldesnudo.com.mx\/index.php\/2024\/06\/03\/quien-es-ifigenia-martinez\/","title":{"rendered":"\u00bfQui\u00e9n es Ifigenia Mart\u00ednez?"},"content":{"rendered":"<div>\n<div id=\"content-body-225-12018785\">\n<p><span style=\"font-size: 14pt;\">La candidata a la presidencia de la Rep\u00fablica de la coalici\u00f3n Morena-PT-Partido Verde,\u00a0Claudia Sheinbaum Pardo, asegur\u00f3 al\u00a0emitir su voto\u00a0este d\u00eda, que lo hizo por\u00a0Ifigenia\u00a0Mart\u00ednez\u00a0para la\u00a0presidencia.<\/span><\/p>\n<p><span style=\"font-size: 14pt;\">Ifigenia\u00a0Mart\u00ednez y Hern\u00e1ndez\u00a0es una de las\u00a0l\u00edderes del la izquierda mexicana, fundadora junto a\u00a0Cuauht\u00e9moc C\u00e1rdenas\u00a0del\u00a0Partido de la Revoluci\u00f3n Democr\u00e1tica (PRD), fue\u00a0senadora de Morena\u00a0desde el 2018 hasta 2021.<\/span><\/p>\n<\/div>\n<\/div>\n<div><span style=\"font-size: 14pt;\">En 1968\u00a0tom\u00f3 gran\u00a0relevancia\u00a0al\u00a0oponerse\u00a0tajantemente a la\u00a0ocupaci\u00f3n de Ciudad Universitaria\u00a0por parte del\u00a0Ej\u00e9rcito\u00a0Mexicano, durante la \u00e9poca de la\u00a0represi\u00f3n estudiantil\u00a0del gobierno de\u00a0Gustavo D\u00edaz Ordaz.<\/span><\/div>\n<article>\n<div id=\"content-body-5851641-12018785\">\n<p><span style=\"font-size: 14pt;\">En 1989\u00a0encabez\u00f3 la\u00a0Corriente Democr\u00e1tica\u00a0del Partido Revolucionario Institucional (PRI) que dio pie a la\u00a0formaci\u00f3n del PRD, donde se mantuvo hasta 2018, cuando se fue a\u00a0Morena. Para\u00a02021\u00a0la lider social recibi\u00f3 la\u00a0medalla\u00a0Belisario\u00a0Dom\u00ednguez\u00a0en el\u00a0Senado de la Rep\u00fablica.<\/span><\/p>\n<p><span style=\"font-size: 14pt;\">Ifigenia\u00a0tiene actualmente\u00a093 a\u00f1os de edad\u00a0y el pasado\u00a029 de mayo\u00a0acompa\u00f1\u00f3 a la candidata presidencial\u00a0Claudia Sheinbaum\u00a0en su\u00a0cierre de campa\u00f1a en el z\u00f3calo capitalino\u00a0en compa\u00f1\u00eda tambi\u00e9n de otros l\u00edderes de izquierda.<\/span><\/p>\n<\/div>\n<\/article>\n","protected":false},"excerpt":{"rendered":"<p>La candidata a la presidencia de la Rep\u00fablica de la coalici\u00f3n Morena-PT-Partido Verde,\u00a0Claudia Sheinbaum Pardo, asegur\u00f3 al\u00a0emitir su voto\u00a0este d\u00eda,<\/p>\n","protected":false},"author":4,"featured_media":39048,"comment_status":"closed","ping_status":"closed","sticky":false,"template":"","format":"standard","meta":{"colormag_page_container_layout":"default_layout","colormag_page_sidebar_layout":"default_layout","_jetpack_memberships_contains_paid_content":false,"footnotes":"","jetpack_publicize_message":"","jetpack_publicize_feature_enabled":true,"jetpack_social_post_already_shared":false,"jetpack_social_options":{"image_generator_settings":{"template":"highway","default_image_id":0,"font":"","enabled":false},"version":2}},"categories":[33],"tags":[3524],"class_list":["post-39047","post","type-post","status-publish","format-standard","has-post-thumbnail","hentry","category-nacional","tag-ifgenia-martinez"],"jetpack_publicize_connections":[],"jetpack_featured_media_url":"https:\/\/i0.wp.com\/politicosaldesnudo.com.mx\/wp-content\/uploads\/2024\/06\/senadora-ifigenia-martinez.jpg?fit=1280%2C853&ssl=1","jetpack-related-posts":[],"jetpack_sharing_enabled":true,"_links":{"self":[{"href":"https:\/\/politicosaldesnudo.com.mx\/index.php\/wp-json\/wp\/v2\/posts\/39047","targetHints":{"allow":["GET"]}}],"collection":[{"href":"https:\/\/politicosaldesnudo.com.mx\/index.php\/wp-json\/wp\/v2\/posts"}],"about":[{"href":"https:\/\/politicosaldesnudo.com.mx\/index.php\/wp-json\/wp\/v2\/types\/post"}],"author":[{"embeddable":true,"href":"https:\/\/politicosaldesnudo.com.mx\/index.php\/wp-json\/wp\/v2\/users\/4"}],"replies":[{"embeddable":true,"href":"https:\/\/politicosaldesnudo.com.mx\/index.php\/wp-json\/wp\/v2\/comments?post=39047"}],"version-history":[{"count":0,"href":"https:\/\/politicosaldesnudo.com.mx\/index.php\/wp-json\/wp\/v2\/posts\/39047\/revisions"}],"wp:featuredmedia":[{"embeddable":true,"href":"https:\/\/politicosaldesnudo.com.mx\/index.php\/wp-json\/wp\/v2\/media\/39048"}],"wp:attachment":[{"href":"https:\/\/politicosaldesnudo.com.mx\/index.php\/wp-json\/wp\/v2\/media?parent=39047"}],"wp:term":[{"taxonomy":"category","embeddable":true,"href":"https:\/\/politicosaldesnudo.com.mx\/index.php\/wp-json\/wp\/v2\/categories?post=39047"},{"taxonomy":"post_tag","embeddable":true,"href":"https:\/\/politicosaldesnudo.com.mx\/index.php\/wp-json\/wp\/v2\/tags?post=39047"}],"curies":[{"name":"wp","href":"https:\/\/api.w.org\/{rel}","templated":true}]}}