{"id":39072,"date":"2024-06-03T03:04:51","date_gmt":"2024-06-03T08:04:51","guid":{"rendered":"https:\/\/politicosaldesnudo.com.mx\/?p=39072"},"modified":"2024-06-03T03:04:51","modified_gmt":"2024-06-03T08:04:51","slug":"mexico-transmite-su-division-a-los-observadores-internacionales","status":"publish","type":"post","link":"https:\/\/politicosaldesnudo.com.mx\/index.php\/2024\/06\/03\/mexico-transmite-su-division-a-los-observadores-internacionales\/","title":{"rendered":"M\u00e9xico transmite su divisi\u00f3n a los observadores internacionales"},"content":{"rendered":"<p style=\"background: white; margin: 24.0pt 0cm 24.0pt 0cm;\"><span style=\"font-size: 14pt; font-family: Helvetica, 'sans-serif'; color: #111111;\">Hasta en los observadores internacionales se nota la polarizaci\u00f3n.<\/span><\/p>\n<p style=\"background: white; margin: 24.0pt 0cm 24.0pt 0cm;\"><span style=\"font-size: 14pt; font-family: Helvetica, 'sans-serif'; color: #111111;\">Aunque hayan venido unos mil 300 acreditados, los hay de todo signo, oficialistas, independientes, representantes de organismos multilaterales o abiertamente opositores.<\/span><\/p>\n<p style=\"background: white; margin: 24.0pt 0cm 24.0pt 0cm;\"><span style=\"font-size: 14pt; font-family: Helvetica, 'sans-serif'; color: #111111;\">Si hace seis a\u00f1os\u00a0<strong><span style=\"font-family: 'Helvetica','sans-serif';\">Andr\u00e9s Manuel L\u00f3pez Obrador\u00a0<\/span><\/strong>invit\u00f3 al Parlamento Europeo, en esta ocasi\u00f3n no porque ya dieron su veredicto y durante su sexenio hubo severos desencuentros.<\/span><\/p>\n<p style=\"background: white; margin: 24.0pt 0cm 24.0pt 0cm;\"><span style=\"font-size: 14pt; font-family: Helvetica, 'sans-serif'; color: #111111;\">Para los diputados de ese continente, muchas de sus pol\u00edticas lopezobradoristas en materia de derechos humanos, libertad de expresi\u00f3n y persecuci\u00f3n de periodistas por su \u201cret\u00f3rica populista\u201d.<\/span><\/p>\n<p style=\"background: white; margin: 24.0pt 0cm 24.0pt 0cm;\"><span style=\"font-size: 14pt; font-family: Helvetica, 'sans-serif'; color: #111111;\">La respuesta presidencial fue severa:<\/span><\/p>\n<p style=\"background: white; margin: 24.0pt 0cm 24.0pt 0cm;\"><span style=\"font-size: 14pt; font-family: Helvetica, 'sans-serif'; color: #111111;\">\u201cBasta de corrupci\u00f3n, de mentiras y de hipocres\u00edas. Es lamentable que se sumen como borregos a la estrategia reaccionaria y golpista del grupo corrupto que se opone a la cuarta transformaci\u00f3n\u201d.<\/span><\/p>\n<p style=\"background: white; margin: 24.0pt 0cm 24.0pt 0cm;\"><span style=\"font-size: 14pt; font-family: Helvetica, 'sans-serif'; color: #111111;\">-La respuesta se descalifica por s\u00ed misma -critic\u00f3 a su vez el Parlamento Europeo sin que a\u00fan se haya zanjado ese desencuentro.<\/span><\/p>\n<p style=\"background: white; margin: 24.0pt 0cm 24.0pt 0cm;\"><span style=\"font-size: 14pt; font-family: Helvetica, 'sans-serif'; color: #111111;\">Por eso ahora el partido del gobierno invit\u00f3 a un grupo de observadores muy afines: los expresidentes\u00a0<strong><span style=\"font-family: 'Helvetica','sans-serif';\">Evo Morales<\/span><\/strong>\u00a0(Bolivia) y\u00a0<strong><span style=\"font-family: 'Helvetica','sans-serif';\">Alberto Fern\u00e1ndez\u00a0<\/span><\/strong>(Argentina) y un diputado de izquierda sin mayor relevancia.<\/span><\/p>\n<p style=\"background: white; margin: 24.0pt 0cm 24.0pt 0cm;\"><span style=\"font-size: 14pt;\"><strong><span style=\"font-family: Helvetica, 'sans-serif'; color: #111111;\">CADA QUIEN SU OBSERVADOR<\/span><\/strong><\/span><\/p>\n<p style=\"background: white; margin: 24.0pt 0cm 24.0pt 0cm;\"><span style=\"font-size: 14pt; font-family: Helvetica, 'sans-serif'; color: #111111;\">Hay otros observadores internacionales al margen del oficialismo.<\/span><\/p>\n<p style=\"background: white; margin: 24.0pt 0cm 24.0pt 0cm;\"><span style=\"font-size: 14pt; font-family: Helvetica, 'sans-serif'; color: #111111;\">Ha venido una comisi\u00f3n de la OEA encabezada por\u00a0<strong><span style=\"font-family: 'Helvetica','sans-serif';\">Heraldo Mu\u00f1oz<\/span><\/strong>\u00a0y ha tenido reuniones con candidatos de distintas fuerzas pol\u00edticas, adem\u00e1s de desplegar su vigilancia.<\/span><\/p>\n<p style=\"background: white; margin: 24.0pt 0cm 24.0pt 0cm;\"><span style=\"font-size: 14pt; font-family: Helvetica, 'sans-serif'; color: #111111;\">Otro grupo est\u00e1 integrado por decenas de miembros\u00a0 de la Conferencia Permanente de Partidos Pol\u00edticos de Am\u00e9rica Latina (Copppal), organizaci\u00f3n nacida y liderada siempre por el PRI.<\/span><\/p>\n<p style=\"background: white; margin: 24.0pt 0cm 24.0pt 0cm;\"><span style=\"font-size: 14pt; font-family: Helvetica, 'sans-serif'; color: #111111;\">Precisamente el dirigente\u00a0<strong><span style=\"font-family: 'Helvetica','sans-serif';\">Alejandro Moreno<\/span><\/strong>\u00a0les ofreci\u00f3 el viernes una comida sin discursos bajo una carpa, se retrat\u00f3 con ellos en la escalinata y s\u00f3lo una recomendaci\u00f3n:<\/span><\/p>\n<p style=\"background: white; margin: 24.0pt 0cm 24.0pt 0cm;\"><span style=\"font-size: 14pt; font-family: Helvetica, 'sans-serif'; color: #111111;\">-Son libres de ir a cualquier lugar de la Rep\u00fablica a observar cuanto suceda para que luego hagan los comentarios que crean conveniente. H\u00e1ganlo con entera libertad.<\/span><\/p>\n<p style=\"background: white; margin: 24.0pt 0cm 24.0pt 0cm;\"><span style=\"font-size: 14pt; font-family: Helvetica, 'sans-serif'; color: #111111;\">La idea era distribuir al menos diez por entidad, pero no da el n\u00famero y adem\u00e1s dif\u00edcilmente ingresar\u00edan y saldr\u00edan \u00edntegros a muchos lugares como Chiapas, Tabasco, Guerrero\u2026<\/span><\/p>\n<p style=\"background: white; margin: 24.0pt 0cm 24.0pt 0cm;\"><span style=\"font-size: 14pt; font-family: Helvetica, 'sans-serif'; color: #111111;\">Como sea, al final tendremos juicios al gusto de todos, al oficialismo con elogios de\u00a0<strong><span style=\"font-family: 'Helvetica','sans-serif';\">Evo Morales<\/span><\/strong>\u00a0y\u00a0<strong><span style=\"font-family: 'Helvetica','sans-serif';\">Alberto Fern\u00e1ndez,<\/span><\/strong>\u00a0y la oposici\u00f3n con denuncias de violencia, retraso de casillas, robo de urnas o hasta balazos y muerte.<\/span><\/p>\n<p style=\"background: white; margin: 24.0pt 0cm 24.0pt 0cm;\"><span style=\"font-size: 14pt;\"><strong><span style=\"font-family: Helvetica, 'sans-serif'; color: #111111;\">GUERRA SUCIA PARA TABOADA<\/span><\/strong><\/span><\/p>\n<p style=\"background: white; margin: 24.0pt 0cm 24.0pt 0cm;\"><span style=\"font-size: 14pt; font-family: Helvetica, 'sans-serif'; color: #111111;\">Se vieron violaciones inclusive en la Ciudad de M\u00e9xico.<\/span><\/p>\n<p style=\"background: white; margin: 24.0pt 0cm 24.0pt 0cm;\"><span style=\"font-size: 14pt; font-family: Helvetica, 'sans-serif'; color: #111111;\">Ayer, desde muy temprano, se repartieron millones de volantes donde a partir de notas tendenciosas de un peri\u00f3dico del r\u00e9gimen, el favorito en publicidad, se ataca a\u00a0<strong><span style=\"font-family: 'Helvetica','sans-serif';\">Santiago Taboada.<\/span><\/strong><\/span><\/p>\n<p style=\"background: white; margin: 24.0pt 0cm 24.0pt 0cm;\"><span style=\"font-size: 14pt; font-family: Helvetica, 'sans-serif'; color: #111111;\">Con fotograf\u00eda alterada se le acusa de la contaminaci\u00f3n de la red de distribuci\u00f3n del agua en la alcald\u00eda Benito Ju\u00e1rez junto con el expolic\u00eda conocido como\u00a0<em><b><span style=\"font-family: 'Helvetica','sans-serif';\">Jefe Goliat<\/span><\/b><\/em>.<\/span><\/p>\n<p style=\"background: white; margin: 24.0pt 0cm 24.0pt 0cm;\"><span style=\"font-size: 14pt; font-family: Helvetica, 'sans-serif'; color: #111111;\">M\u00e1s all\u00e1 de violar la veda electoral, fue parte de una campa\u00f1a negra con el fin de favorecer a los candidatos oficiales a Presidenta, jefa de Gobierno, senadores, diputados y alcaldes.<\/span><\/p>\n<p style=\"background: white; margin: 24.0pt 0cm 24.0pt 0cm;\"><span style=\"font-size: 14pt; font-family: Helvetica, 'sans-serif'; color: #111111;\">La sevicia en esta acci\u00f3n se not\u00f3 en un hecho adicional: los panfletos se multiplicaron en torno a las mesas de casillas, justo para ser visto por los votantes e influir en ellos al emitir su sufragio.<\/span><\/p>\n","protected":false},"excerpt":{"rendered":"<p>Hasta en los observadores internacionales se nota la polarizaci\u00f3n. Aunque hayan venido unos mil 300 acreditados, los hay de todo<\/p>\n","protected":false},"author":4,"featured_media":38297,"comment_status":"closed","ping_status":"closed","sticky":false,"template":"","format":"standard","meta":{"colormag_page_container_layout":"default_layout","colormag_page_sidebar_layout":"default_layout","_jetpack_memberships_contains_paid_content":false,"footnotes":"","jetpack_publicize_message":"","jetpack_publicize_feature_enabled":true,"jetpack_social_post_already_shared":false,"jetpack_social_options":{"image_generator_settings":{"template":"highway","default_image_id":0,"font":"","enabled":false},"version":2}},"categories":[26],"tags":[],"class_list":["post-39072","post","type-post","status-publish","format-standard","has-post-thumbnail","hentry","category-columnistas"],"jetpack_publicize_connections":[],"jetpack_featured_media_url":"https:\/\/i0.wp.com\/politicosaldesnudo.com.mx\/wp-content\/uploads\/2024\/05\/TELEFONO-ROJO-2.jpg?fit=1816%2C1016&ssl=1","jetpack-related-posts":[],"jetpack_sharing_enabled":true,"_links":{"self":[{"href":"https:\/\/politicosaldesnudo.com.mx\/index.php\/wp-json\/wp\/v2\/posts\/39072","targetHints":{"allow":["GET"]}}],"collection":[{"href":"https:\/\/politicosaldesnudo.com.mx\/index.php\/wp-json\/wp\/v2\/posts"}],"about":[{"href":"https:\/\/politicosaldesnudo.com.mx\/index.php\/wp-json\/wp\/v2\/types\/post"}],"author":[{"embeddable":true,"href":"https:\/\/politicosaldesnudo.com.mx\/index.php\/wp-json\/wp\/v2\/users\/4"}],"replies":[{"embeddable":true,"href":"https:\/\/politicosaldesnudo.com.mx\/index.php\/wp-json\/wp\/v2\/comments?post=39072"}],"version-history":[{"count":0,"href":"https:\/\/politicosaldesnudo.com.mx\/index.php\/wp-json\/wp\/v2\/posts\/39072\/revisions"}],"wp:featuredmedia":[{"embeddable":true,"href":"https:\/\/politicosaldesnudo.com.mx\/index.php\/wp-json\/wp\/v2\/media\/38297"}],"wp:attachment":[{"href":"https:\/\/politicosaldesnudo.com.mx\/index.php\/wp-json\/wp\/v2\/media?parent=39072"}],"wp:term":[{"taxonomy":"category","embeddable":true,"href":"https:\/\/politicosaldesnudo.com.mx\/index.php\/wp-json\/wp\/v2\/categories?post=39072"},{"taxonomy":"post_tag","embeddable":true,"href":"https:\/\/politicosaldesnudo.com.mx\/index.php\/wp-json\/wp\/v2\/tags?post=39072"}],"curies":[{"name":"wp","href":"https:\/\/api.w.org\/{rel}","templated":true}]}}