{"id":39138,"date":"2024-06-04T08:52:27","date_gmt":"2024-06-04T13:52:27","guid":{"rendered":"https:\/\/politicosaldesnudo.com.mx\/?p=39138"},"modified":"2024-06-04T08:52:27","modified_gmt":"2024-06-04T13:52:27","slug":"la-4t-consigue-poder-para-reformar-la-constitucion","status":"publish","type":"post","link":"https:\/\/politicosaldesnudo.com.mx\/index.php\/2024\/06\/04\/la-4t-consigue-poder-para-reformar-la-constitucion\/","title":{"rendered":"La 4T consigue poder para reformar la Constituci\u00f3n"},"content":{"rendered":"<div class=\"content-body clearfix \">\n<div id=\"content-body-225-12031057\">\n<p><span style=\"font-size: 14pt;\"><b>Morena<\/b>\u00a0y sus aliados se perfilan para alcanzar la\u00a0<b>mayor\u00eda calificada en el Congreso de la Uni\u00f3n<\/b>, con lo que el bloque oficialista<b>\u00a0podr\u00e1 reformar la<\/b>\u00a0<b>Constituci\u00f3n<\/b>,\u00a0<b>leyes secundarias<\/b>\u00a0y\u00a0<b>aprobar el Presupuesto de Egresos de la Federaci\u00f3n<\/b>\u00a0(PEF) sin la necesidad de negociar votos con la oposici\u00f3n al menos durante los pr\u00f3ximos tres a\u00f1os.<\/span><\/p>\n<p><span style=\"font-size: 14pt;\">Seg\u00fan estimaciones de la\u00a0<b>Presidencia de la Rep\u00fablica<\/b>\u00a0basadas en el Programa de Resultados Electorales Preliminares (<b>PREP<\/b>),\u00a0<b>Morena, el Partido Verde y Partido del Trabajo alcanzar\u00e1n 82 senadur\u00edas y 365 diputaciones<\/b>. En ambos casos, m\u00e1s de las dos terceras partes \u2014mayor\u00eda calificada\u2014 que marca la ley para aprobar una reforma constitucional.<\/span><\/p>\n<\/div>\n<\/div>\n<div class=\"advertisment \">\n<div id=\"dfp-nota-1x3s\" data-google-query-id=\"CJjunPWGwoYDFTXLKAUdJ1UIWA\">\n<div id=\"google_ads_iframe_\/2000002\/la-prensa\/mexico_nota_1x3_0__container__\"><span style=\"font-size: 14pt;\">La pr\u00f3xima legislatura arranca el 1 de septiembre, fecha en la que podr\u00edan aprobarse las reformas que present\u00f3 Andr\u00e9s Manuel L\u00f3pez Obrador en febrero pasado. Entre estas iniciativas est\u00e1 la de reducir a 300 las diputaciones federales y a 64 las senadur\u00edas.<\/span><\/div>\n<\/div>\n<\/div>\n<article class=\"content-continued-body clearfix \">\n<div id=\"content-body-5851641-12031057\">\n<p><span style=\"font-size: 14pt;\">Tambi\u00e9n est\u00e1 la reforma al Poder Judicial, que plantea que la designaci\u00f3n de ministros y magistrados sea por medio de voto universal y directo, la eliminaci\u00f3n de organismos aut\u00f3nomos (como el Inai, que obliga a transparentar informaci\u00f3n del gobierno) o la\u00a0<b>prohibici\u00f3n del fracking en la miner\u00eda<\/b>, adem\u00e1s de la\u00a0<b>reforma electoral,\u00a0<\/b>que transformar\u00eda al\u00a0<b>INE<\/b>\u00a0y el m\u00e9todo de designaci\u00f3n de los consejeros electorales, que actualmente se negocia entre las bancadas en la<b>\u00a0C\u00e1mara de Diputados.<\/b><\/span><\/p>\n<section>\n<div class=\"teaser \">\n<div class=\"infographicWrapper\">\n<div class=\"flourish-embed flourish-parliament\" data-src=\"visualisation\/18230586\"><span style=\"font-size: 14pt;\">Adem\u00e1s, podr\u00e1 aprobar reformas que en la actual legislatura la oposici\u00f3n logr\u00f3 bloquear, tales como que la Secretar\u00eda de la Defensa Nacional asumiera el mando de la<b>\u00a0Guardia Nacional<\/b>, la reforma el\u00e9ctrica para que la\u00a0<b>Comisi\u00f3n Federal de Electricidad<\/b>\u00a0tenga preferencia en el mercado el\u00e9ctrico, o la reforma electoral para reducir las atribuciones del\u00a0<b>INE<\/b>.<\/span><\/div>\n<\/div>\n<\/div>\n<\/section>\n<p><span style=\"font-size: 14pt;\"><b>Morena<\/b>\u00a0con sus aliados podr\u00e1n aprobar el\u00a0<b>PEF<\/b>\u00a0que quieran, es decir, destinar dinero a\u00a0<b>Pemex<\/b>, a los proyectos estrat\u00e9gicos de la\u00a0<b>4T como el AIFA, Tren Maya<\/b>\u00a0o la refiner\u00eda de Dos Bocas, e incluso, de considerarlo, aumentar el d\u00e9ficit.<\/span><\/p>\n<p><span style=\"font-size: 14pt;\">El control legislativo de la\u00a0<b>Cuatrot\u00e9<\/b>\u00a0se extender\u00e1 a los congresos locales, de los cuales, necesita tambi\u00e9n la mitad m\u00e1s uno (17) para\u00a0<b>aprobar las reformas Constitucionales.<\/b><\/span><\/p>\n<p><span style=\"font-size: 14pt;\">Morena y aliados aventajan en 25 congresos de los 31 que se eligieron el domingo. S\u00f3lo Aguascalientes, Guanajuato, Coahuila y Nuevo Le\u00f3n se mantienen con mayor\u00eda de los partidos de oposici\u00f3n, mientras que Durango y Quer\u00e9taro est\u00e1n divididos.<\/span><\/p>\n<p><span style=\"font-size: 14pt;\">El actual coordinador de Morena en la C\u00e1mara de Diputados, Ignacio Mier celebr\u00f3 que en la pr\u00f3xima legislatura habr\u00e1 Plan C de las reformas constitucionales, que no se lograron en esta que termina en agosto.<\/span><\/p>\n<p><span style=\"font-size: 14pt;\">\u00abVamos a tener el\u00a0<b>Plan C por el bien de M\u00e9xico<\/b>\u201d, expres\u00f3 el legislador.<\/span><\/p>\n<div class=\"ece_incoming\nmedia \"><\/p>\n<div class=\"teaser \">\n<div class=\"img-container picture\">\n<div id=\"standard_4\" class=\"st-placement standard_4 inImageRestricted\">\n<div class=\"st-adunit st-adunit-tagged st-reset st-show\">\n<div class=\"st-adunit-ad st-reset\"><span style=\"font-size: 14pt;\"><strong>Llegan nuevos pluris<\/strong><\/span><\/div>\n<\/div>\n<\/div>\n<\/div>\n<\/div>\n<\/div>\n<p><span style=\"font-size: 14pt;\">La nueva composici\u00f3n del\u00a0<b>Senado de la Rep\u00fablica<\/b> tendr\u00e1 al menos seis dirigentes o ex dirigentes nacionales y locales de las fuerzas pol\u00edticas del pa\u00eds, quienes llegar\u00e1n a su cargo legislativo por la v\u00eda plurinominal.<\/span><\/p>\n<p><span style=\"font-size: 14pt;\">De acuerdo con el conteo oficial del Instituto Nacional Electoral (INE) en los comicios para elegir a 128 senadores que integran la C\u00e1mara alta, figuran pol\u00edticos como\u00a0<b>Ad\u00e1n Augusto L\u00f3pez Hern\u00e1ndez<\/b>, exsecretario de Gobernaci\u00f3n.<\/span><\/p>\n<section>\n<div class=\"teaser \">\n<div class=\"infographicWrapper\">\n<div class=\"flourish-embed flourish-parliament\" data-src=\"visualisation\/18230497\"><span style=\"font-size: 14pt;\">Tambi\u00e9n destacan en esta lista de senadores plurinominales los casos de presidentes nacionales de los partidos que integraron la coalici\u00f3n Fuerza y Coraz\u00f3n por M\u00e9xico: Alejandro Moreno C\u00e1rdenas, del PRI; <b>Marko Cort\u00e9s<\/b>\u00a0<b>Mendoza<\/b>, del PAN, y\u00a0<b>Jes\u00fas Zambrano Grijalva<\/b>, del PRD, instituto pol\u00edtico que posiblemente pierda su registro.<\/span><\/div>\n<\/div>\n<\/div>\n<\/section>\n<p><span style=\"font-size: 14pt;\">Otros dirigentes o exdirigentes nacionales que ya amarraron un esca\u00f1o en el\u00a0<b>Senado<\/b>\u00a0para los pr\u00f3ximos seis a\u00f1os son el presidente nacional vitalicio del\u00a0<b>Partido del Trabajo<\/b>\u00a0(<b>PT<\/b>),\u00a0<b>Alberto Anaya Guti\u00e9rrez<\/b>, as\u00ed como el ex coordinador nacional de <b>Movimiento Ciudadano<\/b>\u00a0(MC),\u00a0<b>Clemente Casta\u00f1eda Hoeflich.<\/b><\/span><\/p>\n<p><span style=\"font-size: 14pt;\"><b>Manlio Fabio Beltrones Rivera<\/b>, expresidente del\u00a0<b>PRI<\/b>\u00a0entre 2015 y 2016,\u00a0<b>exgobernador<\/b>\u00a0<b>de Sonora<\/b>\u00a0e innumerables veces legislador federal, tambi\u00e9n tiene un sitio asegurado en la nueva composici\u00f3n de la\u00a0<b>C\u00e1mara de Senadores<\/b>. Ocurre lo mismo con Ricardo Anaya Cort\u00e9s, dirigente nacional del PAN de 2015 a 2017 y candidato presidencial de Acci\u00f3n Nacional en los comicios de 2018.<\/span><\/p>\n<section>\n<div class=\"teaser \">\n<div class=\"infographicWrapper\"><span style=\"font-size: 14pt;\"><b>Alejandro Gonz\u00e1lez Y\u00e1\u00f1ez<\/b>, segundo abordo en el PT, dos veces senador y dos veces diputado federal por ese partido; Carolina Viggiano Austria, secretaria general del PRI, as\u00ed como\u00a0<b>Citlalli Hern\u00e1ndez<\/b>, secretaria general de Morena y quien concretar\u00eda su reelecci\u00f3n, tambi\u00e9n se perfilan para formar parte de la C\u00e1mara alta.<\/span><\/div>\n<\/div>\n<\/section>\n<p><span style=\"font-size: 14pt;\">En la integraci\u00f3n del nuevo Senado de la Rep\u00fablica tambi\u00e9n figuran varios ex gobernadores, como <b>Manuel Velasco Coello<\/b>, ex mandatario de Chiapas de 2012 a 2018 por el PVEM y ex aspirante presidencial del bloque oficialista, as\u00ed como Mauricio Vila Dosal, exgobernador de Yucat\u00e1n por el PAN de 2018 a 2024.<\/span><\/p>\n<p><span style=\"font-size: 14pt;\">Tambi\u00e9n los ya mencionados\u00a0<b>Manlio Fabio Beltrones Rivera<\/b>, gobernador de Sonora por el PRI de 1991 a 1997; Alejandro Moreno C\u00e1rdenas, mandatario de Campeche por el Revolucionario Institucional de 2015 a 2019, y Ad\u00e1n Augusto L\u00f3pez Hern\u00e1ndez, gobernador de Tabasco de 2018 a 2021, quien adem\u00e1s se perfila para ser el coordinador de Morena en la C\u00e1mara alta.<\/span><\/p>\n<p><span style=\"font-size: 14pt;\"><b>Marcelo Ebrard Casaub\u00f3n<\/b>,\u00a0<b>exjefe de Gobierno de la Ciudad de M\u00e9xico<\/b> de 2006 a 2012 por el PRD, exsecretario de Relaciones Exteriores y ex aspirante presidencial del bloque Morena-PT-PVEM, tambi\u00e9n tendr\u00eda un esca\u00f1o asegurado en el Senado por la v\u00eda plurinominal. Esta ser\u00eda la segunda ocasi\u00f3n en que el ex canciller asuma un cargo legislativo, ya que entre 1997 y 2000 fue diputado federal por el Partido Verde Ecologista de M\u00e9xico.<\/span><\/p>\n<p><span style=\"font-size: 14pt;\">A dicha lista de exgobernadores se suma Javier Corral Jurado, exgobernador de Chihuahua por el PAN de 2016 a 2021, quien se sum\u00f3 a Morena y a la candidatura presidencial de Claudia Sheinbaum Pardo y es el encargado del \u201cplan anticorrupci\u00f3n\u201d de la virtual ganadora en los comicios del domingo.<\/span><\/p>\n<\/div>\n<\/article>\n","protected":false},"excerpt":{"rendered":"<p>Morena\u00a0y sus aliados se perfilan para alcanzar la\u00a0mayor\u00eda calificada en el Congreso de la Uni\u00f3n, con lo que el bloque<\/p>\n","protected":false},"author":4,"featured_media":39140,"comment_status":"closed","ping_status":"closed","sticky":false,"template":"","format":"standard","meta":{"colormag_page_container_layout":"default_layout","colormag_page_sidebar_layout":"default_layout","_jetpack_memberships_contains_paid_content":false,"footnotes":"","jetpack_publicize_message":"","jetpack_publicize_feature_enabled":true,"jetpack_social_post_already_shared":false,"jetpack_social_options":{"image_generator_settings":{"template":"highway","default_image_id":0,"font":"","enabled":false},"version":2}},"categories":[33],"tags":[1058],"class_list":["post-39138","post","type-post","status-publish","format-standard","has-post-thumbnail","hentry","category-nacional","tag-constitucion"],"jetpack_publicize_connections":[],"jetpack_featured_media_url":"https:\/\/i0.wp.com\/politicosaldesnudo.com.mx\/wp-content\/uploads\/2024\/06\/congreso_lovera.png?fit=1140%2C712&ssl=1","jetpack-related-posts":[],"jetpack_sharing_enabled":true,"_links":{"self":[{"href":"https:\/\/politicosaldesnudo.com.mx\/index.php\/wp-json\/wp\/v2\/posts\/39138","targetHints":{"allow":["GET"]}}],"collection":[{"href":"https:\/\/politicosaldesnudo.com.mx\/index.php\/wp-json\/wp\/v2\/posts"}],"about":[{"href":"https:\/\/politicosaldesnudo.com.mx\/index.php\/wp-json\/wp\/v2\/types\/post"}],"author":[{"embeddable":true,"href":"https:\/\/politicosaldesnudo.com.mx\/index.php\/wp-json\/wp\/v2\/users\/4"}],"replies":[{"embeddable":true,"href":"https:\/\/politicosaldesnudo.com.mx\/index.php\/wp-json\/wp\/v2\/comments?post=39138"}],"version-history":[{"count":0,"href":"https:\/\/politicosaldesnudo.com.mx\/index.php\/wp-json\/wp\/v2\/posts\/39138\/revisions"}],"wp:featuredmedia":[{"embeddable":true,"href":"https:\/\/politicosaldesnudo.com.mx\/index.php\/wp-json\/wp\/v2\/media\/39140"}],"wp:attachment":[{"href":"https:\/\/politicosaldesnudo.com.mx\/index.php\/wp-json\/wp\/v2\/media?parent=39138"}],"wp:term":[{"taxonomy":"category","embeddable":true,"href":"https:\/\/politicosaldesnudo.com.mx\/index.php\/wp-json\/wp\/v2\/categories?post=39138"},{"taxonomy":"post_tag","embeddable":true,"href":"https:\/\/politicosaldesnudo.com.mx\/index.php\/wp-json\/wp\/v2\/tags?post=39138"}],"curies":[{"name":"wp","href":"https:\/\/api.w.org\/{rel}","templated":true}]}}