{"id":39153,"date":"2024-06-04T09:03:00","date_gmt":"2024-06-04T14:03:00","guid":{"rendered":"https:\/\/politicosaldesnudo.com.mx\/?p=39153"},"modified":"2024-06-04T09:03:00","modified_gmt":"2024-06-04T14:03:00","slug":"comenzar-de-cero","status":"publish","type":"post","link":"https:\/\/politicosaldesnudo.com.mx\/index.php\/2024\/06\/04\/comenzar-de-cero\/","title":{"rendered":"Comenzar de cero"},"content":{"rendered":"<p><span style=\"font-size: 14pt;\"><strong>Por Aurelio Contreras Moreno<\/strong><\/span><\/p>\n<p><span style=\"font-size: 14pt;\">M\u00e1s all\u00e1 del resultado de la elecci\u00f3n, contundente m\u00e1s no convincente, al tratarse de uno de los procesos m\u00e1s viciados y plagados de ilegalidades de la historia moderna de los comicios en M\u00e9xico, lo cual merece un an\u00e1lisis aparte, lo importante es lo que viene: la destrucci\u00f3n de las instituciones de la primera alternancia y la transici\u00f3n democr\u00e1tica.<\/span><\/p>\n<p><span style=\"font-size: 14pt;\">Horas despu\u00e9s de que un destartalado Instituto Nacional Electoral fuera capaz de dar a conocer los resultados de la elecci\u00f3n, que en otros a\u00f1os se informaban no m\u00e1s all\u00e1 de las 10 de la noche para brindar certeza, el presidente Andr\u00e9s Manuel L\u00f3pez Obrador reafirm\u00f3 qui\u00e9n manda \u2013y pretende seguir haci\u00e9ndolo- en el pa\u00eds, y anunci\u00f3 que llevar\u00e1 a cabo sus planes de desmantelamiento de los contrapesos institucionales al Poder Ejecutivo antes de irse.<\/span><\/p>\n<p><span style=\"font-size: 14pt;\">\u201cLo voy a hablar con Claudia, la virtual presidenta electa, porque presentamos iniciativas que est\u00e1n en el Congreso, a ver cu\u00e1les de esas iniciativas podemos impulsar y que se alcancen a aprobar. (\u2026) Nos tenemos que poner de acuerdo para ver esas iniciativas con Claudia y otras cosas que tenemos que ver de manera conjunta\u201d, dijo en su \u201cma\u00f1anera\u201d de este lunes, \u201ctirando l\u00ednea\u201d a quien se perfila como su sucesora, pero que asumir\u00e1 el poder un mes despu\u00e9s de que entre en funciones el nuevo Congreso de la Uni\u00f3n, que estar\u00e1 dominado por Morena.<\/span><\/p>\n<p><span style=\"font-size: 14pt;\">Ya conocemos cu\u00e1les son esas reformas de las que habla: desaparici\u00f3n de organismos aut\u00f3nomos como el Instituto Nacional de Transparencia y Acceso a la Informaci\u00f3n (INAI) y el Instituto Federal de Telecomunicaciones, as\u00ed como la m\u00e1s regresiva de todas, la que desmantela a la Suprema Corte de Justicia de la Naci\u00f3n y manda al terreno de la decisi\u00f3n de las masas \u2013que ya vimos bajo qu\u00e9 par\u00e1metros sufragan- la elecci\u00f3n de jueces y magistrados, en un entorno de dominio de una sola fuerza pol\u00edtica.<\/span><\/p>\n<p><span style=\"font-size: 14pt;\">Esas reformas \u2013junto con una anunciada reforma electoral que borre a la oposici\u00f3n y mate la autonom\u00eda de los \u00f3rganos electorales- ser\u00e1n posibles de aprobar con la mayor\u00eda calificada que los electores le otorgaron al obradorato, y que el presidente quiere consumar todav\u00eda dentro de su periodo como una suerte de revancha final.<\/span><\/p>\n<p><span style=\"font-size: 14pt;\">Independientemente de los \u00e1nimos y resentimientos de L\u00f3pez Obrador y de la humillaci\u00f3n propinada a la virtual presidenta electa al darle ese tipo de instrucciones p\u00fablicamente \u2013cuando las cifras oficiales le otorgan a Sheinbaum una votaci\u00f3n mayor a la obtenida por el actual mandatario en 2018, lo que implicar\u00eda, en teor\u00eda, un capital pol\u00edtico superior para ella-, lo cierto es que a partir del 1 de septiembre contar\u00e1n con todas las armas pol\u00edtico-legislativas para sacar adelante lo que no pudieron en el sexenio que agoniza.<\/span><\/p>\n<p><span style=\"font-size: 14pt;\">Y eso implicar\u00e1 retroceder 20, 30, 40 y hasta 50 a\u00f1os. El sometimiento de los poderes Legislativo y Ejecutivo a las decisiones del Ejecutivo colocar\u00e1 a M\u00e9xico por lo menos en la d\u00e9cada de los 80, en la \u00e9poca en la que el presidente no necesitaba interlocuci\u00f3n alguna con otras fuerzas pol\u00edticas, hac\u00eda su voluntad y abusaba del poder sin despeinarse, pues hab\u00eda un partido hegem\u00f3nico cuya fuerza le bastaba para aprobar todas las reformas legales que quisiera y pasar por encima de cualquiera.<\/span><\/p>\n<p><span style=\"font-size: 14pt;\">Acabar con la autonom\u00eda de la Corte y con los organismos que sirven no solo como contrapesos, sino como fiscalizadores de las decisiones del poder sobre los recursos p\u00fablicos, esfumar\u00e1 la de por s\u00ed d\u00e9bil rendici\u00f3n de cuentas en un pa\u00eds donde campean la corrupci\u00f3n y la impunidad. Y el avasallamiento que se pretende para de plano anular la posibilidad de oposici\u00f3n y disenso partidista, podr\u00eda convertir el 2030 en otro 1976, cuando compiti\u00f3 un solo candidato por la Presidencia de la Rep\u00fablica. Y que como \u00e9l mismo declar\u00f3 tiempo despu\u00e9s, con que su mam\u00e1 hubiese votado por \u00e9l, habr\u00eda ganado la elecci\u00f3n.<\/span><\/p>\n<p><span style=\"font-size: 14pt;\">Ante este funesto, pero muy probable escenario de los tiempos por venir, la ciudadan\u00eda que cree en la democracia, en la libertad de expresi\u00f3n, en la pluralidad de ideas, en la rendici\u00f3n de cuentas, en la transparencia, en la equidad y fundamentalmente en la democracia, tendr\u00e1 una sola alternativa, que ya recorrieron antes quienes lucharon contra el viejo r\u00e9gimen priista, hoy reencarnado en el morenato.<\/span><\/p>\n<p><span style=\"font-size: 14pt;\">Comenzar de cero. Y andar de nuevo el camino.<\/span><\/p>\n","protected":false},"excerpt":{"rendered":"<p>Por Aurelio Contreras Moreno M\u00e1s all\u00e1 del resultado de la elecci\u00f3n, contundente m\u00e1s no convincente, al tratarse de uno de<\/p>\n","protected":false},"author":4,"featured_media":3786,"comment_status":"closed","ping_status":"closed","sticky":false,"template":"","format":"standard","meta":{"colormag_page_container_layout":"default_layout","colormag_page_sidebar_layout":"default_layout","_jetpack_memberships_contains_paid_content":false,"footnotes":"","jetpack_publicize_message":"","jetpack_publicize_feature_enabled":true,"jetpack_social_post_already_shared":false,"jetpack_social_options":{"image_generator_settings":{"template":"highway","default_image_id":0,"font":"","enabled":false},"version":2}},"categories":[26],"tags":[],"class_list":["post-39153","post","type-post","status-publish","format-standard","has-post-thumbnail","hentry","category-columnistas"],"jetpack_publicize_connections":[],"jetpack_featured_media_url":"https:\/\/i0.wp.com\/politicosaldesnudo.com.mx\/wp-content\/uploads\/2022\/04\/AURELIO-CONTRERAS-MORENO.png?fit=1816%2C1016&ssl=1","jetpack-related-posts":[],"jetpack_sharing_enabled":true,"_links":{"self":[{"href":"https:\/\/politicosaldesnudo.com.mx\/index.php\/wp-json\/wp\/v2\/posts\/39153","targetHints":{"allow":["GET"]}}],"collection":[{"href":"https:\/\/politicosaldesnudo.com.mx\/index.php\/wp-json\/wp\/v2\/posts"}],"about":[{"href":"https:\/\/politicosaldesnudo.com.mx\/index.php\/wp-json\/wp\/v2\/types\/post"}],"author":[{"embeddable":true,"href":"https:\/\/politicosaldesnudo.com.mx\/index.php\/wp-json\/wp\/v2\/users\/4"}],"replies":[{"embeddable":true,"href":"https:\/\/politicosaldesnudo.com.mx\/index.php\/wp-json\/wp\/v2\/comments?post=39153"}],"version-history":[{"count":0,"href":"https:\/\/politicosaldesnudo.com.mx\/index.php\/wp-json\/wp\/v2\/posts\/39153\/revisions"}],"wp:featuredmedia":[{"embeddable":true,"href":"https:\/\/politicosaldesnudo.com.mx\/index.php\/wp-json\/wp\/v2\/media\/3786"}],"wp:attachment":[{"href":"https:\/\/politicosaldesnudo.com.mx\/index.php\/wp-json\/wp\/v2\/media?parent=39153"}],"wp:term":[{"taxonomy":"category","embeddable":true,"href":"https:\/\/politicosaldesnudo.com.mx\/index.php\/wp-json\/wp\/v2\/categories?post=39153"},{"taxonomy":"post_tag","embeddable":true,"href":"https:\/\/politicosaldesnudo.com.mx\/index.php\/wp-json\/wp\/v2\/tags?post=39153"}],"curies":[{"name":"wp","href":"https:\/\/api.w.org\/{rel}","templated":true}]}}