{"id":39155,"date":"2024-06-05T07:43:43","date_gmt":"2024-06-05T12:43:43","guid":{"rendered":"https:\/\/politicosaldesnudo.com.mx\/?p=39155"},"modified":"2024-06-05T07:43:43","modified_gmt":"2024-06-05T12:43:43","slug":"inundaciones-en-brasil-provocan-perdidas-de-cereales-y-animales","status":"publish","type":"post","link":"https:\/\/politicosaldesnudo.com.mx\/index.php\/2024\/06\/05\/inundaciones-en-brasil-provocan-perdidas-de-cereales-y-animales\/","title":{"rendered":"Inundaciones en Brasil provocan p\u00e9rdidas de cereales y animales"},"content":{"rendered":"<div id=\"article-content-tts\" class=\"nota-contenido mb-5\">\n<div id=\"content_nitf\">\n<p><span style=\"font-size: 14pt;\">Las p\u00e9rdidas de soya relacionadas con las recientes inundaciones en Rio Grande do Sul, el estado m\u00e1s meridional de Brasil, se estimaron en 2.71 millones de toneladas m\u00e9tricas, inform\u00f3 el martes la agencia de cultivos Emater, en l\u00ednea con las previsiones privadas que oscilaban entre 2.8 y 3 millones de toneladas.<\/span><\/p>\n<p><span style=\"font-size: 14pt;\">Emater dijo en un comunicado que espera que la cosecha de soya de Rio Grande do Sul alcance los 19.53 millones de toneladas esta temporada, por debajo de los 22.24 millones de toneladas previstos anteriormente.<\/span><\/p>\n<p><span style=\"font-size: 14pt;\">La producci\u00f3n ganadera de Rio Grande do Sul tambi\u00e9n se vio gravemente afectada y necesitar\u00e1 mucho tiempo para recuperarse, indic\u00f3 Emater citando datos de las agencias de desarrollo agr\u00edcola y rural del estado.<\/span><\/p>\n<p><span style=\"font-size: 14pt;\">Unos tres mil 711 granjeros se vieron afectados, principalmente avicultores, que perdieron un mill\u00f3n 198 mil cabezas tras las inundaciones y los corrimientos de tierras en algunas zonas.<\/span><\/p>\n<p><span style=\"font-size: 14pt;\">Tambi\u00e9n hubo p\u00e9rdidas sustanciales de ganado vacuno y lechero, cerdos, peces y abejas, se\u00f1al\u00f3 Emater, sin dar detalles.<\/span><\/p>\n<p><span style=\"font-size: 14pt;\">En las zonas rurales, m\u00e1s de 206 mil propiedades resultaron afectadas, con p\u00e9rdidas en la producci\u00f3n y da\u00f1os en las infraestructuras, incluidas carreteras e instalaciones de almacenamiento de alimentos.<\/span><\/p>\n<\/div>\n<\/div>\n","protected":false},"excerpt":{"rendered":"<p>Las p\u00e9rdidas de soya relacionadas con las recientes inundaciones en Rio Grande do Sul, el estado m\u00e1s meridional de Brasil,<\/p>\n","protected":false},"author":4,"featured_media":39156,"comment_status":"closed","ping_status":"closed","sticky":false,"template":"","format":"standard","meta":{"colormag_page_container_layout":"default_layout","colormag_page_sidebar_layout":"default_layout","_jetpack_memberships_contains_paid_content":false,"footnotes":"","jetpack_publicize_message":"","jetpack_publicize_feature_enabled":true,"jetpack_social_post_already_shared":false,"jetpack_social_options":{"image_generator_settings":{"template":"highway","default_image_id":0,"font":"","enabled":false},"version":2}},"categories":[28],"tags":[],"class_list":["post-39155","post","type-post","status-publish","format-standard","has-post-thumbnail","hentry","category-internacional"],"jetpack_publicize_connections":[],"jetpack_featured_media_url":"https:\/\/i0.wp.com\/politicosaldesnudo.com.mx\/wp-content\/uploads\/2024\/06\/BB1mquzy.jpg?fit=1024%2C576&ssl=1","jetpack-related-posts":[],"jetpack_sharing_enabled":true,"_links":{"self":[{"href":"https:\/\/politicosaldesnudo.com.mx\/index.php\/wp-json\/wp\/v2\/posts\/39155","targetHints":{"allow":["GET"]}}],"collection":[{"href":"https:\/\/politicosaldesnudo.com.mx\/index.php\/wp-json\/wp\/v2\/posts"}],"about":[{"href":"https:\/\/politicosaldesnudo.com.mx\/index.php\/wp-json\/wp\/v2\/types\/post"}],"author":[{"embeddable":true,"href":"https:\/\/politicosaldesnudo.com.mx\/index.php\/wp-json\/wp\/v2\/users\/4"}],"replies":[{"embeddable":true,"href":"https:\/\/politicosaldesnudo.com.mx\/index.php\/wp-json\/wp\/v2\/comments?post=39155"}],"version-history":[{"count":0,"href":"https:\/\/politicosaldesnudo.com.mx\/index.php\/wp-json\/wp\/v2\/posts\/39155\/revisions"}],"wp:featuredmedia":[{"embeddable":true,"href":"https:\/\/politicosaldesnudo.com.mx\/index.php\/wp-json\/wp\/v2\/media\/39156"}],"wp:attachment":[{"href":"https:\/\/politicosaldesnudo.com.mx\/index.php\/wp-json\/wp\/v2\/media?parent=39155"}],"wp:term":[{"taxonomy":"category","embeddable":true,"href":"https:\/\/politicosaldesnudo.com.mx\/index.php\/wp-json\/wp\/v2\/categories?post=39155"},{"taxonomy":"post_tag","embeddable":true,"href":"https:\/\/politicosaldesnudo.com.mx\/index.php\/wp-json\/wp\/v2\/tags?post=39155"}],"curies":[{"name":"wp","href":"https:\/\/api.w.org\/{rel}","templated":true}]}}