{"id":39210,"date":"2024-06-05T09:00:44","date_gmt":"2024-06-05T14:00:44","guid":{"rendered":"https:\/\/politicosaldesnudo.com.mx\/?p=39210"},"modified":"2024-06-05T09:00:44","modified_gmt":"2024-06-05T14:00:44","slug":"xochitl-galvez-regresa-al-senado-tras-perder-la-eleccion-presidencial","status":"publish","type":"post","link":"https:\/\/politicosaldesnudo.com.mx\/index.php\/2024\/06\/05\/xochitl-galvez-regresa-al-senado-tras-perder-la-eleccion-presidencial\/","title":{"rendered":"X\u00f3chitl G\u00e1lvez regresa al Senado, tras perder la elecci\u00f3n presidencial"},"content":{"rendered":"<div>\n<div id=\"content-body-225-12035274\">\n<p><span style=\"font-size: 14pt;\">X\u00f3chitl G\u00e1lvez, candidata presidencial,\u00a0solicit\u00f3\u00a0a la mesa directiva del\u00a0Senado\u00a0su reincorporaci\u00f3n\u00a0para tomar su lugar en la C\u00e1mara Alta.<\/span><\/p>\n<p><span style=\"font-size: 14pt;\">Ana Lilia Rivera, presidenta de la Mesa Directiva del Senado, recibi\u00f3 un oficio de\u00a0X\u00f3chitl G\u00e1lvez\u00a0en el cual informa que\u00a0retomar\u00e1 su esca\u00f1o desde\u00a0este mismo\u00a04 de junio.<\/span><\/p>\n<\/div>\n<\/div>\n<div>\n<div id=\"dfp-nota-1x3s\" data-google-query-id=\"CMqb4JjPxIYDFYPpKAUdntYBLQ\">\n<div id=\"google_ads_iframe_\/2000002\/la-prensa\/mexico_nota_1x3_0__container__\"><span style=\"font-size: 14pt;\">Tras los resultados de las elecciones 2024, realizadas el domingo pasado, X\u00f3chitl G\u00e1lvez\u00a0Ruiz\u00a0regresar\u00e1\u00a0a su trabajo parlamentario\u00a0estos casi tres meses que a\u00fan le quedan a la\u00a0presente\u00a0Legislatura.<\/span><\/div>\n<\/div>\n<\/div>\n<article>\n<div id=\"content-body-5851641-12035274\">\n<p><span style=\"font-size: 14pt;\">Con el regreso de G\u00e1lvez Ruiz al Senado, su suplente Laura Ballesteros, quien coordin\u00f3 la campa\u00f1a de\u00a0Jorge \u00c1lvarez M\u00e1ynez, tendr\u00e1 que dejar la C\u00e1mara Alta.<\/span><\/p>\n<p><span style=\"font-size: 14pt;\"><strong>\u00bfPor qu\u00e9 X\u00f3chitl G\u00e1lvez solicit\u00f3 licencia en el Senado?<\/strong><\/span><\/p>\n<p><span style=\"font-size: 14pt;\">X\u00f3chitl G\u00e1lvez solicit\u00f3 licencia\u00a0como senadora por tiempo indefinido desde el 20 de noviembre de 2023, con la finalidad de\u00a0participar en las elecciones presidenciales, por lo cual su lugar fue ocupado por su suplente, Laura Ira\u00eds Ballesteros Mancilla de Movimiento Ciudadano.<\/span><\/p>\n<p><span style=\"font-size: 14pt;\">La candidata presidencial de la alianza PAN, PRI y PRD, regresa\u00a0despu\u00e9s de un proceso en el que venci\u00f3 a figuras como Beatriz Paredes y Enrique de la Madrid.<\/span><\/p>\n<p><span style=\"font-size: 14pt;\">La hidalguense particip\u00f3 en las\u00a0elecciones presidenciales\u00a0del pasado domingo 2 de junio, en las que\u00a0perdi\u00f3 por m\u00e1s de 30 puntos\u00a0de diferencia\u00a0ante\u00a0Claudia Sheinbaum, esto seg\u00fan datos preliminares del Instituto Nacional Electoral (INE).<\/span><\/p>\n<\/div>\n<\/article>\n","protected":false},"excerpt":{"rendered":"<p>X\u00f3chitl G\u00e1lvez, candidata presidencial,\u00a0solicit\u00f3\u00a0a la mesa directiva del\u00a0Senado\u00a0su reincorporaci\u00f3n\u00a0para tomar su lugar en la C\u00e1mara Alta. Ana Lilia Rivera, presidenta<\/p>\n","protected":false},"author":4,"featured_media":39211,"comment_status":"closed","ping_status":"closed","sticky":false,"template":"","format":"standard","meta":{"colormag_page_container_layout":"default_layout","colormag_page_sidebar_layout":"default_layout","_jetpack_memberships_contains_paid_content":false,"footnotes":"","jetpack_publicize_message":"","jetpack_publicize_feature_enabled":true,"jetpack_social_post_already_shared":false,"jetpack_social_options":{"image_generator_settings":{"template":"highway","default_image_id":0,"font":"","enabled":false},"version":2}},"categories":[33],"tags":[2120],"class_list":["post-39210","post","type-post","status-publish","format-standard","has-post-thumbnail","hentry","category-nacional","tag-xochitl-galvez"],"jetpack_publicize_connections":[],"jetpack_featured_media_url":"https:\/\/i0.wp.com\/politicosaldesnudo.com.mx\/wp-content\/uploads\/2024\/06\/xochitl-galvez.png?fit=633%2C423&ssl=1","jetpack-related-posts":[],"jetpack_sharing_enabled":true,"_links":{"self":[{"href":"https:\/\/politicosaldesnudo.com.mx\/index.php\/wp-json\/wp\/v2\/posts\/39210","targetHints":{"allow":["GET"]}}],"collection":[{"href":"https:\/\/politicosaldesnudo.com.mx\/index.php\/wp-json\/wp\/v2\/posts"}],"about":[{"href":"https:\/\/politicosaldesnudo.com.mx\/index.php\/wp-json\/wp\/v2\/types\/post"}],"author":[{"embeddable":true,"href":"https:\/\/politicosaldesnudo.com.mx\/index.php\/wp-json\/wp\/v2\/users\/4"}],"replies":[{"embeddable":true,"href":"https:\/\/politicosaldesnudo.com.mx\/index.php\/wp-json\/wp\/v2\/comments?post=39210"}],"version-history":[{"count":0,"href":"https:\/\/politicosaldesnudo.com.mx\/index.php\/wp-json\/wp\/v2\/posts\/39210\/revisions"}],"wp:featuredmedia":[{"embeddable":true,"href":"https:\/\/politicosaldesnudo.com.mx\/index.php\/wp-json\/wp\/v2\/media\/39211"}],"wp:attachment":[{"href":"https:\/\/politicosaldesnudo.com.mx\/index.php\/wp-json\/wp\/v2\/media?parent=39210"}],"wp:term":[{"taxonomy":"category","embeddable":true,"href":"https:\/\/politicosaldesnudo.com.mx\/index.php\/wp-json\/wp\/v2\/categories?post=39210"},{"taxonomy":"post_tag","embeddable":true,"href":"https:\/\/politicosaldesnudo.com.mx\/index.php\/wp-json\/wp\/v2\/tags?post=39210"}],"curies":[{"name":"wp","href":"https:\/\/api.w.org\/{rel}","templated":true}]}}