{"id":3923,"date":"2022-04-14T12:56:40","date_gmt":"2022-04-14T17:56:40","guid":{"rendered":"https:\/\/politicosaldesnudo.com.mx\/?p=3923"},"modified":"2022-04-14T12:56:40","modified_gmt":"2022-04-14T17:56:40","slug":"cdmx-suma-mas-cambios-de-genero-a-cinco-menores-de-edad","status":"publish","type":"post","link":"https:\/\/politicosaldesnudo.com.mx\/index.php\/2022\/04\/14\/cdmx-suma-mas-cambios-de-genero-a-cinco-menores-de-edad\/","title":{"rendered":"CdMx suma m\u00e1s cambios de g\u00e9nero a cinco menores de edad"},"content":{"rendered":"<p class=\"p1\"><span class=\"s1\"><b>Ciudad de M\u00e9xico. <\/b><\/span>Se aprobaron cambios de g\u00e9nero a cuatro adolescentes de 17 a\u00f1os y una de 16, en la Ciudad de M\u00e9xico, seg\u00fan inform\u00f3 mediante un comunicado la Consejer\u00eda Jur\u00eddica de Servicios Legales (CEJUR).<\/p>\n<p class=\"p1\"><strong>Con esto suman 76 personas tienen ya una nueva acta de nacimiento.<\/strong><\/p>\n<p class=\"p1\">Los adolescentes estuvieron en todo momento acompa\u00f1ados de sus familiares, tal como lo establecen los lineamientos de la Gaceta Oficial el 27 publicada en agosto de 2021.<\/p>\n<blockquote>\n<p class=\"p1\">\u00abEl Consejo integrado por representantes de la Consejer\u00eda Jur\u00eddica y de Servicios Legales, el Registro Civil, las secretar\u00edas de Inclusi\u00f3n y Bienestar Social y de Gobierno, el Consejo para Prevenir y Eliminar la Discriminaci\u00f3n local, y la Secretar\u00eda Ejecutiva del Mecanismo de Seguimiento y Evaluaci\u00f3n del Programa de los Derechos Humanos, hizo efectivo el derecho de esos adolescentes a su identidad autopercibida\u00bb, apunt\u00f3 la Consejer\u00eda.<\/p>\n<\/blockquote>\n<p class=\"p1\">N\u00e9stor Vargas Solano, consejero jur\u00eddico y de servicios legales, dijo que con este proceso administrativo el gobierno atiende a los adolescentes que demandan este derecho fundamental.<\/p>\n<p>&nbsp;<\/p>\n<p><img data-recalc-dims=\"1\" loading=\"lazy\" decoding=\"async\" class=\"aligncenter wp-image-3925 size-large\" src=\"https:\/\/i0.wp.com\/politicosaldesnudo.com.mx\/wp-content\/uploads\/2022\/04\/P-TRANS2-1024x573.png?resize=800%2C448&#038;ssl=1\" alt=\"\" width=\"800\" height=\"448\" srcset=\"https:\/\/i0.wp.com\/politicosaldesnudo.com.mx\/wp-content\/uploads\/2022\/04\/P-TRANS2.png?resize=1024%2C573&amp;ssl=1 1024w, https:\/\/i0.wp.com\/politicosaldesnudo.com.mx\/wp-content\/uploads\/2022\/04\/P-TRANS2.png?resize=300%2C168&amp;ssl=1 300w, https:\/\/i0.wp.com\/politicosaldesnudo.com.mx\/wp-content\/uploads\/2022\/04\/P-TRANS2.png?resize=768%2C430&amp;ssl=1 768w, https:\/\/i0.wp.com\/politicosaldesnudo.com.mx\/wp-content\/uploads\/2022\/04\/P-TRANS2.png?resize=1536%2C859&amp;ssl=1 1536w, https:\/\/i0.wp.com\/politicosaldesnudo.com.mx\/wp-content\/uploads\/2022\/04\/P-TRANS2.png?w=1816&amp;ssl=1 1816w, https:\/\/i0.wp.com\/politicosaldesnudo.com.mx\/wp-content\/uploads\/2022\/04\/P-TRANS2.png?w=1600&amp;ssl=1 1600w\" sizes=\"auto, (max-width: 800px) 100vw, 800px\" \/><\/p>\n<p>&nbsp;<\/p>\n<blockquote>\n<p class=\"p1\">Una vez que se realiza el cambio en el registro de nacimiento, la Direcci\u00f3n General del Registro Civil notifica a las secretar\u00edas de Gobernaci\u00f3n, Educaci\u00f3n P\u00fablica, de Salud y Relaciones Exteriores las modificaciones correspondientes.<\/p>\n<\/blockquote>\n<p>&nbsp;<\/p>\n<p>&nbsp;<\/p>\n<p>&nbsp;<\/p>\n<p>&nbsp;<\/p>\n<p>&nbsp;<\/p>\n<p>&nbsp;<\/p>\n","protected":false},"excerpt":{"rendered":"<p>Ciudad de M\u00e9xico. Se aprobaron cambios de g\u00e9nero a cuatro adolescentes de 17 a\u00f1os y una de 16, en la<\/p>\n","protected":false},"author":4,"featured_media":3924,"comment_status":"closed","ping_status":"closed","sticky":false,"template":"","format":"standard","meta":{"colormag_page_container_layout":"default_layout","colormag_page_sidebar_layout":"default_layout","_jetpack_memberships_contains_paid_content":false,"footnotes":"","jetpack_publicize_message":"","jetpack_publicize_feature_enabled":true,"jetpack_social_post_already_shared":false,"jetpack_social_options":{"image_generator_settings":{"template":"highway","default_image_id":0,"font":"","enabled":false},"version":2}},"categories":[30],"tags":[424,425,423],"class_list":["post-3923","post","type-post","status-publish","format-standard","has-post-thumbnail","hentry","category-estados","tag-cambios-genero","tag-cejur","tag-ciudad-de-mexico"],"jetpack_publicize_connections":[],"jetpack_featured_media_url":"https:\/\/i0.wp.com\/politicosaldesnudo.com.mx\/wp-content\/uploads\/2022\/04\/P-TRANS.png?fit=1816%2C1016&ssl=1","jetpack-related-posts":[],"jetpack_sharing_enabled":true,"_links":{"self":[{"href":"https:\/\/politicosaldesnudo.com.mx\/index.php\/wp-json\/wp\/v2\/posts\/3923","targetHints":{"allow":["GET"]}}],"collection":[{"href":"https:\/\/politicosaldesnudo.com.mx\/index.php\/wp-json\/wp\/v2\/posts"}],"about":[{"href":"https:\/\/politicosaldesnudo.com.mx\/index.php\/wp-json\/wp\/v2\/types\/post"}],"author":[{"embeddable":true,"href":"https:\/\/politicosaldesnudo.com.mx\/index.php\/wp-json\/wp\/v2\/users\/4"}],"replies":[{"embeddable":true,"href":"https:\/\/politicosaldesnudo.com.mx\/index.php\/wp-json\/wp\/v2\/comments?post=3923"}],"version-history":[{"count":0,"href":"https:\/\/politicosaldesnudo.com.mx\/index.php\/wp-json\/wp\/v2\/posts\/3923\/revisions"}],"wp:featuredmedia":[{"embeddable":true,"href":"https:\/\/politicosaldesnudo.com.mx\/index.php\/wp-json\/wp\/v2\/media\/3924"}],"wp:attachment":[{"href":"https:\/\/politicosaldesnudo.com.mx\/index.php\/wp-json\/wp\/v2\/media?parent=3923"}],"wp:term":[{"taxonomy":"category","embeddable":true,"href":"https:\/\/politicosaldesnudo.com.mx\/index.php\/wp-json\/wp\/v2\/categories?post=3923"},{"taxonomy":"post_tag","embeddable":true,"href":"https:\/\/politicosaldesnudo.com.mx\/index.php\/wp-json\/wp\/v2\/tags?post=3923"}],"curies":[{"name":"wp","href":"https:\/\/api.w.org\/{rel}","templated":true}]}}