{"id":39266,"date":"2024-06-06T08:34:14","date_gmt":"2024-06-06T13:34:14","guid":{"rendered":"https:\/\/politicosaldesnudo.com.mx\/?p=39266"},"modified":"2024-06-06T08:34:14","modified_gmt":"2024-06-06T13:34:14","slug":"canada-primer-pais-del-g7-en-recortar-tasas-de-interes","status":"publish","type":"post","link":"https:\/\/politicosaldesnudo.com.mx\/index.php\/2024\/06\/06\/canada-primer-pais-del-g7-en-recortar-tasas-de-interes\/","title":{"rendered":"Canad\u00e1, primer pa\u00eds del G7 en recortar tasas de inter\u00e9s"},"content":{"rendered":"<p><span style=\"font-size: 14pt;\">El banco central canadiense recort\u00f3 su tasa de referencia en 25 pb hasta 4.75%, ante la evidencia de que la inflaci\u00f3n subyacente se ha desacelerado en los \u00faltimos meses.<\/span><\/p>\n<p><span style=\"font-size: 14pt;\">El Banco de Canad\u00e1 recort\u00f3 ayer su tasa de inter\u00e9s de referencia en 25 puntos base (pb), lo que puso fin a dos a\u00f1os de pol\u00edtica monetaria agresiva para contener la inflaci\u00f3n.<\/span><\/p>\n<p><span style=\"font-size: 14pt;\">La reducci\u00f3n situ\u00f3 la tasa en 4.75%, convirtiendo a Canad\u00e1 en la primera econom\u00eda del Grupo de los Siete (G7) en relajar su pol\u00edtica monetaria en el ciclo actual.<\/span><\/p>\n<p><span style=\"font-size: 14pt;\">\u201cAnte la continua evidencia de que la inflaci\u00f3n subyacente est\u00e1 remitiendo, el Consejo de Gobierno acord\u00f3 que la pol\u00edtica monetaria ya no necesita ser tan restrictiva y se reduce la tasa de inter\u00e9s oficial\u201d, dijo el Banco de Canad\u00e1 en un comunicado.<\/span><\/p>\n<p><span style=\"font-size: 14pt;\">En conferencia de prensa, Tiff Macklem, gobernador del banco central canadiense, se mostr\u00f3 animado: \u201cHemos avanzado mucho en la lucha contra la inflaci\u00f3n y la confianza de que seguir\u00e1 acerc\u00e1ndose al objetivo de 2% ha aumentado en los \u00faltimos meses\u201d.<\/span><\/p>\n<p><span style=\"font-size: 14pt;\">Macklem se\u00f1al\u00f3 que \u201cla pol\u00edtica monetaria restrictiva est\u00e1 funcionando para aliviar las presiones sobre los precios\u201d.<\/span><\/p>\n<p><span style=\"font-size: 14pt;\">Con m\u00e1s pruebas sostenidas de que la inflaci\u00f3n subyacente se est\u00e1 atenuando, dijo, resulta apropiado bajar la tasa de inter\u00e9s oficial. Si la inflaci\u00f3n sigue moder\u00e1ndose como se espera, a\u00f1adi\u00f3, \u201ces razonable esperar nuevos recortes\u201d.<\/span><\/p>\n<p><span style=\"font-size: 14pt;\"><strong>Acci\u00f3n preventiva<\/strong><\/span><br \/>\n<span style=\"font-size: 14pt;\">Los economistas ya esperaban este primer recorte de r\u00e9ditos en cuatro a\u00f1os.<\/span><\/p>\n<p><span style=\"font-size: 14pt;\">En lugar de esperar a que se consolide una recesi\u00f3n, los funcionarios act\u00faan de forma preventiva para guiar la econom\u00eda hacia un aterrizaje suave\u201d, explic\u00f3 Royce Mendes, analista de Desjardins, en una nota de investigaci\u00f3n.<\/span><\/p>\n<p><span style=\"font-size: 14pt;\">El experto predijo que la pr\u00f3xima reducci\u00f3n podr\u00eda producirse en julio.<\/span><\/p>\n<p><span style=\"font-size: 14pt;\">Con estas medidas, la tasa de inter\u00e9s de referencia se situar\u00eda en torno a 3.5% a mediados del pr\u00f3ximo a\u00f1o.<\/span><\/p>\n<p><span style=\"font-size: 14pt;\">El banco central empez\u00f3 a subir las tasas de inter\u00e9s desde un m\u00ednimo hist\u00f3rico de 0.25% en marzo del 2022, en un intento de frenar la creciente inflaci\u00f3n, lo que supuso la mayor sacudida de r\u00e9ditos en d\u00e9cadas en el pa\u00eds.<\/span><\/p>\n<p><span style=\"font-size: 14pt;\">Aunque el modesto recorte de ayer no abaratar\u00e1 significativamente los pr\u00e9stamos para los canadienses, se espera que el fin del ciclo de endurecimiento de la pol\u00edtica monetaria aporte nueva confianza a la econom\u00eda.<\/span><\/p>\n<p><span style=\"font-size: 14pt;\">Un nuevo recorte de los tasas tambi\u00e9n supondr\u00e1 un alivio para los propietarios de viviendas canadienses que deben renovar sus hipotecas este a\u00f1o o en el 2025.<\/span><\/p>\n","protected":false},"excerpt":{"rendered":"<p>El banco central canadiense recort\u00f3 su tasa de referencia en 25 pb hasta 4.75%, ante la evidencia de que la<\/p>\n","protected":false},"author":4,"featured_media":39267,"comment_status":"closed","ping_status":"closed","sticky":false,"template":"","format":"standard","meta":{"colormag_page_container_layout":"default_layout","colormag_page_sidebar_layout":"default_layout","_jetpack_memberships_contains_paid_content":false,"footnotes":"","jetpack_publicize_message":"","jetpack_publicize_feature_enabled":true,"jetpack_social_post_already_shared":false,"jetpack_social_options":{"image_generator_settings":{"template":"highway","default_image_id":0,"font":"","enabled":false},"version":2}},"categories":[2050],"tags":[],"class_list":["post-39266","post","type-post","status-publish","format-standard","has-post-thumbnail","hentry","category-economia"],"jetpack_publicize_connections":[],"jetpack_featured_media_url":"https:\/\/i0.wp.com\/politicosaldesnudo.com.mx\/wp-content\/uploads\/2024\/06\/774e66a22546124390dee3072da0904f.jpg?fit=1200%2C800&ssl=1","jetpack-related-posts":[],"jetpack_sharing_enabled":true,"_links":{"self":[{"href":"https:\/\/politicosaldesnudo.com.mx\/index.php\/wp-json\/wp\/v2\/posts\/39266","targetHints":{"allow":["GET"]}}],"collection":[{"href":"https:\/\/politicosaldesnudo.com.mx\/index.php\/wp-json\/wp\/v2\/posts"}],"about":[{"href":"https:\/\/politicosaldesnudo.com.mx\/index.php\/wp-json\/wp\/v2\/types\/post"}],"author":[{"embeddable":true,"href":"https:\/\/politicosaldesnudo.com.mx\/index.php\/wp-json\/wp\/v2\/users\/4"}],"replies":[{"embeddable":true,"href":"https:\/\/politicosaldesnudo.com.mx\/index.php\/wp-json\/wp\/v2\/comments?post=39266"}],"version-history":[{"count":0,"href":"https:\/\/politicosaldesnudo.com.mx\/index.php\/wp-json\/wp\/v2\/posts\/39266\/revisions"}],"wp:featuredmedia":[{"embeddable":true,"href":"https:\/\/politicosaldesnudo.com.mx\/index.php\/wp-json\/wp\/v2\/media\/39267"}],"wp:attachment":[{"href":"https:\/\/politicosaldesnudo.com.mx\/index.php\/wp-json\/wp\/v2\/media?parent=39266"}],"wp:term":[{"taxonomy":"category","embeddable":true,"href":"https:\/\/politicosaldesnudo.com.mx\/index.php\/wp-json\/wp\/v2\/categories?post=39266"},{"taxonomy":"post_tag","embeddable":true,"href":"https:\/\/politicosaldesnudo.com.mx\/index.php\/wp-json\/wp\/v2\/tags?post=39266"}],"curies":[{"name":"wp","href":"https:\/\/api.w.org\/{rel}","templated":true}]}}