{"id":3933,"date":"2022-04-14T13:09:44","date_gmt":"2022-04-14T18:09:44","guid":{"rendered":"https:\/\/politicosaldesnudo.com.mx\/?p=3933"},"modified":"2022-04-16T17:50:47","modified_gmt":"2022-04-16T22:50:47","slug":"coyotes-en-la-camara","status":"publish","type":"post","link":"https:\/\/politicosaldesnudo.com.mx\/index.php\/2022\/04\/14\/coyotes-en-la-camara\/","title":{"rendered":"Coyotes en la C\u00e1mara"},"content":{"rendered":"<p>&nbsp;<\/p>\n<p><span style=\"font-size: 14pt;\"><strong>Por Jos\u00e9 Garc\u00eda S\u00e1nchez<\/strong><\/span><\/p>\n<p><span style=\"font-size: 14pt;\">Las d\u00e1divas que las empresas de la electricidad extranjeras pidieron darles a varios diputados del PAN, PRI y PRD, no ser\u00e1n suficientes para garantizar su carrera pol\u00edtica, al contrario, ser\u00e1n se\u00f1alados despu\u00e9s del domingo 16 como corruptos y muy alejados de los intereses de la poblaci\u00f3n.<\/span><\/p>\n<p><span style=\"font-size: 14pt;\"><strong>Por su parte, el diputado priista,\u00a0Carlos Miguel Aysa Damas, quien puede ser igualmente ambicioso o tal vez deshonesto, pero act\u00fao con mayor inteligencia porque con la acci\u00f3n de \u201crebeld\u00eda\u201d de no votar contra la reforma el\u00e9ctrica no s\u00f3lo garantiza una larga vida para su carrera pol\u00edtica sino que se convierte en h\u00e9roe de los mexicanos.<\/strong><\/span><\/p>\n<p><span style=\"font-size: 14pt;\">Los dem\u00e1s, plegados a los ordenamientos de sus l\u00edderes partidista ser\u00e1n cuestionado, incluso investigados para descubrir sus malos manejos anteriores como funcionarios p\u00fablicos, mientras que Aysa, simplemente aprovechar\u00e1 las mieles de la fama y muy probablemente su talento pol\u00edtico para ascender en otro partido m\u00e1s r\u00e1pido de lo que hubiera sido seguir en el PRI.<\/span><\/p>\n<p><span style=\"font-size: 14pt;\">Los pr\u00f3ximos d\u00edas estar\u00e1 Aysa en los medios, y los que no lo sigan ser\u00e1n maltratados inevitablemente y hasta seguidos con lupa para ver si recibieron dinero. M\u00e1s de un diputado del PRI, PAN o PRD, duda antes de votar \u00e9sta y otras iniciativas donde haya dinero de por medio. Todos est\u00e1n bajo sospecha, pero m\u00e1s a\u00fan la perredista Edna D\u00edaz Acevedo, cuyas cuentas de banco y las de sus familiares seguramente estar\u00e1n observadas por la sociedad.<\/span><\/p>\n<p><span style=\"font-size: 14pt;\"><strong>Edna D\u00edaz permiti\u00f3 que ingresara al Pleno de la Sesi\u00f3n de la C\u00e1mara de Diputados, Paolo Salerno, \u201ccoyote\u201d de la empresa italiana Salerno y Asociados, ubicada en reforma 3200, en la Ciudad de M\u00e9xico, la diputada dijo que era asesor de su grupo parlamentario, pero esta persona nunca parece en esa lista, cuyo registro es forzoso, porque le otorga el permiso necesario para interactuar con los legisladores.<\/strong><\/span><\/p>\n<p><span style=\"font-size: 14pt;\">Dicha empresa ha sido se\u00f1alada por violar la ley al beneficiarse con el mecanismo de autoabastecimiento, se trata de una de las compa\u00f1\u00edas que se ampar\u00f3 contrala ley dela industria el\u00e9ctrica, y por si fuera poco, el principal socio de esta empresa es el estado italiano, de todo esto debe dar cuenta no s\u00f3lo Edna D\u00edaz sino lo que queda del PRD.<\/span><\/p>\n<p><span style=\"font-size: 14pt;\">La intromisi\u00f3n de un extranjero en el recinto parlamentario, sentarse en una curul, platicar con una diputada d\u00edas antes del debate sobre la reforma el\u00e9ctrica requiere no s\u00f3lo una explicaci\u00f3n sino una investigaci\u00f3n. Y a personajes como Edna D\u00edaz, se le vigilar\u00e1 muy de cerca por la sociedad, cosa que no pasar\u00e1 con Carlos Miguel Aysa, quien, desde ahora, pareciera contar con el plauso popular y la posibilidad de que sigan sus pasos otros pri\u00edstas, panistas y tal vez, perredistas.<\/span><\/p>\n<blockquote><p><span style=\"font-size: 14pt;\">Los \u201ccoyotes\u201d de las empresas privadas nacionales y extranjeras tuvieron paso libre por las curules durante muchos a\u00f1os, eran \u201csocios\u201d de los legisladores, no es un secreto que algunos comunicadores mexicanos cuentan con acciones de Iberdrola, como es el caso de Leonardo Curzio, y si eso sucede con los reporteros, debe ser mucho m\u00e1s generosa la participaci\u00f3n de los legisladores en empresas como \u00e9sta y otras muchas, dejando los intereses del pa\u00eds y de los mexicanos fuera de todo beneficio.<\/span><\/p><\/blockquote>\n<p><span style=\"font-size: 14pt;\">Por lo pronto podemos ver dos realidades diferentes en un diputado del PRI y una diputada del PRD. Uno con una carrera pol\u00edtico por delante y otra con un posible desafuero como destino.<\/span><\/p>\n<p>&nbsp;<\/p>\n<p>&nbsp;<\/p>\n<p><span style=\"font-size: 14pt;\"><strong>Twitter: <\/strong><\/span><span style=\"font-size: 14pt;\"><a href=\"https:\/\/twitter.com\/Josangasa3\">@Josangasa3<\/a><\/span><\/p>\n<p>&nbsp;<\/p>\n<p>&nbsp;<\/p>\n<p>&nbsp;<\/p>\n<p>&nbsp;<\/p>\n<p>&nbsp;<\/p>\n<p>&nbsp;<\/p>\n<p>&nbsp;<\/p>\n","protected":false},"excerpt":{"rendered":"<p>&nbsp; Por Jos\u00e9 Garc\u00eda S\u00e1nchez Las d\u00e1divas que las empresas de la electricidad extranjeras pidieron darles a varios diputados del<\/p>\n","protected":false},"author":4,"featured_media":3934,"comment_status":"closed","ping_status":"closed","sticky":false,"template":"","format":"standard","meta":{"colormag_page_container_layout":"default_layout","colormag_page_sidebar_layout":"default_layout","_jetpack_memberships_contains_paid_content":false,"footnotes":"","jetpack_publicize_message":"","jetpack_publicize_feature_enabled":true,"jetpack_social_post_already_shared":false,"jetpack_social_options":{"image_generator_settings":{"template":"highway","default_image_id":0,"font":"","enabled":false},"version":2}},"categories":[26],"tags":[426,427,318],"class_list":["post-3933","post","type-post","status-publish","format-standard","has-post-thumbnail","hentry","category-columnistas","tag-coyotes","tag-edna-diaz","tag-prd"],"jetpack_publicize_connections":[],"jetpack_featured_media_url":"https:\/\/i0.wp.com\/politicosaldesnudo.com.mx\/wp-content\/uploads\/2022\/04\/JOSE%CC%81-GARCI%CC%81A.png?fit=1816%2C1016&ssl=1","jetpack-related-posts":[],"jetpack_sharing_enabled":true,"_links":{"self":[{"href":"https:\/\/politicosaldesnudo.com.mx\/index.php\/wp-json\/wp\/v2\/posts\/3933","targetHints":{"allow":["GET"]}}],"collection":[{"href":"https:\/\/politicosaldesnudo.com.mx\/index.php\/wp-json\/wp\/v2\/posts"}],"about":[{"href":"https:\/\/politicosaldesnudo.com.mx\/index.php\/wp-json\/wp\/v2\/types\/post"}],"author":[{"embeddable":true,"href":"https:\/\/politicosaldesnudo.com.mx\/index.php\/wp-json\/wp\/v2\/users\/4"}],"replies":[{"embeddable":true,"href":"https:\/\/politicosaldesnudo.com.mx\/index.php\/wp-json\/wp\/v2\/comments?post=3933"}],"version-history":[{"count":0,"href":"https:\/\/politicosaldesnudo.com.mx\/index.php\/wp-json\/wp\/v2\/posts\/3933\/revisions"}],"wp:featuredmedia":[{"embeddable":true,"href":"https:\/\/politicosaldesnudo.com.mx\/index.php\/wp-json\/wp\/v2\/media\/3934"}],"wp:attachment":[{"href":"https:\/\/politicosaldesnudo.com.mx\/index.php\/wp-json\/wp\/v2\/media?parent=3933"}],"wp:term":[{"taxonomy":"category","embeddable":true,"href":"https:\/\/politicosaldesnudo.com.mx\/index.php\/wp-json\/wp\/v2\/categories?post=3933"},{"taxonomy":"post_tag","embeddable":true,"href":"https:\/\/politicosaldesnudo.com.mx\/index.php\/wp-json\/wp\/v2\/tags?post=3933"}],"curies":[{"name":"wp","href":"https:\/\/api.w.org\/{rel}","templated":true}]}}