{"id":39348,"date":"2024-06-07T08:54:28","date_gmt":"2024-06-07T13:54:28","guid":{"rendered":"https:\/\/politicosaldesnudo.com.mx\/?p=39348"},"modified":"2024-06-07T08:54:28","modified_gmt":"2024-06-07T13:54:28","slug":"hay-temor-por-incendios-forestales","status":"publish","type":"post","link":"https:\/\/politicosaldesnudo.com.mx\/index.php\/2024\/06\/07\/hay-temor-por-incendios-forestales\/","title":{"rendered":"Hay temor por incendios forestales"},"content":{"rendered":"<p><span style=\"font-size: 14pt;\">Esta temporada de intensos calores en el puerto de Tuxpan ha generado preocupaci\u00f3n en diferentes trabajadores del campo.<\/span><\/p>\n<p><span style=\"font-size: 14pt;\">A causa de las fuertes olas de calor, se han generado incendios forestales en todo el estado de Veracruz; ante esto, diferentes ganaderos y agricultores manifestaron su preocupaci\u00f3n ante la posibilidad de tener que lidiar con este tipo de situaciones, ya que ellos tambi\u00e9n son propensos a padecer de los incendios iniciados por las altas temperaturas.<\/span><\/p>\n<p><span style=\"font-size: 14pt;\">\u00abUno como trabajador en un peque\u00f1o rancho no podr\u00eda combatir este tipo de situaciones, muy apenas tenemos agua para nuestro ganado, un incendio significa la p\u00e9rdida total de nuestras tierras\u00bb, as\u00ed lo explic\u00f3 Gabino M., capataz de un rancho ubicado en la comunidad de Nal\u00faa.<\/span><\/p>\n<p><span style=\"font-size: 14pt;\">Del mismo modo, diferentes ganaderos y agricultores explicaron que, pese a los planes de emergencia que tengan preparados en caso de que se lleguen a suscitar este tipo de situaciones, las p\u00e9rdidas monetarias serian gigantescas y dif\u00edciles de recuperar.<\/span><\/p>\n<p><span style=\"font-size: 14pt;\">Asimismo, explican que, aunque solicitar\u00edan la ayuda de fuerzas especializadas como los bomberos, los calores intensos har\u00edan que avancen con rapidez, adem\u00e1s de que se encuentran en los l\u00edmites de la ciudad y la ayuda tardar\u00eda mucho en llegar.<\/span><\/p>\n<p><span style=\"font-size: 14pt;\">Por lo anterior se le invita a toda la ciudadan\u00eda tuxpe\u00f1a a mantener las medidas de prevenci\u00f3n contra este tipo de situaciones y principalmente evitar quemas agr\u00edcolas, as\u00ed como reportar lo m\u00e1s pronto posible a las autoridades correspondientes cuando lleguen a percatarse de una situaci\u00f3n como la mencionada.<\/span><\/p>\n","protected":false},"excerpt":{"rendered":"<p>Esta temporada de intensos calores en el puerto de Tuxpan ha generado preocupaci\u00f3n en diferentes trabajadores del campo. A causa<\/p>\n","protected":false},"author":4,"featured_media":39349,"comment_status":"closed","ping_status":"closed","sticky":false,"template":"","format":"standard","meta":{"colormag_page_container_layout":"default_layout","colormag_page_sidebar_layout":"default_layout","_jetpack_memberships_contains_paid_content":false,"footnotes":"","jetpack_publicize_message":"","jetpack_publicize_feature_enabled":true,"jetpack_social_post_already_shared":false,"jetpack_social_options":{"image_generator_settings":{"template":"highway","default_image_id":0,"font":"","enabled":false},"version":2}},"categories":[1082],"tags":[],"class_list":["post-39348","post","type-post","status-publish","format-standard","has-post-thumbnail","hentry","category-tuxpan"],"jetpack_publicize_connections":[],"jetpack_featured_media_url":"https:\/\/i0.wp.com\/politicosaldesnudo.com.mx\/wp-content\/uploads\/2024\/06\/5b-1.jpg?fit=1024%2C768&ssl=1","jetpack-related-posts":[],"jetpack_sharing_enabled":true,"_links":{"self":[{"href":"https:\/\/politicosaldesnudo.com.mx\/index.php\/wp-json\/wp\/v2\/posts\/39348","targetHints":{"allow":["GET"]}}],"collection":[{"href":"https:\/\/politicosaldesnudo.com.mx\/index.php\/wp-json\/wp\/v2\/posts"}],"about":[{"href":"https:\/\/politicosaldesnudo.com.mx\/index.php\/wp-json\/wp\/v2\/types\/post"}],"author":[{"embeddable":true,"href":"https:\/\/politicosaldesnudo.com.mx\/index.php\/wp-json\/wp\/v2\/users\/4"}],"replies":[{"embeddable":true,"href":"https:\/\/politicosaldesnudo.com.mx\/index.php\/wp-json\/wp\/v2\/comments?post=39348"}],"version-history":[{"count":0,"href":"https:\/\/politicosaldesnudo.com.mx\/index.php\/wp-json\/wp\/v2\/posts\/39348\/revisions"}],"wp:featuredmedia":[{"embeddable":true,"href":"https:\/\/politicosaldesnudo.com.mx\/index.php\/wp-json\/wp\/v2\/media\/39349"}],"wp:attachment":[{"href":"https:\/\/politicosaldesnudo.com.mx\/index.php\/wp-json\/wp\/v2\/media?parent=39348"}],"wp:term":[{"taxonomy":"category","embeddable":true,"href":"https:\/\/politicosaldesnudo.com.mx\/index.php\/wp-json\/wp\/v2\/categories?post=39348"},{"taxonomy":"post_tag","embeddable":true,"href":"https:\/\/politicosaldesnudo.com.mx\/index.php\/wp-json\/wp\/v2\/tags?post=39348"}],"curies":[{"name":"wp","href":"https:\/\/api.w.org\/{rel}","templated":true}]}}