{"id":39351,"date":"2024-06-07T08:56:30","date_gmt":"2024-06-07T13:56:30","guid":{"rendered":"https:\/\/politicosaldesnudo.com.mx\/?p=39351"},"modified":"2024-06-07T08:56:30","modified_gmt":"2024-06-07T13:56:30","slug":"escuelas-presentan-fallas-de-energia-electrica","status":"publish","type":"post","link":"https:\/\/politicosaldesnudo.com.mx\/index.php\/2024\/06\/07\/escuelas-presentan-fallas-de-energia-electrica\/","title":{"rendered":"Escuelas presentan fallas de energ\u00eda el\u00e9ctrica"},"content":{"rendered":"<p><span style=\"font-size: 14pt;\"><b>Debido a las altas temperaturas el uso del aire acondicionado y ventiladores en algunas escuelas de la ciudad se ha vuelto mas constante, lo que ha ocasionado una sobre carga en sus sistemas el\u00e9ctricos y da\u00f1os en los transformadores, provoc\u00e1ndoles apagones.<\/b><\/span><\/p>\n<p><span style=\"font-size: 14pt;\">Luis Demetrio L\u00f3pez Mar\u00edn, Regidor comisionado en educaci\u00f3n se\u00f1alo que actualmente al menos 7 instituciones educativas padecen esta problem\u00e1tica en Tuxpan, raz\u00f3n que ha llevado a los directivos en acuerdo con los padres de familia a reducir los horarios de clase con la finalidad de evitar afectaciones en el alumnado por la intensidad del calor.<\/span><\/p>\n<p><span style=\"font-size: 14pt;\">Coment\u00f3 que en la mayor\u00eda de los casos esta problem\u00e1tica se debe a que la red el\u00e9ctrica se encuentra obsoleta y requiere cambiarse en su totalidad, acci\u00f3n que resulta muy costosa por lo que las Asociaciones de Padres de Familia han solicitado apoyo de las autoridades correspondientes.<\/span><\/p>\n<p><span style=\"font-size: 14pt;\">As\u00ed mismo indic\u00f3 que las escuelas que no cuenta con aire acondicionado o una cantidad suficiente de ventiladores han instado en poder recibir recurso para adquirirlos.<\/span><\/p>\n","protected":false},"excerpt":{"rendered":"<p>Debido a las altas temperaturas el uso del aire acondicionado y ventiladores en algunas escuelas de la ciudad se ha<\/p>\n","protected":false},"author":4,"featured_media":39352,"comment_status":"closed","ping_status":"closed","sticky":false,"template":"","format":"standard","meta":{"colormag_page_container_layout":"default_layout","colormag_page_sidebar_layout":"default_layout","_jetpack_memberships_contains_paid_content":false,"footnotes":"","jetpack_publicize_message":"","jetpack_publicize_feature_enabled":true,"jetpack_social_post_already_shared":false,"jetpack_social_options":{"image_generator_settings":{"template":"highway","default_image_id":0,"font":"","enabled":false},"version":2}},"categories":[1082],"tags":[],"class_list":["post-39351","post","type-post","status-publish","format-standard","has-post-thumbnail","hentry","category-tuxpan"],"jetpack_publicize_connections":[],"jetpack_featured_media_url":"https:\/\/i0.wp.com\/politicosaldesnudo.com.mx\/wp-content\/uploads\/2024\/06\/Padres-de-familia-advierten-que-tomaran-la-escuela-Justo-Sierra-exigen-energia-electrica-Dalia-Martinez-3.jpg?fit=1600%2C1200&ssl=1","jetpack-related-posts":[],"jetpack_sharing_enabled":true,"_links":{"self":[{"href":"https:\/\/politicosaldesnudo.com.mx\/index.php\/wp-json\/wp\/v2\/posts\/39351","targetHints":{"allow":["GET"]}}],"collection":[{"href":"https:\/\/politicosaldesnudo.com.mx\/index.php\/wp-json\/wp\/v2\/posts"}],"about":[{"href":"https:\/\/politicosaldesnudo.com.mx\/index.php\/wp-json\/wp\/v2\/types\/post"}],"author":[{"embeddable":true,"href":"https:\/\/politicosaldesnudo.com.mx\/index.php\/wp-json\/wp\/v2\/users\/4"}],"replies":[{"embeddable":true,"href":"https:\/\/politicosaldesnudo.com.mx\/index.php\/wp-json\/wp\/v2\/comments?post=39351"}],"version-history":[{"count":0,"href":"https:\/\/politicosaldesnudo.com.mx\/index.php\/wp-json\/wp\/v2\/posts\/39351\/revisions"}],"wp:featuredmedia":[{"embeddable":true,"href":"https:\/\/politicosaldesnudo.com.mx\/index.php\/wp-json\/wp\/v2\/media\/39352"}],"wp:attachment":[{"href":"https:\/\/politicosaldesnudo.com.mx\/index.php\/wp-json\/wp\/v2\/media?parent=39351"}],"wp:term":[{"taxonomy":"category","embeddable":true,"href":"https:\/\/politicosaldesnudo.com.mx\/index.php\/wp-json\/wp\/v2\/categories?post=39351"},{"taxonomy":"post_tag","embeddable":true,"href":"https:\/\/politicosaldesnudo.com.mx\/index.php\/wp-json\/wp\/v2\/tags?post=39351"}],"curies":[{"name":"wp","href":"https:\/\/api.w.org\/{rel}","templated":true}]}}