{"id":39360,"date":"2024-06-07T09:56:35","date_gmt":"2024-06-07T14:56:35","guid":{"rendered":"https:\/\/politicosaldesnudo.com.mx\/?p=39360"},"modified":"2024-06-07T09:56:35","modified_gmt":"2024-06-07T14:56:35","slug":"la-lucha-inutil-por-limpiar-la-eleccion","status":"publish","type":"post","link":"https:\/\/politicosaldesnudo.com.mx\/index.php\/2024\/06\/07\/la-lucha-inutil-por-limpiar-la-eleccion\/","title":{"rendered":"La lucha in\u00fatil por limpiar la elecci\u00f3n"},"content":{"rendered":"<p><span style=\"font-size: 14pt;\">Ni los promotores muestran muchas esperanzas.<\/span><\/p>\n<p><span style=\"font-size: 14pt;\">La oposici\u00f3n sabe de la proclividad de los \u00f3rganos electorales -eufemismo para hablar de sumisi\u00f3n- hacia el poder, pero quiere dar la pelea.<\/span><\/p>\n<p><span style=\"font-size: 14pt;\">\u00bfCu\u00e1les son sus escenarios?<\/span><\/p>\n<p><span style=\"font-size: 14pt;\">De inicio la competencia presidencial est\u00e1 decidida a favor de\u00a0Claudia Sheinbaum, muy lejos de\u00a0X\u00f3chitl G\u00e1lvez\u00a0y el bloque opositor.<\/span><\/p>\n<p><span style=\"font-size: 14pt;\">Ah\u00ed no habr\u00e1 impugnaci\u00f3n.<\/span><\/p>\n<p><span style=\"font-size: 14pt;\">Adem\u00e1s, es previsible: se ignorar\u00e1n la mayor\u00eda de los recursos como anta\u00f1o suced\u00eda cuando el priismo gobernaba, aunque se simulara atenderlos.<\/span><\/p>\n<div>\n<div id=\"lx_687605\" data-cnt=\"3\" data-original-id=\"682486\" data-base-original-id=\"682485\" data-width=\"300\" data-height=\"250\">\n<div id=\"div-gpt-ad-22652427092-3\" data-google-query-id=\"CIipi_neyYYDFbsXswAd3GMBdw\">\n<div id=\"google_ads_iframe_\/45470634,22299178612\/clickio_area_687605_730x180_2__container__\"><span style=\"font-size: 14pt;\">Otra posibilidad es dar cabida a algunas inconformidades en el cotejo de actas y de esa manera modificar un poco el resultado.<\/span><\/div>\n<\/div>\n<\/div>\n<\/div>\n<p><span style=\"font-size: 14pt;\">\u00bfCu\u00e1nto?<\/span><\/p>\n<p><span style=\"font-size: 14pt;\">No m\u00e1s all\u00e1 de uno o dos por ciento.<\/span><\/p>\n<p><span style=\"font-size: 14pt;\">Si acaso, puede haber cambios apreciables en los resultados distritales -con optimismo unas cinco diputaciones federales-, sin cambiar sustancialmente el panorama de la llamada mayor\u00eda calificada.<\/span><\/p>\n<p><span style=\"font-size: 14pt;\">Donde creen poder dar la pelea final es ante el INE y el Trife con la sobrerrepresentaci\u00f3n, a fin de evitar esca\u00f1os adicionales al bloque oficial: si Morena, PT y Verde suman 54 por ciento de los votos, deben tener 54 por ciento de los asientos.<\/span><\/p>\n<p><span style=\"font-size: 14pt;\">As\u00ed el bloque antigobierno tendr\u00eda unos 230 legisladores y con ellos frenar\u00eda los cambios constitucionales en autom\u00e1tico.<\/span><\/p>\n<p><span style=\"font-size: 14pt;\">EL PRI ANTE SU DESTINO<\/span><\/p>\n<p><span style=\"font-size: 14pt;\">En Acci\u00f3n Nacional no llegan vientos de fronda.<\/span><\/p>\n<div>\n<div id=\"lx_687605\" data-cnt=\"8\" data-original-id=\"682486\" data-base-original-id=\"682485\" data-width=\"300\" data-height=\"250\">\n<div id=\"div-gpt-ad-22652427092-8\" data-google-query-id=\"CMDNmf3eyYYDFW_plAkdXskAZA\">\n<div id=\"google_ads_iframe_\/45470634,22299178612\/clickio_area_687605_730x180_7__container__\"><span style=\"font-size: 14pt;\">De poco sirven los clamores de panistas prominentes para mover a Marko Cort\u00e9s,\u00a0a cambiar el partido para reconstruirse y regresarlo a la competencia.<\/span><\/div>\n<\/div>\n<\/div>\n<\/div>\n<p><span style=\"font-size: 14pt;\">Donde hay previsiones es en el PRI de\u00a0Alejandro Moreno.<\/span><\/p>\n<div>\n<div id=\"aswift_3_host\"><span style=\"font-size: 14pt;\">Ayer hubo una reuni\u00f3n de la Comisi\u00f3n Permanente y el prop\u00f3sito era convocar a una Asamblea Nacional, la 24, para un examen profundo.<\/span><\/div>\n<div><\/div>\n<div><span style=\"font-size: 14pt;\">-\u00bfQu\u00e9 debe hacerse? -pregunto a Samuel Palma, presidente de la Fundaci\u00f3n Colosio<\/span><\/div>\n<\/div>\n<div>\n<div id=\"aswift_4_host\"><\/div>\n<\/div>\n<p><span style=\"font-size: 14pt;\">-Sin duda tomar decisiones de fondo. Reflexionar sobre nuestro ideario, hacer un plan program\u00e1tico, generar propuestas atractivas y convocar a la poblaci\u00f3n a sumarse a nosotros y dar la pelea.<\/span><\/p>\n<p><span style=\"font-size: 14pt;\">Lo fundamental, opina, es convencerla de planes firmes y viables para detener el autoritarismo y el populismo, pero si no ofrecemos alternativas y no la fascinamos, de nada sirve criticar.<\/span><\/p>\n<p><span style=\"font-size: 14pt;\">COBERTURA IMPARCIAL<\/span><\/p>\n<p><span style=\"font-size: 14pt;\">1.- Esta elecci\u00f3n ha sido la de mayor y mejor cobertura.<\/span><\/p>\n<p><span style=\"font-size: 14pt;\">Seg\u00fan el monitoreo del INE, destac\u00f3 \u201cla cobertura de\u00a0TelevisaUnivision \/N+\u00a0de las campa\u00f1as presidenciales como la m\u00e1s equilibrada y plural\u201d.<\/span><\/p>\n<div>\n<div id=\"aswift_5_host\"><span style=\"font-size: 14pt;\">El mismo veredicto dio la auditor\u00eda de la firma Hanak\u00faa,\u00a0contratada por el consorcio de Chapultepec 18 para incrementar su credibilidad.<\/span><\/div>\n<\/div>\n<p><span style=\"font-size: 14pt;\">El reporte final es: a la ganadora\u00a0Claudia Sheinbaum\u00a0se le dedic\u00f3 37.8 por ciento del tiempo, a la opositora\u00a0X\u00f3chitl G\u00e1lvez\u00a037.9 y al\u00a0fosfo-fosfo\u00a0Jorge \u00c1lvarez\u00a0-quien entr\u00f3 tarde a la competencia- poco m\u00e1s de 23.<\/span><\/p>\n<p><span style=\"font-size: 14pt;\">Y 2.- El programa\u00a0B\u00e9calos, dedicado a apoyar a j\u00f3venes talentosos dedicados al desarrollo de M\u00e9xico, cumple 19 a\u00f1os y se conmemorar\u00e1n el lunes pr\u00f3ximo a las 15:30 horas en el Papalote del Bosque de Chapultepec.<\/span><\/p>\n<p><span style=\"font-size: 14pt;\">En la celebraci\u00f3n estar\u00e1n\u00a0Emilio Azc\u00e1rraga Jean, presidente ejecutivo del consejo de Administraci\u00f3n del Grupo Televisa; Julio Carranza, presidente de la Asociaci\u00f3n de Bancos de M\u00e9xico, y\u00a0Alicia Lebrija, presidenta ejecutiva de la Fundaci\u00f3n Televisa.<\/span><\/p>\n","protected":false},"excerpt":{"rendered":"<p>Ni los promotores muestran muchas esperanzas. La oposici\u00f3n sabe de la proclividad de los \u00f3rganos electorales -eufemismo para hablar de<\/p>\n","protected":false},"author":4,"featured_media":38297,"comment_status":"closed","ping_status":"closed","sticky":false,"template":"","format":"standard","meta":{"colormag_page_container_layout":"default_layout","colormag_page_sidebar_layout":"default_layout","_jetpack_memberships_contains_paid_content":false,"footnotes":"","jetpack_publicize_message":"","jetpack_publicize_feature_enabled":true,"jetpack_social_post_already_shared":false,"jetpack_social_options":{"image_generator_settings":{"template":"highway","default_image_id":0,"font":"","enabled":false},"version":2}},"categories":[26],"tags":[],"class_list":["post-39360","post","type-post","status-publish","format-standard","has-post-thumbnail","hentry","category-columnistas"],"jetpack_publicize_connections":[],"jetpack_featured_media_url":"https:\/\/i0.wp.com\/politicosaldesnudo.com.mx\/wp-content\/uploads\/2024\/05\/TELEFONO-ROJO-2.jpg?fit=1816%2C1016&ssl=1","jetpack-related-posts":[],"jetpack_sharing_enabled":true,"_links":{"self":[{"href":"https:\/\/politicosaldesnudo.com.mx\/index.php\/wp-json\/wp\/v2\/posts\/39360","targetHints":{"allow":["GET"]}}],"collection":[{"href":"https:\/\/politicosaldesnudo.com.mx\/index.php\/wp-json\/wp\/v2\/posts"}],"about":[{"href":"https:\/\/politicosaldesnudo.com.mx\/index.php\/wp-json\/wp\/v2\/types\/post"}],"author":[{"embeddable":true,"href":"https:\/\/politicosaldesnudo.com.mx\/index.php\/wp-json\/wp\/v2\/users\/4"}],"replies":[{"embeddable":true,"href":"https:\/\/politicosaldesnudo.com.mx\/index.php\/wp-json\/wp\/v2\/comments?post=39360"}],"version-history":[{"count":0,"href":"https:\/\/politicosaldesnudo.com.mx\/index.php\/wp-json\/wp\/v2\/posts\/39360\/revisions"}],"wp:featuredmedia":[{"embeddable":true,"href":"https:\/\/politicosaldesnudo.com.mx\/index.php\/wp-json\/wp\/v2\/media\/38297"}],"wp:attachment":[{"href":"https:\/\/politicosaldesnudo.com.mx\/index.php\/wp-json\/wp\/v2\/media?parent=39360"}],"wp:term":[{"taxonomy":"category","embeddable":true,"href":"https:\/\/politicosaldesnudo.com.mx\/index.php\/wp-json\/wp\/v2\/categories?post=39360"},{"taxonomy":"post_tag","embeddable":true,"href":"https:\/\/politicosaldesnudo.com.mx\/index.php\/wp-json\/wp\/v2\/tags?post=39360"}],"curies":[{"name":"wp","href":"https:\/\/api.w.org\/{rel}","templated":true}]}}