{"id":3938,"date":"2022-04-14T13:30:27","date_gmt":"2022-04-14T18:30:27","guid":{"rendered":"https:\/\/politicosaldesnudo.com.mx\/?p=3938"},"modified":"2022-04-16T17:49:24","modified_gmt":"2022-04-16T22:49:24","slug":"adame-fuera-del-carnaval-de-veracruz","status":"publish","type":"post","link":"https:\/\/politicosaldesnudo.com.mx\/index.php\/2022\/04\/14\/adame-fuera-del-carnaval-de-veracruz\/","title":{"rendered":"Alfredo Adame fuera del Carnaval de Veracruz"},"content":{"rendered":"<p>&nbsp;<\/p>\n<p class=\"p1\"><span style=\"font-size: 14pt;\"><em><strong>Veracruz.<\/strong> <\/em>El pol\u00e9mico actor Alfredo Adame no estar\u00e1 presente en el Carnaval Veracruz 2022, informaron las autoridades municipales encabezadas por la alcaldesa panista Patricia Lobeira de Yunes, esposa del ex presidente municipal de Boca del R\u00edo, Miguel \u00c1ngel Yunes M\u00e1rquez, debido a que <strong>\u201cesta fiesta promueve el amor y la alegr\u00eda, no la violencia\u201d.<\/strong><\/span><\/p>\n<blockquote>\n<p class=\"p1\"><span style=\"font-size: 14pt;\">Para evitar ejemplos que promuevan la misoginia o los insultos a las familias, la funcionaria pidi\u00f3 al Comit\u00e9 del Carnaval que Alfredo Adame no asista a la mayor fiesta de los veracruzanos.<\/span><\/p>\n<\/blockquote>\n<p>&nbsp;<\/p>\n<p><img data-recalc-dims=\"1\" loading=\"lazy\" decoding=\"async\" class=\"aligncenter wp-image-3941 size-full\" src=\"https:\/\/i0.wp.com\/politicosaldesnudo.com.mx\/wp-content\/uploads\/2022\/04\/carnaval-veracruz.jpeg?resize=800%2C505&#038;ssl=1\" alt=\"\" width=\"800\" height=\"505\" srcset=\"https:\/\/i0.wp.com\/politicosaldesnudo.com.mx\/wp-content\/uploads\/2022\/04\/carnaval-veracruz.jpeg?w=1014&amp;ssl=1 1014w, https:\/\/i0.wp.com\/politicosaldesnudo.com.mx\/wp-content\/uploads\/2022\/04\/carnaval-veracruz.jpeg?resize=300%2C189&amp;ssl=1 300w, https:\/\/i0.wp.com\/politicosaldesnudo.com.mx\/wp-content\/uploads\/2022\/04\/carnaval-veracruz.jpeg?resize=768%2C485&amp;ssl=1 768w\" sizes=\"auto, (max-width: 800px) 100vw, 800px\" \/><\/p>\n<p>&nbsp;<\/p>\n<p class=\"p1\"><span style=\"font-size: 14pt;\">Record\u00f3 que el Carnaval de Veracruz es la fiesta de la alegr\u00eda y se espera un ambiente familiar sin alcohol, donde los recorridos en el bulevar ser\u00e1n la carta fuerte. Adem\u00e1s, la cartelera cultural de la ciudad es amplia y esperan no desviar la atenci\u00f3n en personas del espect\u00e1culo que no aporten nada a la sociedad.<\/span><\/p>\n<p class=\"p1\"><span style=\"font-size: 14pt;\"><strong>El actor planeaba una \u201cpelea\u201d con el aspirante a Rey del Carnaval de Veracruz 2022, Erubiel Sosa, el \u201cPanda\u201d, un perito originario de Ixtaczoquitl\u00e1n y ex participante del reality show MasterChef.<\/strong><\/span><\/p>\n<p class=\"p1\"><span style=\"font-size: 14pt;\">Alfredo Adame hab\u00eda lanzado la amenaza: \u201cEru Panda, pr\u00f3ximo Rey del Carnaval de Veracruz, \u00bfas\u00ed que me andas queriendo retar, que porque eres luchador y andas en todos esos rollos? A m\u00ed me haces los mandados, nos vemos el pr\u00f3ximo 17 de abril\u201d.<\/span><\/p>\n<p>&nbsp;<\/p>\n<p>&nbsp;<\/p>\n<p>&nbsp;<\/p>\n<p>&nbsp;<\/p>\n<p>&nbsp;<\/p>\n","protected":false},"excerpt":{"rendered":"<p>&nbsp; Veracruz. El pol\u00e9mico actor Alfredo Adame no estar\u00e1 presente en el Carnaval Veracruz 2022, informaron las autoridades municipales encabezadas<\/p>\n","protected":false},"author":4,"featured_media":3939,"comment_status":"closed","ping_status":"closed","sticky":false,"template":"","format":"standard","meta":{"colormag_page_container_layout":"default_layout","colormag_page_sidebar_layout":"default_layout","_jetpack_memberships_contains_paid_content":false,"footnotes":"","jetpack_publicize_message":"","jetpack_publicize_feature_enabled":true,"jetpack_social_post_already_shared":false,"jetpack_social_options":{"image_generator_settings":{"template":"highway","default_image_id":0,"font":"","enabled":false},"version":2}},"categories":[1],"tags":[428,236,429,100],"class_list":["post-3938","post","type-post","status-publish","format-standard","has-post-thumbnail","hentry","category-sin-categoria","tag-alfredo-adame","tag-carnaval","tag-eru-panda","tag-veracruz"],"jetpack_publicize_connections":[],"jetpack_featured_media_url":"https:\/\/i0.wp.com\/politicosaldesnudo.com.mx\/wp-content\/uploads\/2022\/04\/P-VERACRUZ1.png?fit=1816%2C1016&ssl=1","jetpack-related-posts":[],"jetpack_sharing_enabled":true,"_links":{"self":[{"href":"https:\/\/politicosaldesnudo.com.mx\/index.php\/wp-json\/wp\/v2\/posts\/3938","targetHints":{"allow":["GET"]}}],"collection":[{"href":"https:\/\/politicosaldesnudo.com.mx\/index.php\/wp-json\/wp\/v2\/posts"}],"about":[{"href":"https:\/\/politicosaldesnudo.com.mx\/index.php\/wp-json\/wp\/v2\/types\/post"}],"author":[{"embeddable":true,"href":"https:\/\/politicosaldesnudo.com.mx\/index.php\/wp-json\/wp\/v2\/users\/4"}],"replies":[{"embeddable":true,"href":"https:\/\/politicosaldesnudo.com.mx\/index.php\/wp-json\/wp\/v2\/comments?post=3938"}],"version-history":[{"count":0,"href":"https:\/\/politicosaldesnudo.com.mx\/index.php\/wp-json\/wp\/v2\/posts\/3938\/revisions"}],"wp:featuredmedia":[{"embeddable":true,"href":"https:\/\/politicosaldesnudo.com.mx\/index.php\/wp-json\/wp\/v2\/media\/3939"}],"wp:attachment":[{"href":"https:\/\/politicosaldesnudo.com.mx\/index.php\/wp-json\/wp\/v2\/media?parent=3938"}],"wp:term":[{"taxonomy":"category","embeddable":true,"href":"https:\/\/politicosaldesnudo.com.mx\/index.php\/wp-json\/wp\/v2\/categories?post=3938"},{"taxonomy":"post_tag","embeddable":true,"href":"https:\/\/politicosaldesnudo.com.mx\/index.php\/wp-json\/wp\/v2\/tags?post=3938"}],"curies":[{"name":"wp","href":"https:\/\/api.w.org\/{rel}","templated":true}]}}