{"id":39428,"date":"2024-06-08T08:36:34","date_gmt":"2024-06-08T13:36:34","guid":{"rendered":"https:\/\/politicosaldesnudo.com.mx\/?p=39428"},"modified":"2024-06-08T08:36:34","modified_gmt":"2024-06-08T13:36:34","slug":"escuelas-padecen-robos-de-cableado-electrico-en-tuxpan","status":"publish","type":"post","link":"https:\/\/politicosaldesnudo.com.mx\/index.php\/2024\/06\/08\/escuelas-padecen-robos-de-cableado-electrico-en-tuxpan\/","title":{"rendered":"Escuelas padecen robos de cableado el\u00e9ctrico en Tuxpan"},"content":{"rendered":"<p><span style=\"font-size: 14pt;\">Son alrededor de 11 escuelas en Tuxpan las que han padecido el robo del cableado el\u00e9ctrico en sus instalaciones, as\u00ed lo se\u00f1alo Luis Demetrio L\u00f3pez Mar\u00edn, Regidor Comisionado en Educaci\u00f3n del Municipio de Tuxpan.<\/span><\/p>\n<p><span style=\"font-size: 14pt;\">Coment\u00f3 que durante este mes se han reforzado los rondines de seguridad por parte de la Polic\u00eda Municipal en las zonas donde se ubican tales instituto educativos, c0n la finalidad de evitar que estos incidentes se contin\u00faen presentando.<\/span><\/p>\n<p><span style=\"font-size: 14pt;\">As\u00ed mismo indic\u00f3 que esta ha sido una de las problem\u00e1ticas mas comunes con las que se ha enfrentado la Delegaci\u00f3n Regional de la Secretar\u00eda de Educaci\u00f3n de Veracruz y aunque se tiene el reporte de alrededor de 11 escuelas, podr\u00edan ser mas las que se han visto afectadas.<\/span><\/p>\n<p><span style=\"font-size: 14pt;\">Por otro lado los da\u00f1os que presentan algunos sistemas el\u00e9ctricos en algunas escuelas es tambi\u00e9n un problema que ha incrementado, situaci\u00f3n que pone en riesgo la integridad de docentes y alumnos al existir la posibilidad de que surja un corto circuito, raz\u00f3n por la que han iniciado visitas a tales escuelas para prevenir estos incidentes.<\/span><\/p>\n","protected":false},"excerpt":{"rendered":"<p>Son alrededor de 11 escuelas en Tuxpan las que han padecido el robo del cableado el\u00e9ctrico en sus instalaciones, as\u00ed<\/p>\n","protected":false},"author":4,"featured_media":39429,"comment_status":"closed","ping_status":"closed","sticky":false,"template":"","format":"standard","meta":{"colormag_page_container_layout":"default_layout","colormag_page_sidebar_layout":"default_layout","_jetpack_memberships_contains_paid_content":false,"footnotes":"","jetpack_publicize_message":"","jetpack_publicize_feature_enabled":true,"jetpack_social_post_already_shared":false,"jetpack_social_options":{"image_generator_settings":{"template":"highway","default_image_id":0,"font":"","enabled":false},"version":2}},"categories":[1082],"tags":[],"class_list":["post-39428","post","type-post","status-publish","format-standard","has-post-thumbnail","hentry","category-tuxpan"],"jetpack_publicize_connections":[],"jetpack_featured_media_url":"https:\/\/i0.wp.com\/politicosaldesnudo.com.mx\/wp-content\/uploads\/2024\/06\/unnamed.jpg?fit=512%2C369&ssl=1","jetpack-related-posts":[],"jetpack_sharing_enabled":true,"_links":{"self":[{"href":"https:\/\/politicosaldesnudo.com.mx\/index.php\/wp-json\/wp\/v2\/posts\/39428","targetHints":{"allow":["GET"]}}],"collection":[{"href":"https:\/\/politicosaldesnudo.com.mx\/index.php\/wp-json\/wp\/v2\/posts"}],"about":[{"href":"https:\/\/politicosaldesnudo.com.mx\/index.php\/wp-json\/wp\/v2\/types\/post"}],"author":[{"embeddable":true,"href":"https:\/\/politicosaldesnudo.com.mx\/index.php\/wp-json\/wp\/v2\/users\/4"}],"replies":[{"embeddable":true,"href":"https:\/\/politicosaldesnudo.com.mx\/index.php\/wp-json\/wp\/v2\/comments?post=39428"}],"version-history":[{"count":0,"href":"https:\/\/politicosaldesnudo.com.mx\/index.php\/wp-json\/wp\/v2\/posts\/39428\/revisions"}],"wp:featuredmedia":[{"embeddable":true,"href":"https:\/\/politicosaldesnudo.com.mx\/index.php\/wp-json\/wp\/v2\/media\/39429"}],"wp:attachment":[{"href":"https:\/\/politicosaldesnudo.com.mx\/index.php\/wp-json\/wp\/v2\/media?parent=39428"}],"wp:term":[{"taxonomy":"category","embeddable":true,"href":"https:\/\/politicosaldesnudo.com.mx\/index.php\/wp-json\/wp\/v2\/categories?post=39428"},{"taxonomy":"post_tag","embeddable":true,"href":"https:\/\/politicosaldesnudo.com.mx\/index.php\/wp-json\/wp\/v2\/tags?post=39428"}],"curies":[{"name":"wp","href":"https:\/\/api.w.org\/{rel}","templated":true}]}}