{"id":39431,"date":"2024-06-08T08:37:52","date_gmt":"2024-06-08T13:37:52","guid":{"rendered":"https:\/\/politicosaldesnudo.com.mx\/?p=39431"},"modified":"2024-06-08T08:37:52","modified_gmt":"2024-06-08T13:37:52","slug":"tuxpenos-afectados-por-la-alza-de-precios-en-productos","status":"publish","type":"post","link":"https:\/\/politicosaldesnudo.com.mx\/index.php\/2024\/06\/08\/tuxpenos-afectados-por-la-alza-de-precios-en-productos\/","title":{"rendered":"Tuxpe\u00f1os afectados por la alza de precios en productos"},"content":{"rendered":"<p><span style=\"font-size: 14pt;\">La alza en el precio de algunos productos de la canasta b\u00e1sica as\u00ed como los provenientes del campo como el caso de las frutas y verduras, ha generado afectaciones en la econom\u00eda de los Tuxpe\u00f1os, as\u00ed lo mencionaron comerciantes y compradores en el Mercado Municipal Enrique Rodr\u00edguez Cano, atreves de un sondeo.<\/span><\/p>\n<p><span style=\"font-size: 14pt;\">Locatarios mencionaron que debido al incremento en el precio de algunos insumos se han visto en la necesidad de aumentar el precio de sus productos y de reducir la cantidad que adquieren lo que ha ocasionado una disminuci\u00f3n del 30 por ciento en sus ventas.\u00a0<\/span><\/p>\n<p><span style=\"font-size: 14pt;\">Por su parte consumidores comentaron que actualmente su salario es insuficiente para cubrir correctamente con la canasta b\u00e1sica debido a que el costo de los productos excede el presupuesto que destinaban en meses anteriores para realizar las compras, por lo que hoy adquieren menos con mas.<\/span><\/p>\n<p><span style=\"font-size: 14pt;\">De acuerdo a datos del Instituto Nacional de Estad\u00edstica y Geograf\u00eda (INEGI) la tasa de inflaci\u00f3n mexicana subi\u00f3 en este mes al 4,69 por ciento, mientras que el \u00edndice de precios de la canasta b\u00e1sica han presentado un incremento del 4.32 por ciento en lo que va de este a\u00f1o.\u00a0<\/span><\/p>\n","protected":false},"excerpt":{"rendered":"<p>La alza en el precio de algunos productos de la canasta b\u00e1sica as\u00ed como los provenientes del campo como el<\/p>\n","protected":false},"author":4,"featured_media":39432,"comment_status":"closed","ping_status":"closed","sticky":false,"template":"","format":"standard","meta":{"colormag_page_container_layout":"default_layout","colormag_page_sidebar_layout":"default_layout","_jetpack_memberships_contains_paid_content":false,"footnotes":"","jetpack_publicize_message":"","jetpack_publicize_feature_enabled":true,"jetpack_social_post_already_shared":false,"jetpack_social_options":{"image_generator_settings":{"template":"highway","default_image_id":0,"font":"","enabled":false},"version":2}},"categories":[1082],"tags":[],"class_list":["post-39431","post","type-post","status-publish","format-standard","has-post-thumbnail","hentry","category-tuxpan"],"jetpack_publicize_connections":[],"jetpack_featured_media_url":"https:\/\/i0.wp.com\/politicosaldesnudo.com.mx\/wp-content\/uploads\/2024\/06\/aumentan-precios-de-productos-y-alimentos-tuxpenos-sobrellevan-la-inflacion-352954.jpeg?fit=800%2C600&ssl=1","jetpack-related-posts":[],"jetpack_sharing_enabled":true,"_links":{"self":[{"href":"https:\/\/politicosaldesnudo.com.mx\/index.php\/wp-json\/wp\/v2\/posts\/39431","targetHints":{"allow":["GET"]}}],"collection":[{"href":"https:\/\/politicosaldesnudo.com.mx\/index.php\/wp-json\/wp\/v2\/posts"}],"about":[{"href":"https:\/\/politicosaldesnudo.com.mx\/index.php\/wp-json\/wp\/v2\/types\/post"}],"author":[{"embeddable":true,"href":"https:\/\/politicosaldesnudo.com.mx\/index.php\/wp-json\/wp\/v2\/users\/4"}],"replies":[{"embeddable":true,"href":"https:\/\/politicosaldesnudo.com.mx\/index.php\/wp-json\/wp\/v2\/comments?post=39431"}],"version-history":[{"count":0,"href":"https:\/\/politicosaldesnudo.com.mx\/index.php\/wp-json\/wp\/v2\/posts\/39431\/revisions"}],"wp:featuredmedia":[{"embeddable":true,"href":"https:\/\/politicosaldesnudo.com.mx\/index.php\/wp-json\/wp\/v2\/media\/39432"}],"wp:attachment":[{"href":"https:\/\/politicosaldesnudo.com.mx\/index.php\/wp-json\/wp\/v2\/media?parent=39431"}],"wp:term":[{"taxonomy":"category","embeddable":true,"href":"https:\/\/politicosaldesnudo.com.mx\/index.php\/wp-json\/wp\/v2\/categories?post=39431"},{"taxonomy":"post_tag","embeddable":true,"href":"https:\/\/politicosaldesnudo.com.mx\/index.php\/wp-json\/wp\/v2\/tags?post=39431"}],"curies":[{"name":"wp","href":"https:\/\/api.w.org\/{rel}","templated":true}]}}