{"id":39434,"date":"2024-06-08T08:39:22","date_gmt":"2024-06-08T13:39:22","guid":{"rendered":"https:\/\/politicosaldesnudo.com.mx\/?p=39434"},"modified":"2024-06-08T08:39:22","modified_gmt":"2024-06-08T13:39:22","slug":"fin-de-semana-con-probabilidad-de-lluvias-en-veracruz","status":"publish","type":"post","link":"https:\/\/politicosaldesnudo.com.mx\/index.php\/2024\/06\/08\/fin-de-semana-con-probabilidad-de-lluvias-en-veracruz\/","title":{"rendered":"Fin de semana con probabilidad de lluvias en Veracruz"},"content":{"rendered":"<p><span style=\"font-size: 14pt;\">Durante este viernes predominan las altas temperaturas y el ambiente bochornoso en Veracruz, con viento del sureste, este y noreste con rachas. Se prev\u00e9 desarrollo de nublados con cierta posibilidad para lluvias aisladas vespertinas en monta\u00f1as. Brumas y nieblas matutinas en llanura y costa.<\/span><\/p>\n<p><span style=\"font-size: 14pt;\">Por otra parte, para este s\u00e1bado y domingo se estima que el ambiente se mantenga caluroso a muy caluroso, con probabilidad de lluvias y tormentas aisladas en la regi\u00f3n monta\u00f1osa central y extremo sur del estado, sin descartar mayores de forma m\u00e1s dispersa, el Viento del Norte, Noreste y Este ser\u00e1 de 20 a 30 km\/h con algunas rachas de 40 km\/h en la costa y puede presentarse un oleaje de 1.0 a 1.5 metros cercano a las playas.<\/span><\/p>\n<p><span style=\"font-size: 14pt;\">Asimismo, en el transcurso de este fin de semana se prev\u00e9 el desarrollo de nubosidad con probables brumas, neblinas, incluso lluvias d\u00e9biles y dispersas matutinas en costas y llanura, vespertinas en monta\u00f1a.<\/span><\/p>\n","protected":false},"excerpt":{"rendered":"<p>Durante este viernes predominan las altas temperaturas y el ambiente bochornoso en Veracruz, con viento del sureste, este y noreste<\/p>\n","protected":false},"author":4,"featured_media":39435,"comment_status":"closed","ping_status":"closed","sticky":false,"template":"","format":"standard","meta":{"colormag_page_container_layout":"default_layout","colormag_page_sidebar_layout":"default_layout","_jetpack_memberships_contains_paid_content":false,"footnotes":"","jetpack_publicize_message":"","jetpack_publicize_feature_enabled":true,"jetpack_social_post_already_shared":false,"jetpack_social_options":{"image_generator_settings":{"template":"highway","default_image_id":0,"font":"","enabled":false},"version":2}},"categories":[1082],"tags":[],"class_list":["post-39434","post","type-post","status-publish","format-standard","has-post-thumbnail","hentry","category-tuxpan"],"jetpack_publicize_connections":[],"jetpack_featured_media_url":"https:\/\/i0.wp.com\/politicosaldesnudo.com.mx\/wp-content\/uploads\/2024\/06\/veracruz-esperanza-lluvia-focus-0-0-495-370.jpg?fit=495%2C370&ssl=1","jetpack-related-posts":[],"jetpack_sharing_enabled":true,"_links":{"self":[{"href":"https:\/\/politicosaldesnudo.com.mx\/index.php\/wp-json\/wp\/v2\/posts\/39434","targetHints":{"allow":["GET"]}}],"collection":[{"href":"https:\/\/politicosaldesnudo.com.mx\/index.php\/wp-json\/wp\/v2\/posts"}],"about":[{"href":"https:\/\/politicosaldesnudo.com.mx\/index.php\/wp-json\/wp\/v2\/types\/post"}],"author":[{"embeddable":true,"href":"https:\/\/politicosaldesnudo.com.mx\/index.php\/wp-json\/wp\/v2\/users\/4"}],"replies":[{"embeddable":true,"href":"https:\/\/politicosaldesnudo.com.mx\/index.php\/wp-json\/wp\/v2\/comments?post=39434"}],"version-history":[{"count":0,"href":"https:\/\/politicosaldesnudo.com.mx\/index.php\/wp-json\/wp\/v2\/posts\/39434\/revisions"}],"wp:featuredmedia":[{"embeddable":true,"href":"https:\/\/politicosaldesnudo.com.mx\/index.php\/wp-json\/wp\/v2\/media\/39435"}],"wp:attachment":[{"href":"https:\/\/politicosaldesnudo.com.mx\/index.php\/wp-json\/wp\/v2\/media?parent=39434"}],"wp:term":[{"taxonomy":"category","embeddable":true,"href":"https:\/\/politicosaldesnudo.com.mx\/index.php\/wp-json\/wp\/v2\/categories?post=39434"},{"taxonomy":"post_tag","embeddable":true,"href":"https:\/\/politicosaldesnudo.com.mx\/index.php\/wp-json\/wp\/v2\/tags?post=39434"}],"curies":[{"name":"wp","href":"https:\/\/api.w.org\/{rel}","templated":true}]}}