{"id":39601,"date":"2024-06-11T08:08:23","date_gmt":"2024-06-11T13:08:23","guid":{"rendered":"https:\/\/politicosaldesnudo.com.mx\/?p=39601"},"modified":"2024-06-11T08:08:23","modified_gmt":"2024-06-11T13:08:23","slug":"pescadores-tuxpenos-afectados-por-baja-produccion","status":"publish","type":"post","link":"https:\/\/politicosaldesnudo.com.mx\/index.php\/2024\/06\/11\/pescadores-tuxpenos-afectados-por-baja-produccion\/","title":{"rendered":"Pescadores Tuxpe\u00f1os afectados por baja producci\u00f3n"},"content":{"rendered":"<p><span style=\"font-size: 14pt;\">Debido al impacto ambiental y a la presencia de las altas temperaturas la producci\u00f3n de los pescados y mariscos en la Laguna de Tampamachoco ha disminuido considerablemente, as\u00ed lo indicaron Representantes de la Sociedad Cooperativa de Producci\u00f3n Pesquera Puerto de Tuxpan<\/span><\/p>\n<p><span style=\"font-size: 14pt;\">Jes\u00fas Jonguitud Valenzuela, Presidente del Consejo de Administraci\u00f3n de la Cooperativa, se\u00f1al\u00f3 que esta problem\u00e1tica se ha agudizado en los \u00faltimos 5 a\u00f1os, por lo que actualmente se padece de una crisis pesquera en toda la zona norte de Veracruz, aunado a ello las vedas en algunos productos del mar que entraron en vigor el 28 de mayo y concluir\u00e1n hasta el 12 de julio, no ha permitido que los pescadores realicen sus labores con normalidad situaci\u00f3n que ha repercutido en su econom\u00eda.<\/span><\/p>\n<p><span style=\"font-size: 14pt;\">Coment\u00f3 que factores como la presunta contaminaci\u00f3n generada por la Termoel\u00e9ctrica ha propiciado que la producci\u00f3n de pescados y mariscos en la Laguna de Tampamachoco disminuya puesto que en contraste con a\u00f1os anteriores cuando por mes se pescaban cerca de 4 toneladas de marisco, actualmente se producen menos del 50 por ciento de tal cantidad.<\/span><\/p>\n","protected":false},"excerpt":{"rendered":"<p>Debido al impacto ambiental y a la presencia de las altas temperaturas la producci\u00f3n de los pescados y mariscos en<\/p>\n","protected":false},"author":4,"featured_media":39602,"comment_status":"closed","ping_status":"closed","sticky":false,"template":"","format":"standard","meta":{"colormag_page_container_layout":"default_layout","colormag_page_sidebar_layout":"default_layout","_jetpack_memberships_contains_paid_content":false,"footnotes":"","jetpack_publicize_message":"","jetpack_publicize_feature_enabled":true,"jetpack_social_post_already_shared":false,"jetpack_social_options":{"image_generator_settings":{"template":"highway","default_image_id":0,"font":"","enabled":false},"version":2}},"categories":[1082],"tags":[],"class_list":["post-39601","post","type-post","status-publish","format-standard","has-post-thumbnail","hentry","category-tuxpan"],"jetpack_publicize_connections":[],"jetpack_featured_media_url":"https:\/\/i0.wp.com\/politicosaldesnudo.com.mx\/wp-content\/uploads\/2024\/06\/images-15.jpg?fit=259%2C194&ssl=1","jetpack-related-posts":[],"jetpack_sharing_enabled":true,"_links":{"self":[{"href":"https:\/\/politicosaldesnudo.com.mx\/index.php\/wp-json\/wp\/v2\/posts\/39601","targetHints":{"allow":["GET"]}}],"collection":[{"href":"https:\/\/politicosaldesnudo.com.mx\/index.php\/wp-json\/wp\/v2\/posts"}],"about":[{"href":"https:\/\/politicosaldesnudo.com.mx\/index.php\/wp-json\/wp\/v2\/types\/post"}],"author":[{"embeddable":true,"href":"https:\/\/politicosaldesnudo.com.mx\/index.php\/wp-json\/wp\/v2\/users\/4"}],"replies":[{"embeddable":true,"href":"https:\/\/politicosaldesnudo.com.mx\/index.php\/wp-json\/wp\/v2\/comments?post=39601"}],"version-history":[{"count":0,"href":"https:\/\/politicosaldesnudo.com.mx\/index.php\/wp-json\/wp\/v2\/posts\/39601\/revisions"}],"wp:featuredmedia":[{"embeddable":true,"href":"https:\/\/politicosaldesnudo.com.mx\/index.php\/wp-json\/wp\/v2\/media\/39602"}],"wp:attachment":[{"href":"https:\/\/politicosaldesnudo.com.mx\/index.php\/wp-json\/wp\/v2\/media?parent=39601"}],"wp:term":[{"taxonomy":"category","embeddable":true,"href":"https:\/\/politicosaldesnudo.com.mx\/index.php\/wp-json\/wp\/v2\/categories?post=39601"},{"taxonomy":"post_tag","embeddable":true,"href":"https:\/\/politicosaldesnudo.com.mx\/index.php\/wp-json\/wp\/v2\/tags?post=39601"}],"curies":[{"name":"wp","href":"https:\/\/api.w.org\/{rel}","templated":true}]}}