{"id":39727,"date":"2024-06-13T07:43:23","date_gmt":"2024-06-13T12:43:23","guid":{"rendered":"https:\/\/politicosaldesnudo.com.mx\/?p=39727"},"modified":"2024-06-13T07:43:23","modified_gmt":"2024-06-13T12:43:23","slug":"exige-onu-mexico-esclarecimiento-de-masacre-en-leon-guanajuato","status":"publish","type":"post","link":"https:\/\/politicosaldesnudo.com.mx\/index.php\/2024\/06\/13\/exige-onu-mexico-esclarecimiento-de-masacre-en-leon-guanajuato\/","title":{"rendered":"Exige ONU M\u00e9xico esclarecimiento de masacre en Le\u00f3n, Guanajuato"},"content":{"rendered":"<div>\n<div id=\"content-body-225-12076959\">\n<p><span style=\"font-size: 14pt;\">La Organizaci\u00f3n de las Naciones Unidas ONU-DH M\u00e9xico\u00a0exigi\u00f3 la investigaci\u00f3n exhaustiva e imparcial de la masacre ocurrida en Le\u00f3n\u00a0ocurrida el domingo nueve de junio en Le\u00f3n, Guanajuato, donde cuatro mujeres y dos beb\u00e9s fueron asesinados.<\/span><\/p>\n<p><span style=\"font-size: 14pt;\">Mediante su cuenta oficial de X,\u00a0pidi\u00f3 enjuiciar a los responsables de los hechos por acci\u00f3n y omisi\u00f3n\u00a0de los hechos y el esclarecimiento la masacre.<\/span><\/p>\n<\/div>\n<\/div>\n<div>\n<div id=\"dfp-nota-1x3s\" data-google-query-id=\"CI6S1f_M2IYDFW8ligMdRDgHKA\">\n<div id=\"google_ads_iframe_\/2000002\/la-prensa\/mexico_nota_1x3_0__container__\">\n<div id=\"inArticle_1\">\n<div>\n<div>\n<div>\n<div><span style=\"font-size: 14pt;\">\u201cCondenamos homicidio de 2 infantes y 4 mujeres en #Le\u00f3n #Gto el 9 de junio. Instamos a las autoridades a realizar investigaci\u00f3n exhaustiva, imparcial e independiente que conduzca a enjuiciar a todas los responsables por acci\u00f3n y omisi\u00f3n aplicando el #ProtocoloDeMinnesota\u201d.<\/span><\/div>\n<\/div>\n<\/div>\n<\/div>\n<\/div>\n<\/div>\n<\/div>\n<\/div>\n<article>\n<div id=\"content-body-5851641-12076959\">\n<p><span style=\"font-size: 14pt;\">El Protocolo de Minnesota establece una norma com\u00fan de desempe\u00f1o en la investigaci\u00f3n de una o varias muertes potencialmente il\u00edcitas o una sospecha de una desaparici\u00f3n forzada.<\/span><\/p>\n<div>\n<div>\n<div id=\"teads1\"><span style=\"font-size: 14pt;\">En el comunicado, el organismo de derechos humanos argument\u00f3 que la presunta participaci\u00f3n de elementos de la Guardia Nacional refuerza la necesidad de sancionar a los responsables.<\/span><\/div>\n<\/div>\n<\/div>\n<p><span style=\"font-size: 14pt;\">\u201cLa informaci\u00f3n sobre la presunta actuaci\u00f3n irregular de elementos de la #GuardiaNacional refuerza la necesidad de esclarecer lo sucedido, sancionar a los responsables e informar a la ciudadan\u00eda, tal y como lo mencion\u00f3 el Presidente\u201d, agreg\u00f3.<\/span><\/p>\n<section>\n<div>\n<div>\n<div><span style=\"font-size: 14pt;\">Esto luego de que se difundi\u00f3 un video donde un grupo de elementos de la corporaci\u00f3n federal supuestamente visit\u00f3 el lugar de los hechos\u00a0minutos antes del crimen y se llevaran una bolsa negra presuntamente con algunas pertenencias de la casa.<\/span><\/div>\n<\/div>\n<\/div>\n<\/section>\n<p><span style=\"font-size: 14pt;\">Adem\u00e1s,\u00a0la ONU expres\u00f3 sus condolencias a los familiares de las v\u00edctimas\u00a0y pidi\u00f3 medidas de control efectivas para que estos hechos no vuelvan a ocurrir.<\/span><\/p>\n<p><span style=\"font-size: 14pt;\">\u201cAlentamos a la implementaci\u00f3n de medidas de control y estrategias efectivas para evitar que hechos de esta naturaleza se repitan. De manera particular, expresamos nuestras condolencias a las familias de las v\u00edctimas\u201d.<\/span><\/p>\n<p><span style=\"font-size: 14pt;\">Fue el domingo por la noche cuando\u00a0hombres armados arribaron hasta el domicilio en la colonia Industrial a bordo de una camioneta y asesinaron a las y los seis integrantes de la familia.<\/span><\/p>\n<\/div>\n<\/article>\n","protected":false},"excerpt":{"rendered":"<p>La Organizaci\u00f3n de las Naciones Unidas ONU-DH M\u00e9xico\u00a0exigi\u00f3 la investigaci\u00f3n exhaustiva e imparcial de la masacre ocurrida en Le\u00f3n\u00a0ocurrida el<\/p>\n","protected":false},"author":4,"featured_media":39728,"comment_status":"closed","ping_status":"closed","sticky":false,"template":"","format":"standard","meta":{"colormag_page_container_layout":"default_layout","colormag_page_sidebar_layout":"default_layout","_jetpack_memberships_contains_paid_content":false,"footnotes":"","jetpack_publicize_message":"","jetpack_publicize_feature_enabled":true,"jetpack_social_post_already_shared":false,"jetpack_social_options":{"image_generator_settings":{"template":"highway","default_image_id":0,"font":"","enabled":false},"version":2}},"categories":[33],"tags":[57],"class_list":["post-39727","post","type-post","status-publish","format-standard","has-post-thumbnail","hentry","category-nacional","tag-onu"],"jetpack_publicize_connections":[],"jetpack_featured_media_url":"https:\/\/i0.wp.com\/politicosaldesnudo.com.mx\/wp-content\/uploads\/2024\/06\/GN.jpg?fit=400%2C250&ssl=1","jetpack-related-posts":[],"jetpack_sharing_enabled":true,"_links":{"self":[{"href":"https:\/\/politicosaldesnudo.com.mx\/index.php\/wp-json\/wp\/v2\/posts\/39727","targetHints":{"allow":["GET"]}}],"collection":[{"href":"https:\/\/politicosaldesnudo.com.mx\/index.php\/wp-json\/wp\/v2\/posts"}],"about":[{"href":"https:\/\/politicosaldesnudo.com.mx\/index.php\/wp-json\/wp\/v2\/types\/post"}],"author":[{"embeddable":true,"href":"https:\/\/politicosaldesnudo.com.mx\/index.php\/wp-json\/wp\/v2\/users\/4"}],"replies":[{"embeddable":true,"href":"https:\/\/politicosaldesnudo.com.mx\/index.php\/wp-json\/wp\/v2\/comments?post=39727"}],"version-history":[{"count":0,"href":"https:\/\/politicosaldesnudo.com.mx\/index.php\/wp-json\/wp\/v2\/posts\/39727\/revisions"}],"wp:featuredmedia":[{"embeddable":true,"href":"https:\/\/politicosaldesnudo.com.mx\/index.php\/wp-json\/wp\/v2\/media\/39728"}],"wp:attachment":[{"href":"https:\/\/politicosaldesnudo.com.mx\/index.php\/wp-json\/wp\/v2\/media?parent=39727"}],"wp:term":[{"taxonomy":"category","embeddable":true,"href":"https:\/\/politicosaldesnudo.com.mx\/index.php\/wp-json\/wp\/v2\/categories?post=39727"},{"taxonomy":"post_tag","embeddable":true,"href":"https:\/\/politicosaldesnudo.com.mx\/index.php\/wp-json\/wp\/v2\/tags?post=39727"}],"curies":[{"name":"wp","href":"https:\/\/api.w.org\/{rel}","templated":true}]}}