{"id":39730,"date":"2024-06-13T07:46:30","date_gmt":"2024-06-13T12:46:30","guid":{"rendered":"https:\/\/politicosaldesnudo.com.mx\/?p=39730"},"modified":"2024-06-13T07:46:30","modified_gmt":"2024-06-13T12:46:30","slug":"nos-quitaron-el-privilegio-de-dormir-reclaman-pobladores-de-tila-chiapas","status":"publish","type":"post","link":"https:\/\/politicosaldesnudo.com.mx\/index.php\/2024\/06\/13\/nos-quitaron-el-privilegio-de-dormir-reclaman-pobladores-de-tila-chiapas\/","title":{"rendered":"Nos quitaron el privilegio de dormir\u00bb, reclaman pobladores de Tila, Chiapas"},"content":{"rendered":"<div>\n<div id=\"content-body-225-12078659\">\n<p><span style=\"font-size: 14pt;\">Magdalena,\u00a0mujer chol desplazada de la cabecera del municipio de Tila, Chiapas,\u00a0cont\u00f3 que huyeron de su comunidad a causa de la violencia generada por el grupo armado Los Aut\u00f3nomos,\u00a0que les quit\u00f3 el privilegio de tener un lugar para dormir y convivir en familia, sin embargo, para ella es mejor perder todo y no su vida.<\/span><\/p>\n<p><span style=\"font-size: 14pt;\">\u201cM\u00e1s dif\u00edcil es vivir en un lugar donde no puedes dormir, no puedes comer, no puedes tener ya vida propia por esas personas que est\u00e1n en Tila. Cada uno dej\u00f3 su casa, sus animales y sus cosas a cambio de su vida; duele separarse de sus pertenencias, duele estar en casa ajena cuando uno tiene donde dormir\u201d, coment\u00f3 la mujer.<\/span><\/p>\n<\/div>\n<\/div>\n<div>\n<div id=\"dfp-nota-1x3s\" data-google-query-id=\"CLLHt83N2IYDFWAligMdPSEELg\">\n<div id=\"google_ads_iframe_\/2000002\/la-prensa\/mexico_nota_1x3_0__container__\">\n<div id=\"inArticle_1\">\n<div>\n<div>\n<div>\n<div><span style=\"font-size: 14pt;\">Magdalena, de 30 a\u00f1os y madre de dos peque\u00f1os, toma una silla de pl\u00e1stico, la coloca en una de las orillas del campo de f\u00fatbol de la\u00a0comunidad a la que llegaron de Yajal\u00f3n,\u00a0donde ahora es su hogar, se sienta y ah\u00ed observa su nueva realidad,\u00a0un espacio que comparte con otras cuatro mil personas.<\/span><\/div>\n<\/div>\n<\/div>\n<\/div>\n<\/div>\n<\/div>\n<\/div>\n<\/div>\n<article>\n<div id=\"content-body-5851641-12078659\">\n<div>\n<div>\n<div>\n<div id=\"standard_4\">\n<div>\n<div>\n<div>\n<div><\/div>\n<\/div>\n<\/div>\n<\/div>\n<\/div>\n<div>\n<h4><span style=\"font-size: 14pt;\">M\u00e1s de cuatro mil personas que huyeron de Tila sobreviven de los alimentos que les dan autoridades, el Ej\u00e9rcito y la sociedad civil<\/span><\/h4>\n<\/div>\n<\/div>\n<\/div>\n<\/div>\n<p><span style=\"font-size: 14pt;\">Lla mujer record\u00f3 que\u00a0ya pasaron cinco d\u00edas desde que huy\u00f3 junto con su familia a causa de la violencia que genera el grupo Los Aut\u00f3nomos.<\/span><\/p>\n<p><span style=\"font-size: 14pt;\">La pobladora de Tila relat\u00f3 que por las noches junto con sus hijos se recuestan sobre el piso, en una colchoneta que las autoridades de Protecci\u00f3n Civil les proporcionaron, y que durante la madrugada, cuando el fr\u00edo apremia, se cubren con colchas, y agreg\u00f3 que los alimentos se los proporcionan las autoridades municipales, el Ej\u00e9rcito mexicano y la sociedad civil que se sum\u00f3 para ayudarlos.<\/span><\/p>\n<div>\n<div>\n<div>\n<div>\n<h4><span style=\"font-size: 14pt;\">\u201cNo solamente el alcalde de Yajal\u00f3n, sino\u00a0toda la poblaci\u00f3n de municipios cercanos nos han brindado comida, ropa, v\u00edveres, lo b\u00e1sico, y tambi\u00e9n hemos recibido el apoyo de la\u00a0Secretar\u00eda de la Defensa Nacional (Sedena)\u00a0con los alimentos. Salimos sin nada, nos tenemos que conformar con lo que nos dan, ahora s\u00ed que hemos visto el humanismo de la gente\u201d, puntualiz\u00f3 la entrevistada.<\/span><\/h4>\n<\/div>\n<\/div>\n<\/div>\n<\/div>\n<p><span style=\"font-size: 14pt;\">Mientras tanto, la Sedena instal\u00f3 este mi\u00e9rcoles en la\u00a0cabecera municipal de Tila\u00a0un campamento para proporcionar atenci\u00f3n m\u00e9dica y distribuci\u00f3n de v\u00edveres para las familias que se quedaron, pero, de acuerdo con los pobladores que abandonaron la comunidad, ah\u00ed s\u00f3lo se encuentran 10 personas, las cuales\u00a0no salen a las calles por temor a ser agredidas por el grupo armado.<\/span><\/p>\n<\/div>\n<\/article>\n","protected":false},"excerpt":{"rendered":"<p>Magdalena,\u00a0mujer chol desplazada de la cabecera del municipio de Tila, Chiapas,\u00a0cont\u00f3 que huyeron de su comunidad a causa de la<\/p>\n","protected":false},"author":4,"featured_media":39731,"comment_status":"closed","ping_status":"closed","sticky":false,"template":"","format":"standard","meta":{"colormag_page_container_layout":"default_layout","colormag_page_sidebar_layout":"default_layout","_jetpack_memberships_contains_paid_content":false,"footnotes":"","jetpack_publicize_message":"","jetpack_publicize_feature_enabled":true,"jetpack_social_post_already_shared":false,"jetpack_social_options":{"image_generator_settings":{"template":"highway","default_image_id":0,"font":"","enabled":false},"version":2}},"categories":[33],"tags":[147],"class_list":["post-39730","post","type-post","status-publish","format-standard","has-post-thumbnail","hentry","category-nacional","tag-chiapas"],"jetpack_publicize_connections":[],"jetpack_featured_media_url":"https:\/\/i0.wp.com\/politicosaldesnudo.com.mx\/wp-content\/uploads\/2024\/06\/tila_jhonatan_gonzalez_elheraldodechiapas1.png?fit=400%2C225&ssl=1","jetpack-related-posts":[],"jetpack_sharing_enabled":true,"_links":{"self":[{"href":"https:\/\/politicosaldesnudo.com.mx\/index.php\/wp-json\/wp\/v2\/posts\/39730","targetHints":{"allow":["GET"]}}],"collection":[{"href":"https:\/\/politicosaldesnudo.com.mx\/index.php\/wp-json\/wp\/v2\/posts"}],"about":[{"href":"https:\/\/politicosaldesnudo.com.mx\/index.php\/wp-json\/wp\/v2\/types\/post"}],"author":[{"embeddable":true,"href":"https:\/\/politicosaldesnudo.com.mx\/index.php\/wp-json\/wp\/v2\/users\/4"}],"replies":[{"embeddable":true,"href":"https:\/\/politicosaldesnudo.com.mx\/index.php\/wp-json\/wp\/v2\/comments?post=39730"}],"version-history":[{"count":0,"href":"https:\/\/politicosaldesnudo.com.mx\/index.php\/wp-json\/wp\/v2\/posts\/39730\/revisions"}],"wp:featuredmedia":[{"embeddable":true,"href":"https:\/\/politicosaldesnudo.com.mx\/index.php\/wp-json\/wp\/v2\/media\/39731"}],"wp:attachment":[{"href":"https:\/\/politicosaldesnudo.com.mx\/index.php\/wp-json\/wp\/v2\/media?parent=39730"}],"wp:term":[{"taxonomy":"category","embeddable":true,"href":"https:\/\/politicosaldesnudo.com.mx\/index.php\/wp-json\/wp\/v2\/categories?post=39730"},{"taxonomy":"post_tag","embeddable":true,"href":"https:\/\/politicosaldesnudo.com.mx\/index.php\/wp-json\/wp\/v2\/tags?post=39730"}],"curies":[{"name":"wp","href":"https:\/\/api.w.org\/{rel}","templated":true}]}}