{"id":39735,"date":"2024-06-13T07:53:23","date_gmt":"2024-06-13T12:53:23","guid":{"rendered":"https:\/\/politicosaldesnudo.com.mx\/?p=39735"},"modified":"2024-06-13T07:53:23","modified_gmt":"2024-06-13T12:53:23","slug":"gala-wagner-en-la-osx","status":"publish","type":"post","link":"https:\/\/politicosaldesnudo.com.mx\/index.php\/2024\/06\/13\/gala-wagner-en-la-osx\/","title":{"rendered":"\u201cGala Wagner\u201d en la OSX"},"content":{"rendered":"<ul>\n<li><span style=\"font-size: 14pt;\">Oberturas y piezas de su legendario ciclo \u201cEl Anillo del Nibelungo\u201d<\/span><\/li>\n<li><span style=\"font-size: 14pt;\">Martin Lebel, director titular<\/span><\/li>\n<\/ul>\n<p><span style=\"font-size: 14pt;\">La Orquesta Sinf\u00f3nica de Xalapa de la UV, presenta uno de los conciertos m\u00e1s esperados de su temporada, dedicado al aclamado e hist\u00f3rico compositor alem\u00e1n: Richard Wagner.<\/span><br \/>\n<span style=\"font-size: 14pt;\">La \u201cGala Wagner\u201d incluir\u00e1 tres de sus m\u00e1s famosas oberturas (\u201cLos Maestros Cantores de N\u00faremberg\u201d\/\u201cParsifal\u201d) y piezas que inmortalizaron su legado musical en el ciclo de \u00f3peras \u201cEl Anillo del Nibelungo\u201d: \u201cEl idilio de Sigfrido\u201d, \u201cEl crep\u00fasculo de los dioses: Viaje de Sigfrido por el Rin\/Funeral de Sigfrido\u201d y la \u201cCabalgata de las Valquirias\u201d. Bajo la batuta de Martin Lebel, director titular.<\/span><\/p>\n<p><span style=\"font-size: 14pt;\">En 1845, compuso su \u00f3pera ligera \u201cLos maestros cantores\u201d. Su melod\u00eda detona el folclore alem\u00e1n. Conjunta elementos de pasi\u00f3n, s\u00e1tira y fraternidad de la que a\u00fan se aplaude la recapitulaci\u00f3n que hizo Wagner sobre el\u00a0 tema inicial, consiguiendo as\u00ed un\u00a0 gran cl\u00edmax que pasa inmediatamente al primer acto.<\/span><\/p>\n<p><span style=\"font-size: 14pt;\">\u201cEl idilio de Sigfrido\u201d, tambi\u00e9n conocida como \u201cSinfon\u00eda de Cumplea\u00f1os\u201d es una de sus pocas piezas originalmente sinf\u00f3nicas. En ella, Wagner evoca su faceta dulce en una entonaci\u00f3n enternecedora. La primera interpretaci\u00f3n no oficial pues fue dedicada para su esposa como una sorpresa matutina. Mientras dorm\u00eda, fue despertada por lo que ella describe como \u201cuna m\u00fasica nueva, maravillosa y desconocida\u201d; siendo este un trasfondo que enriquece el valor de su obra.<\/span><\/p>\n<p><span style=\"font-size: 14pt;\">\u201cEl viaje de Sigfrido por el Rin\u201d, es el segundo acto de la interludio orquestal entre el Pr\u00f3logo y el Acto I de la obra \u201cG\u00f6tterd\u00e4mmerung: Viaje por el Rin\u201d (1848). De ella, se destaca el avance de la m\u00fasica, que desapercibidamente consigue alzarse en una gran intensidad musical en las cuerdas.<\/span><\/p>\n<p><span style=\"font-size: 14pt;\">En 1852, escribi\u00f3 \u201cEl Anillo del Nibelungo\u201d, un compendio de \u00f3peras cl\u00e1sicas, de las que se rescatan la mayor\u00eda de las obras para este concierto, incluyendo: \u201cLa cabalgata de las valquirias\u201d y \u201cEl crep\u00fasculo de los dioses\u201d. En el caso de la primera pieza, construye una fusi\u00f3n de capas que se establece como el preludio del tercer acto. As\u00ed pues, la segunda pieza consiste en una trilog\u00eda que narra las \u00e9picas batallas, con el ya anticipado ensamble de personajes mitol\u00f3gicos griegos, siendo la presente la conclusi\u00f3n de los enfrentamientos.<\/span><\/p>\n<p><span style=\"font-size: 14pt;\">Asiste a la Charla de Concierto OSX realizada desde la Sala Did\u00e1ctica de Tlaqn\u00e1, Centro Cultural los viernes de concierto, a las 19:00 h. La cual contar\u00e1 este viernes con el Mtro. El\u00edas \u00c1lvarez V\u00e9lez.<\/span><\/p>\n<p><span style=\"font-size: 14pt;\">La Orquesta Sinf\u00f3nica de Xalapa reitera su compromiso con la libertad de expresi\u00f3n y el respeto entre todos los individuos; expresando y haciendo valer este derecho a trav\u00e9s del lenguaje m\u00e1s puro y que nos une a todos: la m\u00fasica.<\/span><\/p>\n","protected":false},"excerpt":{"rendered":"<p>Oberturas y piezas de su legendario ciclo \u201cEl Anillo del Nibelungo\u201d Martin Lebel, director titular La Orquesta Sinf\u00f3nica de Xalapa<\/p>\n","protected":false},"author":4,"featured_media":39736,"comment_status":"closed","ping_status":"closed","sticky":false,"template":"","format":"standard","meta":{"colormag_page_container_layout":"default_layout","colormag_page_sidebar_layout":"default_layout","_jetpack_memberships_contains_paid_content":false,"footnotes":"","jetpack_publicize_message":"","jetpack_publicize_feature_enabled":true,"jetpack_social_post_already_shared":false,"jetpack_social_options":{"image_generator_settings":{"template":"highway","default_image_id":0,"font":"","enabled":false},"version":2}},"categories":[474],"tags":[],"class_list":["post-39735","post","type-post","status-publish","format-standard","has-post-thumbnail","hentry","category-cultura"],"jetpack_publicize_connections":[],"jetpack_featured_media_url":"https:\/\/i0.wp.com\/politicosaldesnudo.com.mx\/wp-content\/uploads\/2024\/06\/JUN_14-scaled.jpg?fit=2048%2C2560&ssl=1","jetpack-related-posts":[],"jetpack_sharing_enabled":true,"_links":{"self":[{"href":"https:\/\/politicosaldesnudo.com.mx\/index.php\/wp-json\/wp\/v2\/posts\/39735","targetHints":{"allow":["GET"]}}],"collection":[{"href":"https:\/\/politicosaldesnudo.com.mx\/index.php\/wp-json\/wp\/v2\/posts"}],"about":[{"href":"https:\/\/politicosaldesnudo.com.mx\/index.php\/wp-json\/wp\/v2\/types\/post"}],"author":[{"embeddable":true,"href":"https:\/\/politicosaldesnudo.com.mx\/index.php\/wp-json\/wp\/v2\/users\/4"}],"replies":[{"embeddable":true,"href":"https:\/\/politicosaldesnudo.com.mx\/index.php\/wp-json\/wp\/v2\/comments?post=39735"}],"version-history":[{"count":0,"href":"https:\/\/politicosaldesnudo.com.mx\/index.php\/wp-json\/wp\/v2\/posts\/39735\/revisions"}],"wp:featuredmedia":[{"embeddable":true,"href":"https:\/\/politicosaldesnudo.com.mx\/index.php\/wp-json\/wp\/v2\/media\/39736"}],"wp:attachment":[{"href":"https:\/\/politicosaldesnudo.com.mx\/index.php\/wp-json\/wp\/v2\/media?parent=39735"}],"wp:term":[{"taxonomy":"category","embeddable":true,"href":"https:\/\/politicosaldesnudo.com.mx\/index.php\/wp-json\/wp\/v2\/categories?post=39735"},{"taxonomy":"post_tag","embeddable":true,"href":"https:\/\/politicosaldesnudo.com.mx\/index.php\/wp-json\/wp\/v2\/tags?post=39735"}],"curies":[{"name":"wp","href":"https:\/\/api.w.org\/{rel}","templated":true}]}}