{"id":39745,"date":"2024-06-13T08:01:34","date_gmt":"2024-06-13T13:01:34","guid":{"rendered":"https:\/\/politicosaldesnudo.com.mx\/?p=39745"},"modified":"2024-06-13T08:01:34","modified_gmt":"2024-06-13T13:01:34","slug":"inician-obras-de-pavimentacion","status":"publish","type":"post","link":"https:\/\/politicosaldesnudo.com.mx\/index.php\/2024\/06\/13\/inician-obras-de-pavimentacion\/","title":{"rendered":"Inician obras de pavimentaci\u00f3n"},"content":{"rendered":"<p><span style=\"font-size: 14pt;\">\u2022 El Presidente Municipal agradeci\u00f3 al gobernador Ing. Cuitl\u00e1huac Garc\u00eda Jim\u00e9nez su gran respaldo al desarrollo de Tuxpan<\/span><\/p>\n<p><span style=\"font-size: 14pt;\">\u2022 Estas obras carreteras, una vez terminadas, generar\u00e1n progreso, desarrollo econ\u00f3mico y bienestar social<\/span><\/p>\n<p><span style=\"font-size: 14pt;\">Acompa\u00f1ado de agentes y subagentes municipales, el presidente municipal Jos\u00e9 Manuel Pozos Castro dio el banderazo de inicio de los trabajos de pavimentaci\u00f3n con concreto hidr\u00e1ulico de la carretera \u201cLos Kil\u00f3metros\u201d y del Camino a la Comunidad Juana Moza, obras en las que se invierten recursos estatales.<\/span><\/p>\n<p><span style=\"font-size: 14pt;\">El alcalde agradeci\u00f3 al gobernador, Ing. Cuitl\u00e1huac Garc\u00eda Jim\u00e9nez, por el gran respaldo que ha brindado a Tuxpan desde el inicio de su administraci\u00f3n: \u201cLa mejor manera de seguir teniendo beneficios es trabajando de manera coordinada\u201d, expres\u00f3.<\/span><\/p>\n<p><span style=\"font-size: 14pt;\">Con una inversi\u00f3n de m\u00e1s de 18 millones de pesos se realiza la pavimentaci\u00f3n del kil\u00f3metro 10 al kil\u00f3metro 12+100, que beneficiar\u00e1 a m\u00e1s de 18 comunidades que comprenden la ruta \u201cLos Kil\u00f3metros\u201d.<\/span><\/p>\n<p><span style=\"font-size: 14pt;\">El presidente municipal mencion\u00f3 que esta obra era prioritaria, ya que los habitantes de la zona tienen muchas dificultades para trasladarse: \u201cesta construcci\u00f3n tendr\u00e1 un impacto muy positivo, ya que elevar\u00e1 la calidad de vida de muchas familias\u201d.<\/span><\/p>\n<p><span style=\"font-size: 14pt;\">Destac\u00f3 que con buenas carreteras se mejora de manera significativa la econom\u00eda local y la conectividad entre las comunidades; adem\u00e1s, se facilita la comercializaci\u00f3n de productos y la atenci\u00f3n de la poblaci\u00f3n en las contingencias.<\/span><\/p>\n<p><span style=\"font-size: 14pt;\">En el arranque de los trabajos, el mandatario estuvo acompa\u00f1ado por los agentes y subagentes municipales de las comunidades Pr\u00e1xedis Guerrero, La Esperanza, Linda Vista, Pa\u00edses Bajos, Aire Libre, Villamar, Chacoaco, Miramar, Benito Ju\u00e1rez, Playa Emiliano Zapata, Kil\u00f3metro 10, El Sacrificio.<\/span><\/p>\n<p><span style=\"font-size: 14pt;\">Posteriormente, el Presidente Municipal puso en marcha los trabajos de pavimentaci\u00f3n con concreto hidr\u00e1ulico del camino a la comunidad Juana Moza, que se realizar\u00e1 con una inversi\u00f3n estatal de m\u00e1s de 19 millones de pesos.<\/span><\/p>\n<p><span style=\"font-size: 14pt;\">\u201cEn poco tiempo el camino a Juana Moza estar\u00e1 debidamente pavimentado con concreto hidr\u00e1ulico, ser\u00e1 una obra de calidad que durar\u00e1 muchos a\u00f1os. Esta carretera ser\u00e1 detonante para muchas actividades productivas que est\u00e1n en marcha y aportan al municipio\u201d, refiri\u00f3 el mandatario.<\/span><\/p>\n<p><span style=\"font-size: 14pt;\">Pozos Castro reiter\u00f3 que \u201cla palabra y el compromiso se cumplen y se honran, y que donde hay una buena carretera hay progreso, econom\u00eda y bienestar social\u201d.<\/span><\/p>\n<p><span style=\"font-size: 14pt;\">En este segundo banderazo estuvieron presentes el Ing. Antonio T\u00e9llez Cantor\u00e1n, encargado de la obra, director y representante de la empresa Delars Construcciones; la agente municipal Lizbeth Vel\u00e1zquez Leyva y vecinos de la comunidad y de zona urbana.<\/span><\/p>\n","protected":false},"excerpt":{"rendered":"<p>\u2022 El Presidente Municipal agradeci\u00f3 al gobernador Ing. Cuitl\u00e1huac Garc\u00eda Jim\u00e9nez su gran respaldo al desarrollo de Tuxpan \u2022 Estas<\/p>\n","protected":false},"author":4,"featured_media":39746,"comment_status":"closed","ping_status":"closed","sticky":false,"template":"","format":"standard","meta":{"colormag_page_container_layout":"default_layout","colormag_page_sidebar_layout":"default_layout","_jetpack_memberships_contains_paid_content":false,"footnotes":"","jetpack_publicize_message":"","jetpack_publicize_feature_enabled":true,"jetpack_social_post_already_shared":false,"jetpack_social_options":{"image_generator_settings":{"template":"highway","default_image_id":0,"font":"","enabled":false},"version":2}},"categories":[3205,1082],"tags":[],"class_list":["post-39745","post","type-post","status-publish","format-standard","has-post-thumbnail","hentry","category-gobierno-tuxpan","category-tuxpan"],"jetpack_publicize_connections":[],"jetpack_featured_media_url":"https:\/\/i0.wp.com\/politicosaldesnudo.com.mx\/wp-content\/uploads\/2024\/06\/f3ff895a-c975-4595-8dc7-592a4bfd70de.jpg?fit=1280%2C851&ssl=1","jetpack-related-posts":[],"jetpack_sharing_enabled":true,"_links":{"self":[{"href":"https:\/\/politicosaldesnudo.com.mx\/index.php\/wp-json\/wp\/v2\/posts\/39745","targetHints":{"allow":["GET"]}}],"collection":[{"href":"https:\/\/politicosaldesnudo.com.mx\/index.php\/wp-json\/wp\/v2\/posts"}],"about":[{"href":"https:\/\/politicosaldesnudo.com.mx\/index.php\/wp-json\/wp\/v2\/types\/post"}],"author":[{"embeddable":true,"href":"https:\/\/politicosaldesnudo.com.mx\/index.php\/wp-json\/wp\/v2\/users\/4"}],"replies":[{"embeddable":true,"href":"https:\/\/politicosaldesnudo.com.mx\/index.php\/wp-json\/wp\/v2\/comments?post=39745"}],"version-history":[{"count":0,"href":"https:\/\/politicosaldesnudo.com.mx\/index.php\/wp-json\/wp\/v2\/posts\/39745\/revisions"}],"wp:featuredmedia":[{"embeddable":true,"href":"https:\/\/politicosaldesnudo.com.mx\/index.php\/wp-json\/wp\/v2\/media\/39746"}],"wp:attachment":[{"href":"https:\/\/politicosaldesnudo.com.mx\/index.php\/wp-json\/wp\/v2\/media?parent=39745"}],"wp:term":[{"taxonomy":"category","embeddable":true,"href":"https:\/\/politicosaldesnudo.com.mx\/index.php\/wp-json\/wp\/v2\/categories?post=39745"},{"taxonomy":"post_tag","embeddable":true,"href":"https:\/\/politicosaldesnudo.com.mx\/index.php\/wp-json\/wp\/v2\/tags?post=39745"}],"curies":[{"name":"wp","href":"https:\/\/api.w.org\/{rel}","templated":true}]}}