{"id":39761,"date":"2024-06-13T08:16:04","date_gmt":"2024-06-13T13:16:04","guid":{"rendered":"https:\/\/politicosaldesnudo.com.mx\/?p=39761"},"modified":"2024-06-13T08:16:04","modified_gmt":"2024-06-13T13:16:04","slug":"produccion-de-maiz-blanco-de-mexico-caeria-9-en-2024-por-la-sequia","status":"publish","type":"post","link":"https:\/\/politicosaldesnudo.com.mx\/index.php\/2024\/06\/13\/produccion-de-maiz-blanco-de-mexico-caeria-9-en-2024-por-la-sequia\/","title":{"rendered":"Producci\u00f3n de ma\u00edz blanco de M\u00e9xico caer\u00eda 9% en 2024 por la sequ\u00eda"},"content":{"rendered":"<p><span style=\"font-size: 14pt;\">Sinaloa, el mayor productor de ma\u00edz blanco en M\u00e9xico, observar\u00e1 una ca\u00edda del 31% de su producci\u00f3n de ma\u00edz por la sequ\u00eda este a\u00f1o.<\/span><\/p>\n<p><span style=\"font-size: 14pt;\">La prolongada sequ\u00eda que golpea a M\u00e9xico afectar\u00e1 nuevamente su sector agropecuario en el a\u00f1o agr\u00edcola 2024 y llevar\u00eda a su producci\u00f3n de ma\u00edz a caer un 9%, principalmente la de grano blanco, del que hasta ahora es autosuficiente, de acuerdo a datos oficiales.<\/span><\/p>\n<p><span style=\"font-size: 14pt;\">M\u00e9xico producir\u00eda 25.15 millones de toneladas de ma\u00edz en el presente a\u00f1o agr\u00edcola, que va de octubre de 2023 a marzo del 2025, de acuerdo a un informe de expectativas agroalimentarias de la Secretar\u00eda de Agricultura (Sader).<\/span><\/p>\n<p><span style=\"font-size: 14pt;\">De ese total, el rendimiento de ma\u00edz blanco -el que m\u00e1s produce M\u00e9xico- caer\u00eda un 10% frente al ciclo previo, a 21.89 millones de toneladas, mientras que el de amarillo -del que el pa\u00eds importa grandes cantidades principalmente para alimentar ganado- repuntar\u00eda un marginal 0.7%, a 3.24 millones de toneladas, despu\u00e9s de haber ca\u00eddo un 4.5% en 2023, seg\u00fan datos preliminares.<\/span><\/p>\n<p><span style=\"font-size: 14pt;\">Las condiciones clim\u00e1ticas adversas seguir\u00edan golpeando al sector, de acuerdo a Sader.<\/span><\/p>\n<p><span style=\"font-size: 14pt;\">El a\u00f1o pasado, la sequ\u00eda, plagas y enfermedades que afectaron a los cultivos, ganado y aves, as\u00ed como la volatilidad e inflaci\u00f3n en los precios de energ\u00e9ticos y materias primas, impactaron negativamente en la productividad del sector agroalimentario del pa\u00eds.<\/span><\/p>\n<p><span style=\"font-size: 14pt;\">El 76% del territorio mexicano se encontraba bajo sequ\u00eda moderada a excepcional, lo que significa, en la categor\u00eda m\u00e1s severa, p\u00e9rdidas de cultivos o riesgo de incendios, as\u00ed como escasez de agua en embalses, arroyos y pozos, de acuerdo a la clasificaci\u00f3n de la Comisi\u00f3n Nacional del Agua (Conagua).<\/span><\/p>\n<p><span style=\"font-size: 14pt;\">El principal meteor\u00f3logo agr\u00edcola de AccuWeather, Dale Mohler, consider\u00f3 en un reporte que la lluvia puede llegar demasiado tarde para una cosecha exitosa de ma\u00edz y otros cultivos en M\u00e9xico, lo que podr\u00eda llevar a una demanda m\u00e1s fuente del cereal desde Estados Unidos, el mayor proveedor del grano importado.<\/span><\/p>\n<p><span style=\"font-size: 14pt;\">\u00abSinaloa (&#8230;) y Jalisco (&#8230;) generan el 37% de la cosecha nacional de ma\u00edz\u00bb, dijo Mohler. \u00abEstas dos zonas se han visto muy afectadas por la sequ\u00eda\u00bb, agreg\u00f3.<\/span><\/p>\n<p><span style=\"font-size: 14pt;\">Sinaloa, en el noroeste de M\u00e9xico y con costas en el Pac\u00edfico, es el mayor productor de ma\u00edz blanco en M\u00e9xico. De acuerdo con el documento de expectativas de Sader, publicado esta semana, la producci\u00f3n del grano caer\u00e1 un 31% en el estado, a 4.55 millones de toneladas, mientras que en Jalisco, en el occidente, bajar\u00eda un marginal 0.7% a 2.74 millones de toneladas.<\/span><\/p>\n<p><span style=\"font-size: 14pt;\">M\u00e9xico es un comprador clave de ma\u00edz amarillo de Estados Unidos, del que adquiere cerca de 6,000 millones de d\u00f3lares del grano anualmente.<\/span><\/p>\n<p><span style=\"font-size: 14pt;\">M\u00e9xico y Estados Unidos est\u00e1n en medio de una disputa por el comercio del grano, que se dirime actualmente en un panel de soluci\u00f3n de controversias del acuerdo comercial de Norteam\u00e9rica, TMEC. Se espera una resoluci\u00f3n del panel en el \u00faltimo trimestre del a\u00f1o.<\/span><\/p>\n","protected":false},"excerpt":{"rendered":"<p>Sinaloa, el mayor productor de ma\u00edz blanco en M\u00e9xico, observar\u00e1 una ca\u00edda del 31% de su producci\u00f3n de ma\u00edz por<\/p>\n","protected":false},"author":4,"featured_media":39762,"comment_status":"closed","ping_status":"closed","sticky":false,"template":"","format":"standard","meta":{"colormag_page_container_layout":"default_layout","colormag_page_sidebar_layout":"default_layout","_jetpack_memberships_contains_paid_content":false,"footnotes":"","jetpack_publicize_message":"","jetpack_publicize_feature_enabled":true,"jetpack_social_post_already_shared":false,"jetpack_social_options":{"image_generator_settings":{"template":"highway","default_image_id":0,"font":"","enabled":false},"version":2}},"categories":[2050],"tags":[],"class_list":["post-39761","post","type-post","status-publish","format-standard","has-post-thumbnail","hentry","category-economia"],"jetpack_publicize_connections":[],"jetpack_featured_media_url":"https:\/\/i0.wp.com\/politicosaldesnudo.com.mx\/wp-content\/uploads\/2024\/06\/images-19.jpg?fit=299%2C168&ssl=1","jetpack-related-posts":[],"jetpack_sharing_enabled":true,"_links":{"self":[{"href":"https:\/\/politicosaldesnudo.com.mx\/index.php\/wp-json\/wp\/v2\/posts\/39761","targetHints":{"allow":["GET"]}}],"collection":[{"href":"https:\/\/politicosaldesnudo.com.mx\/index.php\/wp-json\/wp\/v2\/posts"}],"about":[{"href":"https:\/\/politicosaldesnudo.com.mx\/index.php\/wp-json\/wp\/v2\/types\/post"}],"author":[{"embeddable":true,"href":"https:\/\/politicosaldesnudo.com.mx\/index.php\/wp-json\/wp\/v2\/users\/4"}],"replies":[{"embeddable":true,"href":"https:\/\/politicosaldesnudo.com.mx\/index.php\/wp-json\/wp\/v2\/comments?post=39761"}],"version-history":[{"count":0,"href":"https:\/\/politicosaldesnudo.com.mx\/index.php\/wp-json\/wp\/v2\/posts\/39761\/revisions"}],"wp:featuredmedia":[{"embeddable":true,"href":"https:\/\/politicosaldesnudo.com.mx\/index.php\/wp-json\/wp\/v2\/media\/39762"}],"wp:attachment":[{"href":"https:\/\/politicosaldesnudo.com.mx\/index.php\/wp-json\/wp\/v2\/media?parent=39761"}],"wp:term":[{"taxonomy":"category","embeddable":true,"href":"https:\/\/politicosaldesnudo.com.mx\/index.php\/wp-json\/wp\/v2\/categories?post=39761"},{"taxonomy":"post_tag","embeddable":true,"href":"https:\/\/politicosaldesnudo.com.mx\/index.php\/wp-json\/wp\/v2\/tags?post=39761"}],"curies":[{"name":"wp","href":"https:\/\/api.w.org\/{rel}","templated":true}]}}