{"id":39922,"date":"2024-06-15T01:55:52","date_gmt":"2024-06-15T06:55:52","guid":{"rendered":"https:\/\/politicosaldesnudo.com.mx\/?p=39922"},"modified":"2024-06-15T01:55:52","modified_gmt":"2024-06-15T06:55:52","slug":"jose-arturo-hernandez-lazcano-fue-nombrado-coordinador-de-playas-del-municipio-de-tuxpan","status":"publish","type":"post","link":"https:\/\/politicosaldesnudo.com.mx\/index.php\/2024\/06\/15\/jose-arturo-hernandez-lazcano-fue-nombrado-coordinador-de-playas-del-municipio-de-tuxpan\/","title":{"rendered":"Jos\u00e9 Arturo Hern\u00e1ndez Lazcano fue nombrado Coordinador de Playas del Municipio de Tuxpan"},"content":{"rendered":"<p><span style=\"font-size: 14pt;\">\u2022 El Alcalde Jos\u00e9 Manuel Pozos Castro lo exhort\u00f3 a trabajar de manera comprometida en pro del desarrollo sostenible de las playas y el turismo<\/span><\/p>\n<p><span style=\"font-size: 14pt;\">En uso de las facultades que le confiere el Art\u00edculo 36, Fracci\u00f3n XVII, observando el cumplimiento de lo dispuesto en el diverso 115 de la Ley Org\u00e1nica del Municipio Libre, el Presidente Municipal, Lic. Jos\u00e9 Manuel Pozos Castro tuvo a bien nombrar al Lic. Jos\u00e9 Arturo Hern\u00e1ndez Lazcano, como Coordinador de Playas del Municipio de Tuxpan.<\/span><\/p>\n<p><span style=\"font-size: 14pt;\">Deber\u00e1 desempe\u00f1ar este cargo en la Administraci\u00f3n P\u00fablica Municipal de acuerdo a lo establecido en los art\u00edculos 2, fracciones XXVIII, X; 3y 5 de la Ley de Responsabilidades Administrativas para el Estado de Veracruz, de los que derivan los principios que rigen la actuaci\u00f3n de los servidores p\u00fablicos: disciplina, legalidad, objetividad, profesionalismo, honrades, lealtad, imparcialidad, integridad, rendici\u00f3n de cuentas, eficacia, perspectiva de g\u00e9nero y eficiencia, que rigen el servicio p\u00fablico.<\/span><\/p>\n<p><span style=\"font-size: 14pt;\">El Alcalde Jos\u00e9 Manuel Pozos Castro lo exhort\u00f3 a trabajar de manera comprometida y con esp\u00edritu de servicio, en pro del desarrollo sostenible de nuestras playas y del sector tur\u00edstico.<\/span><\/p>\n<p><span style=\"font-size: 14pt;\">\u201cEstoy seguro que habr\u00e1 de cumplir eficientemente la encomienda que hoy se le asigna, en beneficio de las y los tuxpe\u00f1os\u201d, se\u00f1al\u00f3.<\/span><\/p>\n","protected":false},"excerpt":{"rendered":"<p>\u2022 El Alcalde Jos\u00e9 Manuel Pozos Castro lo exhort\u00f3 a trabajar de manera comprometida en pro del desarrollo sostenible de<\/p>\n","protected":false},"author":4,"featured_media":39923,"comment_status":"closed","ping_status":"closed","sticky":false,"template":"","format":"standard","meta":{"colormag_page_container_layout":"default_layout","colormag_page_sidebar_layout":"default_layout","_jetpack_memberships_contains_paid_content":false,"footnotes":"","jetpack_publicize_message":"","jetpack_publicize_feature_enabled":true,"jetpack_social_post_already_shared":false,"jetpack_social_options":{"image_generator_settings":{"template":"highway","default_image_id":0,"font":"","enabled":false},"version":2}},"categories":[3205,1082],"tags":[],"class_list":["post-39922","post","type-post","status-publish","format-standard","has-post-thumbnail","hentry","category-gobierno-tuxpan","category-tuxpan"],"jetpack_publicize_connections":[],"jetpack_featured_media_url":"https:\/\/i0.wp.com\/politicosaldesnudo.com.mx\/wp-content\/uploads\/2024\/06\/WhatsApp-Image-2024-06-14-at-6.48.13-PM.jpeg?fit=1280%2C851&ssl=1","jetpack-related-posts":[],"jetpack_sharing_enabled":true,"_links":{"self":[{"href":"https:\/\/politicosaldesnudo.com.mx\/index.php\/wp-json\/wp\/v2\/posts\/39922","targetHints":{"allow":["GET"]}}],"collection":[{"href":"https:\/\/politicosaldesnudo.com.mx\/index.php\/wp-json\/wp\/v2\/posts"}],"about":[{"href":"https:\/\/politicosaldesnudo.com.mx\/index.php\/wp-json\/wp\/v2\/types\/post"}],"author":[{"embeddable":true,"href":"https:\/\/politicosaldesnudo.com.mx\/index.php\/wp-json\/wp\/v2\/users\/4"}],"replies":[{"embeddable":true,"href":"https:\/\/politicosaldesnudo.com.mx\/index.php\/wp-json\/wp\/v2\/comments?post=39922"}],"version-history":[{"count":0,"href":"https:\/\/politicosaldesnudo.com.mx\/index.php\/wp-json\/wp\/v2\/posts\/39922\/revisions"}],"wp:featuredmedia":[{"embeddable":true,"href":"https:\/\/politicosaldesnudo.com.mx\/index.php\/wp-json\/wp\/v2\/media\/39923"}],"wp:attachment":[{"href":"https:\/\/politicosaldesnudo.com.mx\/index.php\/wp-json\/wp\/v2\/media?parent=39922"}],"wp:term":[{"taxonomy":"category","embeddable":true,"href":"https:\/\/politicosaldesnudo.com.mx\/index.php\/wp-json\/wp\/v2\/categories?post=39922"},{"taxonomy":"post_tag","embeddable":true,"href":"https:\/\/politicosaldesnudo.com.mx\/index.php\/wp-json\/wp\/v2\/tags?post=39922"}],"curies":[{"name":"wp","href":"https:\/\/api.w.org\/{rel}","templated":true}]}}