{"id":39928,"date":"2024-06-16T01:21:58","date_gmt":"2024-06-16T06:21:58","guid":{"rendered":"https:\/\/politicosaldesnudo.com.mx\/?p=39928"},"modified":"2024-06-16T01:21:58","modified_gmt":"2024-06-16T06:21:58","slug":"putin-no-ofrece-a-ucrania-negociaciones-de-paz-sino-una-rendicion-kamala-harris","status":"publish","type":"post","link":"https:\/\/politicosaldesnudo.com.mx\/index.php\/2024\/06\/16\/putin-no-ofrece-a-ucrania-negociaciones-de-paz-sino-una-rendicion-kamala-harris\/","title":{"rendered":"\u00abPutin no ofrece a Ucrania negociaciones de paz, sino una rendici\u00f3n\u00bb: Kamala Harris"},"content":{"rendered":"<div>\n<div id=\"content-body-225-12090297\">\n<p><span style=\"font-size: 14pt;\">La vicepresidenta de Estados Unidos,\u00a0Kamala Harris, asegur\u00f3 este s\u00e1bado que la propuesta del presidente ruso, Vlad\u00edmir Putin, para\u00a0un alto el fuego en Ucrania no es una negociaci\u00f3n, sino que supondr\u00eda la \u00abrendici\u00f3n\u00bb de Kiev a lo que considera \u00abdesvergonzadas\u00bb violaciones por parte de Rusia de la Carta de Naciones Unidas.<\/span><\/p>\n<p><span style=\"font-size: 14pt;\">\u00abAyer, Putin present\u00f3 una propuesta, pero tenemos que decir la verdad:\u00a0no est\u00e1 convocando negociaciones (de paz), est\u00e1 pidiendo la rendici\u00f3n. Estados Unidos est\u00e1 del lado de Ucrania, no por caridad, sino porque es nuestro inter\u00e9s estrat\u00e9gico\u00bb, asever\u00f3 Harris al comienzo de la primera sesi\u00f3n plenaria de la cumbre de paz sobre Ucrania, que se celebra en Suiza.<\/span><\/p>\n<\/div>\n<\/div>\n<div>\n<div id=\"dfp-nota-1x3s\" data-google-query-id=\"CK_xx5u934YDFVOFpgQdmmkJYQ\">\n<div id=\"google_ads_iframe_\/2000002\/la-prensa\/mexico_nota_1x3_0__container__\"><span style=\"font-size: 14pt;\">Putin asegur\u00f3 el viernes que ordenar\u00e1 un inmediato\u00a0alto el fuego en Ucrania tan pronto como Kiev retire sus tropas de las cuatro regiones anexionadas por Mosc\u00fa en el este y sur del pa\u00eds y renuncie a sus planes de ingresar en la OTAN.<\/span><\/div>\n<\/div>\n<\/div>\n<article>\n<div id=\"content-body-5851641-12090297\">\n<p><span style=\"font-size: 14pt;\">Harris dijo que Estados Unido defiende el derecho a la soberan\u00eda y las fronteras de Ucrania\u00a0y al respeto a las normas internacionales establecidas en la Carta de Naciones Unidas, que Rusia, a\u00f1adi\u00f3, \u00abha violado de manera desvergonzada, durante dos a\u00f1os y medio\u00bb de invasi\u00f3n en Ucrania.<\/span><\/p>\n<p><span style=\"font-size: 14pt;\">\u00abSi el mundo no responde cuando un agresor invade a su vecino, otros agresores se sentir\u00e1n, sin duda, envalentonados. Lleva a la posibilidad de una guerra de conquista y caos que amenaza a todas las naciones, no al orden y la estabilidad\u00bb, afirm\u00f3 la vicepresidenta, la representante de m\u00e1s alto rango enviada por Estados Unidos a esta cumbre de 101 pa\u00edses y organizaciones internacionales.<\/span><\/p>\n<p><span style=\"font-size: 14pt;\">El Gobierno de Suiza, anfitri\u00f3n de la Cumbre de Paz de Ucrania, espera que ese encuentro de l\u00edderes mundiales \u201csirva para construir confianza y los primeros pasos hacia un camino a la paz\u201d, aunque reconoci\u00f3 que no ser\u00e1 una tarea sencilla.<\/span><\/p>\n<p><span style=\"font-size: 14pt;\">Harris record\u00f3 que esta reuni\u00f3n debe servir para encontrar\u00a0puntos en com\u00fan que rechacen la invasi\u00f3n rusa, iniciada en febrero de 2022, y garanticen la seguridad energ\u00e9tica y alimentaria en el mundo, ya que Ucrania es un actor importante en ambos asuntos.<\/span><\/p>\n<p><span style=\"font-size: 14pt;\">\u00abEl presidente Joe Biden y yo continuaremos apoyando a Ucrania, seguiremos imponiendo costes sobre Rusia y trabajaremos hacia una paz justa y duradera basada en los principios de la Carta de Naciones Unidas. Estamos de acuerdo que un beneficio pr\u00e1ctico de esta cumbre de paz debe ser el aumento de la seguridad energ\u00e9tica y alimentaria global y que no podemos permitir que nada sobre el fin de esta guerra se decida sin Ucrania\u00bb, resumi\u00f3 Harris.<\/span><\/p>\n<\/div>\n<\/article>\n","protected":false},"excerpt":{"rendered":"<p>La vicepresidenta de Estados Unidos,\u00a0Kamala Harris, asegur\u00f3 este s\u00e1bado que la propuesta del presidente ruso, Vlad\u00edmir Putin, para\u00a0un alto el<\/p>\n","protected":false},"author":4,"featured_media":39929,"comment_status":"closed","ping_status":"closed","sticky":false,"template":"","format":"standard","meta":{"colormag_page_container_layout":"default_layout","colormag_page_sidebar_layout":"default_layout","_jetpack_memberships_contains_paid_content":false,"footnotes":"","jetpack_publicize_message":"","jetpack_publicize_feature_enabled":true,"jetpack_social_post_already_shared":false,"jetpack_social_options":{"image_generator_settings":{"template":"highway","default_image_id":0,"font":"","enabled":false},"version":2}},"categories":[28],"tags":[],"class_list":["post-39928","post","type-post","status-publish","format-standard","has-post-thumbnail","hentry","category-internacional"],"jetpack_publicize_connections":[],"jetpack_featured_media_url":"https:\/\/i0.wp.com\/politicosaldesnudo.com.mx\/wp-content\/uploads\/2024\/06\/images-24.jpg?fit=300%2C168&ssl=1","jetpack-related-posts":[],"jetpack_sharing_enabled":true,"_links":{"self":[{"href":"https:\/\/politicosaldesnudo.com.mx\/index.php\/wp-json\/wp\/v2\/posts\/39928","targetHints":{"allow":["GET"]}}],"collection":[{"href":"https:\/\/politicosaldesnudo.com.mx\/index.php\/wp-json\/wp\/v2\/posts"}],"about":[{"href":"https:\/\/politicosaldesnudo.com.mx\/index.php\/wp-json\/wp\/v2\/types\/post"}],"author":[{"embeddable":true,"href":"https:\/\/politicosaldesnudo.com.mx\/index.php\/wp-json\/wp\/v2\/users\/4"}],"replies":[{"embeddable":true,"href":"https:\/\/politicosaldesnudo.com.mx\/index.php\/wp-json\/wp\/v2\/comments?post=39928"}],"version-history":[{"count":0,"href":"https:\/\/politicosaldesnudo.com.mx\/index.php\/wp-json\/wp\/v2\/posts\/39928\/revisions"}],"wp:featuredmedia":[{"embeddable":true,"href":"https:\/\/politicosaldesnudo.com.mx\/index.php\/wp-json\/wp\/v2\/media\/39929"}],"wp:attachment":[{"href":"https:\/\/politicosaldesnudo.com.mx\/index.php\/wp-json\/wp\/v2\/media?parent=39928"}],"wp:term":[{"taxonomy":"category","embeddable":true,"href":"https:\/\/politicosaldesnudo.com.mx\/index.php\/wp-json\/wp\/v2\/categories?post=39928"},{"taxonomy":"post_tag","embeddable":true,"href":"https:\/\/politicosaldesnudo.com.mx\/index.php\/wp-json\/wp\/v2\/tags?post=39928"}],"curies":[{"name":"wp","href":"https:\/\/api.w.org\/{rel}","templated":true}]}}