{"id":39964,"date":"2024-06-16T01:59:54","date_gmt":"2024-06-16T06:59:54","guid":{"rendered":"https:\/\/politicosaldesnudo.com.mx\/?p=39964"},"modified":"2024-06-16T01:59:54","modified_gmt":"2024-06-16T06:59:54","slug":"tila-un-municipio-de-chiapas-asediado-por-el-crimen-en-donde-no-hubo-alternancia","status":"publish","type":"post","link":"https:\/\/politicosaldesnudo.com.mx\/index.php\/2024\/06\/16\/tila-un-municipio-de-chiapas-asediado-por-el-crimen-en-donde-no-hubo-alternancia\/","title":{"rendered":"Tila, un municipio de Chiapas asediado por el crimen en donde no hubo alternancia"},"content":{"rendered":"<div>\n<div id=\"content-body-225-12091142\">\n<p><span style=\"font-size: 14pt;\">Tila,\u00a0el municipio chiapaneco donde decenas de familias han sido forzadas a abandonar sus hogares a causa de la inseguridad\u00a0y el reclutamiento de menores por parte del\u00a0crimen organizado, tuvo un comportamiento singular en las elecciones del domingo antepasado: predomin\u00f3 el voto cruzado pero para los mismos partidos gobernantes.<\/span><\/p>\n<p><span style=\"font-size: 14pt;\">La mayor parte de la poblaci\u00f3n vot\u00f3 por Morena a la presidencia de la Rep\u00fablica y el gobierno del Estado, pero a nivel local, optaron por mantener al Partido Verde en el Ayuntamiento Municipal.<\/span><\/p>\n<\/div>\n<\/div>\n<div>\n<div id=\"dfp-nota-1x3s\" data-google-query-id=\"CNm2vNrF34YDFc6IpgQdeZUE3Q\">\n<div id=\"google_ads_iframe_\/2000002\/la-prensa\/mexico_nota_1x3_0__container__\">\n<div id=\"inArticle_1\">\n<div>\n<div>\n<div>\n<div><span style=\"font-size: 14pt;\">A nivel federal, el municipio forma parte del distrito electoral 01, con cabecera en Palenque, Chiapas. Desde dicho distrito, Claudia Sheinbaum Pardo, abanderada de Morena, PT y PVEM, arras\u00f3 con 83.6 por ciento de las preferencias electorales.<\/span><\/div>\n<\/div>\n<\/div>\n<\/div>\n<\/div>\n<\/div>\n<\/div>\n<\/div>\n<article>\n<div id=\"content-body-5851641-12091142\">\n<p><span style=\"font-size: 14pt;\">En el mismo distrito ganaron los senadores del Partido Verde -que no compiti\u00f3 en coalici\u00f3n con Morena- con 40.1 por ciento de los votos. Adem\u00e1s, para las diputaciones federales -en las que s\u00ed hubo alianza entre Morena, PT y PVEM- gan\u00f3 Carlos Morelos Rodr\u00edguez, integrante de dicha coalici\u00f3n.<\/span><\/p>\n<p><span style=\"font-size: 14pt;\">Por su parte, a nivel local,\u00a0Tila es parte del distrito electoral 04, con cabecera en Yajal\u00f3n, Chiapas.\u00a0Desde esta regi\u00f3n, los votos ciudadanos favorecieron a Eduardo Ram\u00edrez, quien abander\u00f3 una super coalici\u00f3n electoral de Morena, PT, PVEM y otros seis partidos pol\u00edticos locales, con 89.2 por ciento de las preferencias.<\/span><\/p>\n<p><span style=\"font-size: 14pt;\">Particularmente en el municipio, nueve personas compitieron por dirigir el\u00a0Ayuntamiento de Tila\u00a0en el pr\u00f3ximo trienio. Seg\u00fan los c\u00f3mputos del IEPC Chiapas, el Verde Ecologista arras\u00f3 en una votaci\u00f3n con 72.3 por ciento de participaci\u00f3n ciudadana.<\/span><\/p>\n<p><span style=\"font-size: 14pt;\">El ingeniero\u00a0Neiser Hern\u00e1ndez L\u00f3pez result\u00f3 victorioso en las urnas el domingo antepasado. Actualmente ocupa la Direcci\u00f3n de Obras P\u00fablicas en el municipio.<\/span><\/p>\n<p><span style=\"font-size: 14pt;\">Ser\u00e1 el pr\u00f3ximo 1 de octubre cuando tome posesi\u00f3n de la Presidencia Municipal, en reemplazo de Limber Gregorio Guti\u00e9rrez G\u00f3mez, quien gobern\u00f3 el municipio en los \u00faltimos dos trienios, aunque numerosos medios de comunicaci\u00f3n locales lo se\u00f1alan de haber ejercicio el poder -directa e indirectamente- en al menos otras cuatro ocasiones.<\/span><\/p>\n<p><span style=\"font-size: 14pt;\">Con dichos resultados no existe una alternancia: a nivel municipal seguir\u00e1 gobernando el Partido Verde; a nivel estatal seguir\u00e1 gobernando Morena, lo mismo que a nivel federal. Sin embargo, la falta de alianzas locales entre Morena y el Verde, desataron el voto cruzado de la poblaci\u00f3n.<\/span><\/p>\n<p><span style=\"font-size: 14pt;\">Resultados electorales pasados del IEPC Chiapas, evidencian que hace tres a\u00f1os, cuando el Verde Ecologista tambi\u00e9n gan\u00f3 en Tila, lo hizo con un porcentaje muy similar al del 2 de junio, un 61 por ciento. El mismo funcionario tambi\u00e9n gan\u00f3 en 2018 y el municipio ha estado bajo el gobierno del PVEM al menos en la d\u00e9cada anterior.<\/span><\/p>\n<p><span style=\"font-size: 14pt;\">De acuerdo con datos del \u00faltimo censo de poblaci\u00f3n del Inegi (2020), Tila es una localidad con 83 mil 505 habitantes en donde predomina poblaci\u00f3n hablante de lenguas ind\u00edgenas, principalmente del Ch\u2019ol y Tseltal. Adem\u00e1s, seg\u00fan informaci\u00f3n de la Secretar\u00eda de Econom\u00eda y el Inegi, en Tila s\u00f3lo dos por ciento de las viviendas tienen acceso a internet y una de cada cuatro personas cuenta con telefon\u00eda celular.<\/span><\/p>\n<p><span style=\"font-size: 14pt;\">Asimismo, datos de la Encuesta Nacional de Victimizaci\u00f3n y Percepci\u00f3n sobre Seguridad P\u00fablica (ENVIPE) 2023, refieren que 3 de cada 10 hombres y 2 de cada 10 mujeres se sent\u00edan seguros en Tila, adem\u00e1s de que s\u00f3lo 11 por ciento de las personas se\u00f1alaron tener confianza en las autoridades.<\/span><\/p>\n<p><span style=\"font-size: 14pt;\">A ra\u00edz de los desplazamientos forzados en Tila durante las \u00faltimas semanas, no hay una respuesta de las autoridades locales. Desde el 4 d\u00eda los reflectores medi\u00e1ticos se detuvieron en Tila, luego de que pobladores tuvieron que trasladarse a municipios vecinos como Yajal\u00f3n, para huir de la violencia que se gener\u00f3 entre balaceras, incendios de viviendas y reclutamiento de j\u00f3venes.<\/span><\/p>\n<p><span style=\"font-size: 14pt;\">D\u00edas antes de la jornada electoral, durante una gira del presidente L\u00f3pez Obrador en el sureste mexicano, pobladores de Tila denunciaron el abuso de poder del alcalde y pronosticaron la tormenta que ahora llueve sobre el municipio. Sin embargo, desde el espectro pol\u00edtico y con los resultados electorales, la situaci\u00f3n ser\u00e1 la misma.<\/span><\/p>\n<\/div>\n<\/article>\n","protected":false},"excerpt":{"rendered":"<p>Tila,\u00a0el municipio chiapaneco donde decenas de familias han sido forzadas a abandonar sus hogares a causa de la inseguridad\u00a0y el<\/p>\n","protected":false},"author":4,"featured_media":39965,"comment_status":"closed","ping_status":"closed","sticky":false,"template":"","format":"standard","meta":{"colormag_page_container_layout":"default_layout","colormag_page_sidebar_layout":"default_layout","_jetpack_memberships_contains_paid_content":false,"footnotes":"","jetpack_publicize_message":"","jetpack_publicize_feature_enabled":true,"jetpack_social_post_already_shared":false,"jetpack_social_options":{"image_generator_settings":{"template":"highway","default_image_id":0,"font":"","enabled":false},"version":2}},"categories":[33],"tags":[],"class_list":["post-39964","post","type-post","status-publish","format-standard","has-post-thumbnail","hentry","category-nacional"],"jetpack_publicize_connections":[],"jetpack_featured_media_url":"https:\/\/i0.wp.com\/politicosaldesnudo.com.mx\/wp-content\/uploads\/2024\/06\/Tila.jpg?fit=1140%2C712&ssl=1","jetpack-related-posts":[],"jetpack_sharing_enabled":true,"_links":{"self":[{"href":"https:\/\/politicosaldesnudo.com.mx\/index.php\/wp-json\/wp\/v2\/posts\/39964","targetHints":{"allow":["GET"]}}],"collection":[{"href":"https:\/\/politicosaldesnudo.com.mx\/index.php\/wp-json\/wp\/v2\/posts"}],"about":[{"href":"https:\/\/politicosaldesnudo.com.mx\/index.php\/wp-json\/wp\/v2\/types\/post"}],"author":[{"embeddable":true,"href":"https:\/\/politicosaldesnudo.com.mx\/index.php\/wp-json\/wp\/v2\/users\/4"}],"replies":[{"embeddable":true,"href":"https:\/\/politicosaldesnudo.com.mx\/index.php\/wp-json\/wp\/v2\/comments?post=39964"}],"version-history":[{"count":0,"href":"https:\/\/politicosaldesnudo.com.mx\/index.php\/wp-json\/wp\/v2\/posts\/39964\/revisions"}],"wp:featuredmedia":[{"embeddable":true,"href":"https:\/\/politicosaldesnudo.com.mx\/index.php\/wp-json\/wp\/v2\/media\/39965"}],"wp:attachment":[{"href":"https:\/\/politicosaldesnudo.com.mx\/index.php\/wp-json\/wp\/v2\/media?parent=39964"}],"wp:term":[{"taxonomy":"category","embeddable":true,"href":"https:\/\/politicosaldesnudo.com.mx\/index.php\/wp-json\/wp\/v2\/categories?post=39964"},{"taxonomy":"post_tag","embeddable":true,"href":"https:\/\/politicosaldesnudo.com.mx\/index.php\/wp-json\/wp\/v2\/tags?post=39964"}],"curies":[{"name":"wp","href":"https:\/\/api.w.org\/{rel}","templated":true}]}}