{"id":39993,"date":"2024-06-17T08:10:23","date_gmt":"2024-06-17T13:10:23","guid":{"rendered":"https:\/\/politicosaldesnudo.com.mx\/?p=39993"},"modified":"2024-06-17T08:10:23","modified_gmt":"2024-06-17T13:10:23","slug":"mexico-rechaza-firmar-declaracion-conjunta-en-la-cumbre-de-la-paz","status":"publish","type":"post","link":"https:\/\/politicosaldesnudo.com.mx\/index.php\/2024\/06\/17\/mexico-rechaza-firmar-declaracion-conjunta-en-la-cumbre-de-la-paz\/","title":{"rendered":"M\u00e9xico rechaza firmar declaraci\u00f3n conjunta en la Cumbre de la Paz"},"content":{"rendered":"<div>\n<div id=\"content-body-225-12093431\">\n<p><span style=\"font-size: 14pt;\">La\u00a0Cumbre de Paz\u00a0de\u00a0Ucrania, que reuni\u00f3 a cerca de\u00a060 l\u00edderes mundiales\u00a0y\u00a0representantes de unos 90 gobiernos, finaliz\u00f3 este domingo con una\u00a0declaraci\u00f3n conjunta\u00a0que reclama\u00a0seguridad\u00a0nuclear\u00a0y de tr\u00e1nsito mar\u00edtimo, aunque\u00a012 pa\u00edses\u00a0destacados del mundo en desarrollo y socios de\u00a0Rusia\u00a0en ciertos foros\u00a0declinaron firmar el documento.<\/span><\/p>\n<p><span style=\"font-size: 14pt;\">Adem\u00e1s de\u00a0M\u00e9xico, las naciones que no firmaron la declaraci\u00f3n se encuentran\u00a0Brasil,\u00a0India\u00a0y\u00a0Sud\u00e1frica\u00a0(que forman parte junto a Rusia y China del grupo de\u00a0econom\u00edas emergentes, conocidos como los\u00a0BRICS).<\/span><\/p>\n<\/div>\n<\/div>\n<div>\n<div id=\"dfp-nota-1x3s\" data-google-query-id=\"CNPHqpra4oYDFQ_94wcdm_APow\">\n<div id=\"google_ads_iframe_\/2000002\/la-prensa\/mexico_nota_1x3_0__container__\"><span style=\"font-size: 14pt;\">Tampoco se unieron a la declaraci\u00f3n final Armenia,\u00a0Bar\u00e9in,\u00a0Indonesia,\u00a0Libia,\u00a0Arabia\u00a0Saud\u00ed,\u00a0Tailandia\u00a0y\u00a0Emiratos\u00a0\u00c1rabes\u00a0Unidos, mientras que\u00a080 pa\u00edses s\u00ed suscribieron el documento, incluidos los de la\u00a0Uni\u00f3n Europea,\u00a0Estados Unidos,\u00a0Jap\u00f3n,\u00a0Argentina,\u00a0Chile\u00a0y\u00a0Ecuador.<\/span><\/div>\n<\/div>\n<\/div>\n<article>\n<div id=\"content-body-5851641-12093431\">\n<p><span style=\"font-size: 14pt;\">Previo a la firma de la declaraci\u00f3n, la secretaria de Relaciones Exteriores de M\u00e9xico,\u00a0Alicia B\u00e1rcena, pidi\u00f3 que los\u00a0esfuerzos\u00a0diplom\u00e1ticos\u00a0para lograr la\u00a0paz en Ucrania\u00a0involucren a Rusia\u00a0y se lleven a cabo \u00abbajo el paraguas de Naciones Unidas\u00bb, en su intervenci\u00f3n en la Cumbre para la Paz de B\u00fcrgenstock (Suiza).<\/span><\/p>\n<p><span style=\"font-size: 14pt;\">\u00abDebe haber unas negociaciones graduales para construir confianza\u00bb, se\u00f1al\u00f3 la jefa de la diplomacia mexicana, quien tambi\u00e9n subray\u00f3 que \u00abno se puede hablar de paz sin mencionar otras tragedias humanitarias actuales como la que est\u00e1 ocurriendo en Gaza\u00bb.<\/span><\/p>\n<p><span style=\"font-size: 14pt;\">\u00abEn cada uno de estos casos debe respetarse la ley internacional y la Carta de las Naciones Unidas, o de lo contrario podemos acabar en la misma situaci\u00f3n en la que el mundo estaba en 1939\u00bb, advirti\u00f3 B\u00e1rcena.<\/span><\/p>\n<p><span style=\"font-size: 14pt;\">En el comienzo de su intervenci\u00f3n en el plenario de l\u00edderes, afirm\u00f3 que la\u00a0guerra de Ucrania\u00a0\u00abconstituye una\u00a0amenaza\u00a0existencial\u00a0mundial, no s\u00f3lo para Europa\u00bb, ya que tambi\u00e9n \u00abel sur global est\u00e1 sufriendo sus consecuencias en\u00a0seguridad\u00a0alimentaria\u00a0y\u00a0energ\u00e9tica\u00bb.<\/span><\/p>\n<p><span style=\"font-size: 14pt;\">Para poner fin al conflicto \u00abse han presentado ya varias\u00a0iniciativas de paz\u00a0pero ninguna ha logrado el apoyo internacional necesario, y por el contrario vemos una\u00a0escalada del despliegue de armas y equipamiento militar, con un alto coste para los civiles\u00bb, dijo.<\/span><\/p>\n<p><span style=\"font-size: 14pt;\">M\u00e9xico, agreg\u00f3, \u00abest\u00e1 profundamente preocupado por las\u00a0amenazas\u00a0nucleares\u00a0que se han lanzado en este conflicto, y las condenamos en todas las circunstancias\u00bb.<\/span><\/p>\n<p><span style=\"font-size: 14pt;\">Subray\u00f3 que los miembros permanentes del\u00a0Consejo de Seguridad de la ONU\u00a0(EU,\u00a0Rusia,\u00a0Francia,\u00a0Reino\u00a0Unido\u00a0y\u00a0China) \u00abtienen la\u00a0responsabilidad hist\u00f3rica\u00a0de mantener la\u00a0Carta de Naciones Unidas\u00a0y\u00a0evitar acciones irresponsables\u00a0que pongan en peligro la paz\u00bb.<\/span><\/p>\n<p><span style=\"font-size: 14pt;\">Al final del segundo plenario de l\u00edderes, celebrado hoy, el presidente ucraniano,\u00a0Volod\u00edmir Zelenski, agradeci\u00f3 la participaci\u00f3n de las delegaciones y que hayan comprendido que \u00abtodos estamos interesados en que no hay peligro procedente de las plantas nucleares y otras\u00a0instalaciones\u00a0at\u00f3micas\u00bb.<\/span><\/p>\n<p><span style=\"font-size: 14pt;\">\u00abEstoy agradecido de que los participantes en esta conferencia hayan comprendido esto y la necesidad de restaurar una seguridad total en la planta de\u00a0Zaporiyia, capturada por\u00a0Rusia\u00bb, agreg\u00f3.<\/span><\/p>\n<p><span style=\"font-size: 14pt;\">\u00abTambi\u00e9n les agradezco a cada uno por apoyarnos en nuestros esfuerzos de garantizar una navegaci\u00f3n segura y preservar el flujo libre de alimentos\u00bb, destac\u00f3 el mandatario ucraniano.<\/span><\/p>\n<p><span style=\"font-size: 14pt;\">\u00abQuiero enfatizar que la seguridad alimentaria es vital, no solo para los pa\u00edses del Sur Global, sino literalmente para todos los pa\u00edses del mundo. Cualquier disrupci\u00f3n en los mercados de alimentos es un camino directo al caos que Rusia quiere\u00bb, asegur\u00f3 Zelenski.<\/span><\/p>\n<\/div>\n<\/article>\n","protected":false},"excerpt":{"rendered":"<p>La\u00a0Cumbre de Paz\u00a0de\u00a0Ucrania, que reuni\u00f3 a cerca de\u00a060 l\u00edderes mundiales\u00a0y\u00a0representantes de unos 90 gobiernos, finaliz\u00f3 este domingo con una\u00a0declaraci\u00f3n conjunta\u00a0que<\/p>\n","protected":false},"author":4,"featured_media":39994,"comment_status":"closed","ping_status":"closed","sticky":false,"template":"","format":"standard","meta":{"colormag_page_container_layout":"default_layout","colormag_page_sidebar_layout":"default_layout","_jetpack_memberships_contains_paid_content":false,"footnotes":"","jetpack_publicize_message":"","jetpack_publicize_feature_enabled":true,"jetpack_social_post_already_shared":false,"jetpack_social_options":{"image_generator_settings":{"template":"highway","default_image_id":0,"font":"","enabled":false},"version":2}},"categories":[28],"tags":[],"class_list":["post-39993","post","type-post","status-publish","format-standard","has-post-thumbnail","hentry","category-internacional"],"jetpack_publicize_connections":[],"jetpack_featured_media_url":"https:\/\/i0.wp.com\/politicosaldesnudo.com.mx\/wp-content\/uploads\/2024\/06\/barcena_x1x.jpg_1902800913.jpg?fit=1200%2C900&ssl=1","jetpack-related-posts":[],"jetpack_sharing_enabled":true,"_links":{"self":[{"href":"https:\/\/politicosaldesnudo.com.mx\/index.php\/wp-json\/wp\/v2\/posts\/39993","targetHints":{"allow":["GET"]}}],"collection":[{"href":"https:\/\/politicosaldesnudo.com.mx\/index.php\/wp-json\/wp\/v2\/posts"}],"about":[{"href":"https:\/\/politicosaldesnudo.com.mx\/index.php\/wp-json\/wp\/v2\/types\/post"}],"author":[{"embeddable":true,"href":"https:\/\/politicosaldesnudo.com.mx\/index.php\/wp-json\/wp\/v2\/users\/4"}],"replies":[{"embeddable":true,"href":"https:\/\/politicosaldesnudo.com.mx\/index.php\/wp-json\/wp\/v2\/comments?post=39993"}],"version-history":[{"count":0,"href":"https:\/\/politicosaldesnudo.com.mx\/index.php\/wp-json\/wp\/v2\/posts\/39993\/revisions"}],"wp:featuredmedia":[{"embeddable":true,"href":"https:\/\/politicosaldesnudo.com.mx\/index.php\/wp-json\/wp\/v2\/media\/39994"}],"wp:attachment":[{"href":"https:\/\/politicosaldesnudo.com.mx\/index.php\/wp-json\/wp\/v2\/media?parent=39993"}],"wp:term":[{"taxonomy":"category","embeddable":true,"href":"https:\/\/politicosaldesnudo.com.mx\/index.php\/wp-json\/wp\/v2\/categories?post=39993"},{"taxonomy":"post_tag","embeddable":true,"href":"https:\/\/politicosaldesnudo.com.mx\/index.php\/wp-json\/wp\/v2\/tags?post=39993"}],"curies":[{"name":"wp","href":"https:\/\/api.w.org\/{rel}","templated":true}]}}