{"id":39996,"date":"2024-06-17T08:14:38","date_gmt":"2024-06-17T13:14:38","guid":{"rendered":"https:\/\/politicosaldesnudo.com.mx\/?p=39996"},"modified":"2024-06-17T08:14:38","modified_gmt":"2024-06-17T13:14:38","slug":"francia-se-moviliza-contra-ultraderecha","status":"publish","type":"post","link":"https:\/\/politicosaldesnudo.com.mx\/index.php\/2024\/06\/17\/francia-se-moviliza-contra-ultraderecha\/","title":{"rendered":"Francia se moviliza contra ultraderecha"},"content":{"rendered":"<div class=\"content-body clearfix \">\n<div id=\"content-body-225-12093375\">\n<p><span style=\"font-size: 14pt;\">Miles de personas se manifestaron contra la perspectiva de la llegada de la extrema derecha al poder en Francia, en plena crisis pol\u00edtica por el adelanto de las elecciones legislativas.<\/span><\/p>\n<p><span style=\"font-size: 14pt;\">El presidente centrista Emmanuel Macron conmocion\u00f3 a Francia al adelantar al 30 de junio y 7 de julio las legislativas previstas en 2027, apenas una hora despu\u00e9s de la victoria del ultraderechista Agrupaci\u00f3n Nacional (RN) en los comicios europeos del domingo.<\/span><\/p>\n<\/div>\n<\/div>\n<article class=\"content-continued-body clearfix \">\n<div id=\"content-body-5851641-12093375\">\n<p><span style=\"font-size: 14pt;\">Los analistas pol\u00edticos consideraron esta decisi\u00f3n como una \u201capuesta arriesgada\u201d en un contexto de auge de la extrema derecha en Europa, donde Francia es uno de los principales apoyos de Ucrania en la ofensiva contra Rusia.<\/span><\/p>\n<p><span style=\"font-size: 14pt;\">Ante una nueva posible victoria del partido ultraderechista, que en las elecciones europeas se impuso en el 93 por ciento de los municipios franceses, cinco sindicatos llamaron a manifestarse este fin de semana.<\/span><\/p>\n<p><span style=\"font-size: 14pt;\">\u201cNuestra democracia se acerca a un punto de inflexion\u201d, advirti\u00f3 la l\u00edder del sindicato moderado CFDT, Marylise L\u00e9on.<\/span><\/p>\n<p><span style=\"font-size: 14pt;\">El \u201ctemor\u201d al RN adopt\u00f3 diferentes formas en la marcha en Par\u00eds: defensa de la democracia, de los derechos de los extranjeros, del colectivo LGTBI+. Las manifestaciones recuerdan a las del 1 de mayo de 2002, cuando casi un mill\u00f3n de personas salieron a la calle contra el ultraderechista Jean-Marie Le Pen, despu\u00e9s de que lograra pasar al balotaje presidencial.<\/span><\/p>\n<p><span style=\"font-size: 14pt;\">Pero desde entonces, su hija Marine Le Pen ha logrado moderar la imagen de aquel Frente Nacional, rebautizado RN.<\/span><\/p>\n<p><span style=\"font-size: 14pt;\">Ayer, 250 mil personas se manifestaron en Francia, de las cuales 75 mil en Par\u00eds, seg\u00fan una fuente policial. El sindicato CGT elev\u00f3 estas estimaciones a 640 mil y 250 mil, respectivamente.<\/span><\/p>\n<p><span style=\"font-size: 14pt;\">\u201cPURGAS\u201d EN LA IZQUIERDA<\/span><\/p>\n<p><span style=\"font-size: 14pt;\">RN obtendr\u00eda un 29.5 por ciento de intenci\u00f3n de voto, seg\u00fan un sondeo de Cluster17, que sit\u00faa como su principal rival a la coalici\u00f3n de izquierdas Nuevo Frente Popular (28.5%). La alianza centrista de Macron llega en tercera posici\u00f3n (18%).<\/span><\/p>\n<p><span style=\"font-size: 14pt;\">El sismo pol\u00edtico por el adelanto electoral, que ya dividi\u00f3 al partido conservador Los Republicanos por la propuesta de pactar con la ultraderecha, tambi\u00e9n golpe\u00f3 a la coalici\u00f3n de izquierdas.<\/span><\/p>\n<p><span style=\"font-size: 14pt;\">La Francia Insumisa (LFI, izquierda radical) indign\u00f3 a sus socios socialistas, ecologistas y comunistas, al apartar de los comicios a cinco diputados salientes cr\u00edticos con su l\u00edder Jean-Luc M\u00e9lenchon y reconducir a un allegado, Adrien Quatennens, condenado por violencia conyugal.<\/span><\/p>\n<p><span style=\"font-size: 14pt;\">Los tres concurrir\u00e1n de todas formas a los comicios. \u201cHay que apoyar a los &#8216;purgados&#8217;\u201d, dijo Fran\u00e7ois Ruffin, que suena como la alternativa a M\u00e9lenchon en la presidencial de 2027.<\/span><\/p>\n<p><span style=\"font-size: 14pt;\">La inesperada candidatura del expresidente socialista Fran\u00e7ois Hollande en las legislativas podr\u00eda tensar m\u00e1s la coalici\u00f3n.<\/span><\/p>\n<p><span style=\"font-size: 14pt;\">Por su parte, el Gobierno franc\u00e9s, amenazado ante la posibilidad de sufrir una derrota hist\u00f3rica en las elecciones legislativas y de ser sustituido por la extrema derecha, present\u00f3 un paquete de medidas en favor del poder adquisitivo para intentar cambiar la tendencia que preludian las encuestas.<\/span><\/p>\n<p><span style=\"font-size: 14pt;\">El gobierno afirm\u00f3 que las facturas de la electricidad bajar\u00e1n 15 por ciento \u201cdesde el pr\u00f3ximo invierno\u201d gracias a la \u201creforma del mercado europeo\u201d.<\/span><\/p>\n<\/div>\n<\/article>\n","protected":false},"excerpt":{"rendered":"<p>Miles de personas se manifestaron contra la perspectiva de la llegada de la extrema derecha al poder en Francia, en<\/p>\n","protected":false},"author":4,"featured_media":39997,"comment_status":"closed","ping_status":"closed","sticky":false,"template":"","format":"standard","meta":{"colormag_page_container_layout":"default_layout","colormag_page_sidebar_layout":"default_layout","_jetpack_memberships_contains_paid_content":false,"footnotes":"","jetpack_publicize_message":"","jetpack_publicize_feature_enabled":true,"jetpack_social_post_already_shared":false,"jetpack_social_options":{"image_generator_settings":{"template":"highway","default_image_id":0,"font":"","enabled":false},"version":2}},"categories":[28],"tags":[],"class_list":["post-39996","post","type-post","status-publish","format-standard","has-post-thumbnail","hentry","category-internacional"],"jetpack_publicize_connections":[],"jetpack_featured_media_url":"https:\/\/i0.wp.com\/politicosaldesnudo.com.mx\/wp-content\/uploads\/2024\/06\/francia.jpg?fit=1140%2C712&ssl=1","jetpack-related-posts":[],"jetpack_sharing_enabled":true,"_links":{"self":[{"href":"https:\/\/politicosaldesnudo.com.mx\/index.php\/wp-json\/wp\/v2\/posts\/39996","targetHints":{"allow":["GET"]}}],"collection":[{"href":"https:\/\/politicosaldesnudo.com.mx\/index.php\/wp-json\/wp\/v2\/posts"}],"about":[{"href":"https:\/\/politicosaldesnudo.com.mx\/index.php\/wp-json\/wp\/v2\/types\/post"}],"author":[{"embeddable":true,"href":"https:\/\/politicosaldesnudo.com.mx\/index.php\/wp-json\/wp\/v2\/users\/4"}],"replies":[{"embeddable":true,"href":"https:\/\/politicosaldesnudo.com.mx\/index.php\/wp-json\/wp\/v2\/comments?post=39996"}],"version-history":[{"count":0,"href":"https:\/\/politicosaldesnudo.com.mx\/index.php\/wp-json\/wp\/v2\/posts\/39996\/revisions"}],"wp:featuredmedia":[{"embeddable":true,"href":"https:\/\/politicosaldesnudo.com.mx\/index.php\/wp-json\/wp\/v2\/media\/39997"}],"wp:attachment":[{"href":"https:\/\/politicosaldesnudo.com.mx\/index.php\/wp-json\/wp\/v2\/media?parent=39996"}],"wp:term":[{"taxonomy":"category","embeddable":true,"href":"https:\/\/politicosaldesnudo.com.mx\/index.php\/wp-json\/wp\/v2\/categories?post=39996"},{"taxonomy":"post_tag","embeddable":true,"href":"https:\/\/politicosaldesnudo.com.mx\/index.php\/wp-json\/wp\/v2\/tags?post=39996"}],"curies":[{"name":"wp","href":"https:\/\/api.w.org\/{rel}","templated":true}]}}