{"id":40013,"date":"2024-06-17T08:47:38","date_gmt":"2024-06-17T13:47:38","guid":{"rendered":"https:\/\/politicosaldesnudo.com.mx\/?p=40013"},"modified":"2024-06-17T08:47:38","modified_gmt":"2024-06-17T13:47:38","slug":"niegan-amparo-a-aguakan-con-el-buscaba-evitar-ser-fiscalizada","status":"publish","type":"post","link":"https:\/\/politicosaldesnudo.com.mx\/index.php\/2024\/06\/17\/niegan-amparo-a-aguakan-con-el-buscaba-evitar-ser-fiscalizada\/","title":{"rendered":"Niegan amparo a Aguakan, con el buscaba evitar ser fiscalizada"},"content":{"rendered":"<p><span style=\"font-size: 14pt;\">El gobierno de Quintana Roo interpuso una impugnaci\u00f3n contra la medida provisional, argumentando que el contrato ampliado por el ex gobernador Borge en 2014 estuvo viciado de origen.<\/span><\/p>\n<p><span style=\"font-size: 14pt;\">Canc\u00fan, QRoo.- La empresa Aguakan recibi\u00f3 un nuevo rev\u00e9s en tribunales al serle negado el amparo que tramit\u00f3 para evitar que la Comisi\u00f3n de Agua Potable y Alcantarillado (CAPA) de Quintana Roo le realice revisiones fiscales por sus operaciones en Canc\u00fan, Isla Mujeres y Solidaridad.<\/span><\/p>\n<p><span style=\"font-size: 14pt;\">Lo anterior luego de que el pasado 15 de mayo CAPA solicit\u00f3 fiscalizar a Aguakan mediante el oficio CAPA\/DG\/0256\/2024, para conocer su situaci\u00f3n en tres municipios del norte del estado.<\/span><\/p>\n<p><span style=\"font-size: 14pt;\">Inmediatamente, Aguakan mostr\u00f3 su negativa a transparentar sus n\u00fameros, por lo que el 7 de junio tramit\u00f3 un juicio de amparo indirecto bajo el n\u00famero de expediente 711\/2024 del Juzgado Quinto de Distrito.<\/span><\/p>\n<p><span style=\"font-size: 14pt;\">Sin embargo, el juez le neg\u00f3 esta medida cautelar a la empresa argumentando da\u00f1o al inter\u00e9s social.<\/span><\/p>\n<p><span style=\"font-size: 14pt;\">\u201cSe niega la suspensi\u00f3n provisional solicitada a efecto que no se emita resoluci\u00f3n determinante como resultado del desahogo de la revisi\u00f3n de gabinete contenida en la orden de visita reclamada, (\u2026) se advierte del contenido de la orden reclamada, tiene como objetivo el debido cumplimiento de la obligaci\u00f3n de contribuir al gasto p\u00fablico mediante la emisi\u00f3n, en su caso, del cr\u00e9dito fiscal correspondiente; por tanto, conceder la medida cautelar ir\u00eda en contra de disposiciones de orden p\u00fablico y se perjudicar\u00eda el inter\u00e9s social\u201d, se lee en el fallo del juez federal.<\/span><\/p>\n<p><span style=\"font-size: 14pt;\">Situaci\u00f3n legal de la empresa<\/span><br \/>\n<span style=\"font-size: 14pt;\">Actualmente Aguakan se encuentra amparada tras lograr la suspensi\u00f3n definitiva del decreto 195 aprobado por el Congreso de Quintana Roo que hab\u00eda cancelado la concesi\u00f3n del servicio de agua potable y alcantarillado que opera esta empresa desde 1990.<\/span><\/p>\n<p><span style=\"font-size: 14pt;\">Es decir, con esta medida cautelar dictada por el Juzgado Octavo de Distrito, la concesionaria ha podido seguir prestando sus servicios en Benito Ju\u00e1rez (Canc\u00fan); Solidaridad (Playa del Carmen), Puerto Morelos e Isla Mujeres, hasta que el juicio se resuelva de fondo.<\/span><\/p>\n<p><span style=\"font-size: 14pt;\">El decreto 195 que fue aprobado por el Congreso de Quintana Roo, apenas en diciembre de 2023, establece que el contrato de agua potable otorgado a Aguakan en 1990 expir\u00f3 el 31 de diciembre de 2023, anulando con ello un decreto previo de 2014 , a\u00f1o en el que el entonces gobernador Roberto Borge \u2014hoy preso\u2014 concedi\u00f3 una ampliaci\u00f3n anticipada de la concesi\u00f3n hasta 2053.<\/span><\/p>\n<p><span style=\"font-size: 14pt;\">La concesionaria impugn\u00f3 ese decreto y logr\u00f3 que le fuera concedida una suspensi\u00f3n provisional, la cual fue ratificada como definitiva este lunes 22 de enero.<\/span><\/p>\n<p><span style=\"font-size: 14pt;\">El gobierno de Quintana Roo interpuso una impugnaci\u00f3n contra la medida provisional, argumentando que el contrato ampliado por el ex gobernador Borge en 2014 estuvo viciado de origen.<\/span><\/p>\n<p><span style=\"font-size: 14pt;\">Al no prosperar esta impugnaci\u00f3n, el gobierno de Quintana Roo interpuso una denuncia contra Aguakan ante la Fiscal\u00eda General de la Rep\u00fablica (FGR) por presunto fraude procesal, pues en el juicio de amparo la empresa habr\u00eda incurrido en argumentos falsos para abonar a su causa.<\/span><\/p>\n","protected":false},"excerpt":{"rendered":"<p>El gobierno de Quintana Roo interpuso una impugnaci\u00f3n contra la medida provisional, argumentando que el contrato ampliado por el ex<\/p>\n","protected":false},"author":4,"featured_media":40014,"comment_status":"closed","ping_status":"closed","sticky":false,"template":"","format":"standard","meta":{"colormag_page_container_layout":"default_layout","colormag_page_sidebar_layout":"default_layout","_jetpack_memberships_contains_paid_content":false,"footnotes":"","jetpack_publicize_message":"","jetpack_publicize_feature_enabled":true,"jetpack_social_post_already_shared":false,"jetpack_social_options":{"image_generator_settings":{"template":"highway","default_image_id":0,"font":"","enabled":false},"version":2}},"categories":[30],"tags":[],"class_list":["post-40013","post","type-post","status-publish","format-standard","has-post-thumbnail","hentry","category-estados"],"jetpack_publicize_connections":[],"jetpack_featured_media_url":"https:\/\/i0.wp.com\/politicosaldesnudo.com.mx\/wp-content\/uploads\/2024\/06\/aguakan_especial_x1x.jpg_571177758.jpg?fit=1200%2C900&ssl=1","jetpack-related-posts":[],"jetpack_sharing_enabled":true,"_links":{"self":[{"href":"https:\/\/politicosaldesnudo.com.mx\/index.php\/wp-json\/wp\/v2\/posts\/40013","targetHints":{"allow":["GET"]}}],"collection":[{"href":"https:\/\/politicosaldesnudo.com.mx\/index.php\/wp-json\/wp\/v2\/posts"}],"about":[{"href":"https:\/\/politicosaldesnudo.com.mx\/index.php\/wp-json\/wp\/v2\/types\/post"}],"author":[{"embeddable":true,"href":"https:\/\/politicosaldesnudo.com.mx\/index.php\/wp-json\/wp\/v2\/users\/4"}],"replies":[{"embeddable":true,"href":"https:\/\/politicosaldesnudo.com.mx\/index.php\/wp-json\/wp\/v2\/comments?post=40013"}],"version-history":[{"count":0,"href":"https:\/\/politicosaldesnudo.com.mx\/index.php\/wp-json\/wp\/v2\/posts\/40013\/revisions"}],"wp:featuredmedia":[{"embeddable":true,"href":"https:\/\/politicosaldesnudo.com.mx\/index.php\/wp-json\/wp\/v2\/media\/40014"}],"wp:attachment":[{"href":"https:\/\/politicosaldesnudo.com.mx\/index.php\/wp-json\/wp\/v2\/media?parent=40013"}],"wp:term":[{"taxonomy":"category","embeddable":true,"href":"https:\/\/politicosaldesnudo.com.mx\/index.php\/wp-json\/wp\/v2\/categories?post=40013"},{"taxonomy":"post_tag","embeddable":true,"href":"https:\/\/politicosaldesnudo.com.mx\/index.php\/wp-json\/wp\/v2\/tags?post=40013"}],"curies":[{"name":"wp","href":"https:\/\/api.w.org\/{rel}","templated":true}]}}