{"id":40033,"date":"2024-06-17T09:11:18","date_gmt":"2024-06-17T14:11:18","guid":{"rendered":"https:\/\/politicosaldesnudo.com.mx\/?p=40033"},"modified":"2024-06-17T09:11:18","modified_gmt":"2024-06-17T14:11:18","slug":"amlo-asegura-que-sheinbaum-dara-continuidad-al-programa-agua-saludable-en-la-laguna","status":"publish","type":"post","link":"https:\/\/politicosaldesnudo.com.mx\/index.php\/2024\/06\/17\/amlo-asegura-que-sheinbaum-dara-continuidad-al-programa-agua-saludable-en-la-laguna\/","title":{"rendered":"AMLO asegura que Sheinbaum dar\u00e1 continuidad al programa Agua Saludable en la Laguna"},"content":{"rendered":"<div>\n<div id=\"content-body-225-12094835\">\n<p><span style=\"font-size: 14pt;\">Lerdo, Durango.\u00a0Andr\u00e9s Manuel L\u00f3pez Obrador,\u00a0presidente de M\u00e9xico, asegur\u00f3 que\u00a0Claudia Sheinbaum, pr\u00f3xima presidenta de M\u00e9xico,\u00a0continuar\u00e1 avanzando con el programa \u00abAgua Saludable para la Laguna\u00bb,\u00a0el cual le dar\u00e1 l\u00edquido vital sin metales a La Comarca Lagunera, integrada por\u00a0Coahuila y Durango. \u00abEstos cien d\u00edas pienso que vamos a regresar para inaugurar ya todo el sistema, si hubiese alguna dificultad, ya est\u00e1 la garant\u00eda de Claudia de que se va a concluir todo este sistema\u00bb, enfatiz\u00f3.<\/span><\/p>\n<p><span style=\"font-size: 14pt;\">Durante su visita a Lerdo, Durango, AMLO supervis\u00f3 el proyecto\u00a0\u00abAgua Saludable para La Laguna\u00bb, acompa\u00f1ado de Claudia Sheinbaum, presidenta electa, Esteban Villegas, gobernador de Durango, y Homero Mart\u00ednez Cabrera, alcalde de la entidad.<\/span><\/p>\n<\/div>\n<\/div>\n<div>\n<div id=\"dfp-nota-1x1s\" data-google-query-id=\"COiFtO_n4oYDFcGDywEdNkkMmw\">\n<div id=\"google_ads_iframe_\/2000002\/la-prensa\/mexico_nota_1x1_0__container__\"><span style=\"font-size: 14pt;\">AMLO fue recibido bajo el grito de \u00a1Presidente! \u00a1Presidente!, con pancartas y consignas de todo tipo ante m\u00e1s de 3 mil personas que se dieron cita en la Unidad Deportiva de Ciudad Lerdo, Durango.<\/span><\/div>\n<\/div>\n<\/div>\n<article>\n<div id=\"content-body-5851641-12094835\">\n<section>\n<div>\n<div>\n<div><span style=\"font-size: 14pt;\">L\u00f3pez Obrador subray\u00f3 la nueva etapa que comenzar\u00e1 con la primera mujer presidenta de la Rep\u00fablica despu\u00e9s de 200 a\u00f1os. Adem\u00e1s, enfatiz\u00f3 en que el proceso electoral ya qued\u00f3 atr\u00e1s y que tanto con los gobernadores\u00a0Esteban Villegas y Manolo Jim\u00e9nez Salinas no\u00a0se deber\u00e1 tener ninguna\u00a0dificultad\u00a0para que este\u00a0proyecto h\u00eddrico\u00a0llegue a buen puerto.<\/span><\/div>\n<\/div>\n<\/div>\n<\/section>\n<p><span style=\"font-size: 14pt;\">Vamos a seguir avanzando en el programa Agua Saludable para La Laguna y continuar\u00e1n todos los programas. Estos cien d\u00edas pienso que vamos a regresar para inaugurar ya todo el sistema, pero si hubiese alguna dificultad, ya est\u00e1 la garant\u00eda de Claudia de concluir todo.Andr\u00e9s Manuel L\u00f3pez Obrador.<\/span><\/p>\n<div>\n<div>\n<div>\n<div id=\"standard_4\">\n<div><span style=\"font-size: 14pt;\">De acuerdo con L\u00f3pez Obrador, el programa Agua Saludable para La Laguna es importante a nivel salud, pues \u00abno es posible seguir consumiendo agua contaminada, agua con ars\u00e9nico\u00a0eso no. No merecen las nuevas generaciones seguir tomando esa agua y eso es lo que vamos a resolver para que nuestros hijos, nuestros nietos de\u00a0La Laguna beban agua saludable, suficiente y como se dijo de\u00a0calidad; todos juntos, presidentes municipales\u201d, se\u00f1al\u00f3.<\/span><\/div>\n<\/div>\n<\/div>\n<\/div>\n<\/div>\n<p><span style=\"font-size: 14pt;\">Respecto al proceso electoral que acaba de concluir dijo que eso ya qued\u00f3 atr\u00e1s ya que el proyecto que est\u00e1 en puerta es poder\u00a0garantizar el abastecimiento del vital l\u00edquido a toda la poblaci\u00f3n.<\/span><\/p>\n<div>\n<div>\n<div>\n<div id=\"standard_5\">\n<div>\n<div><span style=\"font-size: 14pt;\">Claudia siempre teniendo como prop\u00f3sito principal al pueblo con esa frase que no debe olvidarse que es b\u00edblica pero que viene de tiempo atr\u00e1s desde la \u00e9poca de lo griegos que resume lo que es el humanismo; el amor al pueblo, el amor al pr\u00f3jimo no olvidarlo nunca. Andr\u00e9s Manuel L\u00f3pez Obrador.<\/span><\/div>\n<\/div>\n<\/div>\n<\/div>\n<\/div>\n<\/div>\n<section>\n<div>\n<div>\n<div><span style=\"font-size: 14pt;\">Esteban Villegas Villarreal, gobernador del estado de Durango, brind\u00f3 un mensaje de bienvenida al jefe del Estado ejecutivo federal, a quien calific\u00f3 como un \u201cgran presidente de M\u00e9xico\u201d. As\u00ed mismo, dijo que el pueblo de La Laguna y del estado se ha caracterizado por la calidez y afecto por lo cual tambi\u00e9n deseo lo mejor para la Presidenta Electa de M\u00e9xico, Claudia Sheinbaum Pardo.<\/span><\/div>\n<\/div>\n<\/div>\n<\/section>\n<p><span style=\"font-size: 14pt;\">Presidenta, presidenta, encabez\u00f3 Esteban Villegas el grito en alusi\u00f3n a Claudia Sheinbaum Pardo, a quien dijo que \u201cen Durango tiene amigos en verdad cuente con todo el apoyo y todo el respaldo para que sea tambi\u00e9n igual que el del presidente un gran gobierno otros mejores seis a\u00f1os en nuestro pa\u00eds\u201d.<\/span><\/p>\n<div>\n<div>\n<div><span style=\"font-size: 14pt;\">\u201cPresidente las y los duranguenses estamos agradecidos con su visita, estamos agradecidos con su trato, con su visi\u00f3n y sobre todo por su gran cari\u00f1o por Durango, es por eso es justo reconocer su valioso liderazgo, su trascendencia y su legado hist\u00f3rico en nuestro pa\u00eds tambi\u00e9n para nosotros es un motivo de alegr\u00eda que la doctora,\u00a0Claudia Sheinbaum\u00a0est\u00e9 presente hoy en\u00a0Durango\u00a0y La Laguna, decirle de parte de nuestra gente usted siempre tendr\u00e1 amigos\u00a0aliados para seguir construyendo el futuro de un M\u00e9xico unido, seguro, pac\u00edfico, inclusivo, voluntario, justo y democr\u00e1tico\u201d, recalc\u00f3.<\/span><\/div>\n<div><\/div>\n<div><span style=\"font-size: 14pt;\">\u00bfPara qu\u00e9 servir\u00e1 el proyecto Agua Saludable para La Laguna?<\/span><\/div>\n<\/div>\n<\/div>\n<p><span style=\"font-size: 14pt;\">El gobernador de Durango, Esteban Villegas, recalc\u00f3 que el proyecto Agua Saludable para La Laguna es importante porque el\u00a0agua\u00a0que se saca del\u00a0subsuelo trae metales pesados, por lo que este busca que toda la Comarca Lagunera, integrada por Coahuila y Durango, tenga agua limpia.<\/span><\/p>\n<div>\n<div>\n<div><span style=\"font-size: 14pt;\">Aunque es un estado donde se produce agua, por estar cerca de la Sierra Madre Occidental, est\u00e1 viviendo una de las sequ\u00edas m\u00e1s severas y complejas.<\/span><\/div>\n<\/div>\n<\/div>\n<p><span style=\"font-size: 14pt;\">Una sequ\u00eda nos ha tra\u00eddo conflictos en el campo, pero que junto con el gobierno los hemos ido resolviendo. Tenemos el recurso suficiente para mezclarlo junto con SAGARPA y poder dar ese brinquito que necesitamos junto con la estimulaci\u00f3n de nubes que ya el Presidente autoriz\u00f3.\u00a0Esteban Villegas.<\/span><\/p>\n<div>\n<div>\n<div><span style=\"font-size: 14pt;\">Vamos a seguir trayendo el agua a todo el pa\u00eds: Claudia Sheinbaum<\/span><\/div>\n<\/div>\n<\/div>\n<p><span style=\"font-size: 14pt;\">Por su parte, Claudia Sheinbaum Pardo, presidenta electa de M\u00e9xico, dio a conocer que en esta gira tiene una trascendencia importante por acompa\u00f1ar al Presidente de M\u00e9xico, Andr\u00e9s Manuel L\u00f3pez Obrador.<\/span><\/p>\n<p><span style=\"font-size: 14pt;\">Dijo que la continuidad de la transformaci\u00f3n tambi\u00e9n significa \u201cla continuidad del proyecto Agua Saludable, no termina aqu\u00ed, no es solamente con lo que se ha hecho sino que vamos a seguir trayendo el agua a La Laguna a todo el pa\u00eds en el reconocimiento del agua como un derecho humano y lo que significa la colaboraci\u00f3n para distribuir este recurso tan preciado que hoy es tan escaso\u201d, expuso.<\/span><\/p>\n<p><span style=\"font-size: 14pt;\">\u201cSiempre dije en la campa\u00f1a que lo que representamos es el segundo piso de la cuarta transformaci\u00f3n de la vida p\u00fablica, el presidente puso los cimientos, el primer piso de lo que se ha hecho en estos casi seis a\u00f1os creo que no lo hab\u00eda hecho ning\u00fan presidente en toda la historia de M\u00e9xico, ahora nos toca seguir sirviendo al Pueblo de M\u00e9xico con nuestros principios\u201d.<\/span><\/p>\n<section>\n<div>\n<div>\n<div><span style=\"font-size: 14pt;\">\u00a1Es un honor que dotar con Obrador! \u00a1Es un honor estar con Obrador!, replic\u00f3 Sheinbaum tras la insistencia de los asistentes durante su discurso.<\/span><\/div>\n<\/div>\n<\/div>\n<\/section>\n<p><span style=\"font-size: 14pt;\">\u201cNos toca este segundo piso que tiene principios muy claros, lo dije la \u00faltima vez que estuve aqu\u00ed; el principio de que por el bien de todos primero los pobres, el principio de que no puede haber gobierno rico con pueblo pobre. El principio de que el poder solo es virtud cuando se pone al servicio de los dem\u00e1s, as\u00ed vamos a seguir gobernando\u201d,\u00a0detall\u00f3.<\/span><\/p>\n<\/div>\n<\/article>\n","protected":false},"excerpt":{"rendered":"<p>Lerdo, Durango.\u00a0Andr\u00e9s Manuel L\u00f3pez Obrador,\u00a0presidente de M\u00e9xico, asegur\u00f3 que\u00a0Claudia Sheinbaum, pr\u00f3xima presidenta de M\u00e9xico,\u00a0continuar\u00e1 avanzando con el programa \u00abAgua Saludable<\/p>\n","protected":false},"author":4,"featured_media":40034,"comment_status":"closed","ping_status":"closed","sticky":false,"template":"","format":"standard","meta":{"colormag_page_container_layout":"default_layout","colormag_page_sidebar_layout":"default_layout","_jetpack_memberships_contains_paid_content":false,"footnotes":"","jetpack_publicize_message":"","jetpack_publicize_feature_enabled":true,"jetpack_social_post_already_shared":false,"jetpack_social_options":{"image_generator_settings":{"template":"highway","default_image_id":0,"font":"","enabled":false},"version":2}},"categories":[33],"tags":[],"class_list":["post-40033","post","type-post","status-publish","format-standard","has-post-thumbnail","hentry","category-nacional"],"jetpack_publicize_connections":[],"jetpack_featured_media_url":"https:\/\/i0.wp.com\/politicosaldesnudo.com.mx\/wp-content\/uploads\/2024\/06\/sheinbaum-amlo-presidente.jpg?fit=1920%2C1080&ssl=1","jetpack-related-posts":[],"jetpack_sharing_enabled":true,"_links":{"self":[{"href":"https:\/\/politicosaldesnudo.com.mx\/index.php\/wp-json\/wp\/v2\/posts\/40033","targetHints":{"allow":["GET"]}}],"collection":[{"href":"https:\/\/politicosaldesnudo.com.mx\/index.php\/wp-json\/wp\/v2\/posts"}],"about":[{"href":"https:\/\/politicosaldesnudo.com.mx\/index.php\/wp-json\/wp\/v2\/types\/post"}],"author":[{"embeddable":true,"href":"https:\/\/politicosaldesnudo.com.mx\/index.php\/wp-json\/wp\/v2\/users\/4"}],"replies":[{"embeddable":true,"href":"https:\/\/politicosaldesnudo.com.mx\/index.php\/wp-json\/wp\/v2\/comments?post=40033"}],"version-history":[{"count":0,"href":"https:\/\/politicosaldesnudo.com.mx\/index.php\/wp-json\/wp\/v2\/posts\/40033\/revisions"}],"wp:featuredmedia":[{"embeddable":true,"href":"https:\/\/politicosaldesnudo.com.mx\/index.php\/wp-json\/wp\/v2\/media\/40034"}],"wp:attachment":[{"href":"https:\/\/politicosaldesnudo.com.mx\/index.php\/wp-json\/wp\/v2\/media?parent=40033"}],"wp:term":[{"taxonomy":"category","embeddable":true,"href":"https:\/\/politicosaldesnudo.com.mx\/index.php\/wp-json\/wp\/v2\/categories?post=40033"},{"taxonomy":"post_tag","embeddable":true,"href":"https:\/\/politicosaldesnudo.com.mx\/index.php\/wp-json\/wp\/v2\/tags?post=40033"}],"curies":[{"name":"wp","href":"https:\/\/api.w.org\/{rel}","templated":true}]}}