{"id":40136,"date":"2024-06-18T08:46:44","date_gmt":"2024-06-18T13:46:44","guid":{"rendered":"https:\/\/politicosaldesnudo.com.mx\/?p=40136"},"modified":"2024-06-18T08:46:44","modified_gmt":"2024-06-18T13:46:44","slug":"el-orfis-de-delia-y-las-barbas-a-remojar","status":"publish","type":"post","link":"https:\/\/politicosaldesnudo.com.mx\/index.php\/2024\/06\/18\/el-orfis-de-delia-y-las-barbas-a-remojar\/","title":{"rendered":"El ORFIS de Delia y las barbas a remojar"},"content":{"rendered":"<p><span style=\"font-size: 14pt;\"><strong>Por: Luis Ram\u00edrez Baqueiro<\/strong><\/span><\/p>\n<p><span style=\"font-size: 14pt;\"><em>\u201cLa audacia es en los negocios lo primero, lo segundo y lo tercero.\u201d &#8211; Thomas Fuller.<\/em><\/span><\/p>\n<p><span style=\"font-size: 14pt;\">\u00a0La gobernadora constitucional electa de Veracruz, Roc\u00edo Nahle Garc\u00eda ha sido clara y contundente, la Fiscal\u00eda General del Estado (FGE) ha sido obsequiosa y demasiado permisiva en su actuar respecto a su proceder contra el senador electo Miguel \u00c1ngel Yunes M\u00e1rquez por su presunta responsabilidad en el delito de falsificaci\u00f3n de documentos para acreditar la residencia.<\/span><\/p>\n<p><span style=\"font-size: 14pt;\">Lo que llegado el momento de comprobarse y sancionarse debiera ser causal suficiente para impedirle que asuma el cargo como senador por primera minor\u00eda a pesar de haber sido derrotado en la elecci\u00f3n, algo que a los ojos de los ciudadanos fue una vil y burda manera de escaparse de la acci\u00f3n de la justicia con el intento de protecci\u00f3n que el fuero constitucional le dar\u00eda a los legisladores.<\/span><\/p>\n<p><span style=\"font-size: 14pt;\">Pero ya inmersos en estos temas, evidenciando lo que en este espacio hace varios a\u00f1os se viene se\u00f1alando, respecto al actuar en contubernio de Ver\u00f3nica Hern\u00e1ndez Giandans con quien fuera Secretario de Gobierno del Gobierno de Cuitl\u00e1huac Garc\u00eda, y que hoy por hoy se busca borrar de la historia reciente de Veracruz por su nefasto actuar, viene la duda, \u00bfno debiera tambi\u00e9n comenzar la titular del \u00d3rgano de Fiscalizaci\u00f3n Superior de Veracruz, Delia Gonz\u00e1lez Cobos poner sus barbas a remojar?<\/span><\/p>\n<p><span style=\"font-size: 14pt;\">Y esto lo mencionamos porque en este mismo espacio se\u00f1alamos que la Auditora General de Veracruz utilizaba al \u00d3rgano de Fiscalizaci\u00f3n Superior, (ORFIS), para coaccionar a Ayuntamientos en pleno proceso electoral.<\/span><\/p>\n<p><span style=\"font-size: 14pt;\">Fue del dominio p\u00fablico, que en plena contienda la titular del ORFIS Veracruz, Delia Gonz\u00e1lez Cobos decidi\u00f3 ponerse a trabajar y hacer denuncias contra cinco ayuntamientos: San Rafael, San Andr\u00e9s Tuxtla, Juchique de Ferrer, Tehuipango, y Veracruz.<\/span><\/p>\n<p><span style=\"font-size: 14pt;\">Precisamente en este \u00faltimo, las denuncias recayeron en contra casualmente de Fernando Yunes M\u00e1rquez, entonces candidato a diputado local plurinominal por el PAN, presuntamente por una observaci\u00f3n en la Cuenta P\u00fablica del 2021, hoy se sabe que de todas maneras el ex alcalde de Veracruz ser\u00e1 legislador local por la v\u00eda de la representaci\u00f3n de la minor\u00eda.<\/span><\/p>\n<p><span style=\"font-size: 14pt;\">Lo extra\u00f1o, oscuro y por dem\u00e1s pernicioso es que estas observaciones tienen al menos dos a\u00f1os en manos de la auditora general \u2013dos a\u00f1os- y solo hasta llegado el proceso electoral decidi\u00f3 denunciarlas ante la FGE Veracruz en medio de una guerra de partidos entre el Clan Yunes y Morena. <\/span><\/p>\n<p><span style=\"font-size: 14pt;\">\u00bfAcaso Delia tuvo la instrucci\u00f3n de proteger a Fernando Yunes por parte del oscuro secretario que tanto mal le hizo al proyecto transformador del Presidente L\u00f3pez Obrador?<\/span><\/p>\n<p><span style=\"font-size: 14pt;\">Ante ello, las dudas contin\u00faan pues el \u00d3rgano de Fiscalizaci\u00f3n de Veracruz sigue siendo catalogado como un \u00f3rgano ineficiente, ante el enorme rezago de expedientes varados, la misma auditora lo reconoci\u00f3 durante su comparecencia de este mismo a\u00f1o ante el Congreso Local. Fue comprobado con este caso que la lentitud no es por falta de personal ni de recursos, sino por el inter\u00e9s pol\u00edtico en turno \u2013 \u00bfpero de quien era ese inter\u00e9s?\u00a0<\/span><\/p>\n<p><span style=\"font-size: 14pt;\">Queda clar\u00edsimo que Delia Gonz\u00e1lez Cobos debe urgentemente ponerse a trabajar sin consignas pol\u00edticas, ante los cientos de casos con se\u00f1alamientos y observaciones por da\u00f1o patrimonial hacia diversos entes fiscalizables que contin\u00faan atorados en la unidad de investigaci\u00f3n y que podr\u00edan estar caminando con voluntad y \u00e9tica profesional, pero que pareciera detuvo por instrucciones de aquel personaje que la impuso.<\/span><\/p>\n<p><span style=\"font-size: 14pt;\">Sobre todo, porque ante la cercan\u00eda de las elecciones municipales, estos intentos de coaccionar podr\u00edan volverse a emplear para afectar pol\u00edticamente a rivales, que al rato se\u00f1alar\u00e1n, ese actuar como escudo de salvamento y de una presunta campa\u00f1a en detrimento de sus ofertas pol\u00edticas, como lo hizo con el Clan Yunes \u2013expertos en inmolarse y victimizarse si es el caso-, qui\u00e9nes tendr\u00e1n por si fuera poco a Fernando Yunes y a H\u00e9ctor Yunes en el Congreso Local, al que m\u00e1s temprano que tarde se tendr\u00e1 que encontrar en las comparecencias de organismos aut\u00f3nomos.<\/span><\/p>\n<p><span style=\"font-size: 14pt;\">Es momento de que, por el bien de Veracruz, Delia y su ORFIS pongan sus barbas a remojar.<\/span><\/p>\n<p><span style=\"font-size: 14pt;\">\u00a0<\/span><\/p>\n<p><span style=\"font-size: 14pt;\">Al tiempo.<\/span><\/p>\n","protected":false},"excerpt":{"rendered":"<p>Por: Luis Ram\u00edrez Baqueiro \u201cLa audacia es en los negocios lo primero, lo segundo y lo tercero.\u201d &#8211; Thomas Fuller.<\/p>\n","protected":false},"author":4,"featured_media":38306,"comment_status":"closed","ping_status":"closed","sticky":false,"template":"","format":"standard","meta":{"colormag_page_container_layout":"default_layout","colormag_page_sidebar_layout":"default_layout","_jetpack_memberships_contains_paid_content":false,"footnotes":"","jetpack_publicize_message":"","jetpack_publicize_feature_enabled":true,"jetpack_social_post_already_shared":false,"jetpack_social_options":{"image_generator_settings":{"template":"highway","default_image_id":0,"font":"","enabled":false},"version":2}},"categories":[26],"tags":[],"class_list":["post-40136","post","type-post","status-publish","format-standard","has-post-thumbnail","hentry","category-columnistas"],"jetpack_publicize_connections":[],"jetpack_featured_media_url":"https:\/\/i0.wp.com\/politicosaldesnudo.com.mx\/wp-content\/uploads\/2024\/05\/ASTROLABIO-4.jpg?fit=1816%2C1016&ssl=1","jetpack-related-posts":[],"jetpack_sharing_enabled":true,"_links":{"self":[{"href":"https:\/\/politicosaldesnudo.com.mx\/index.php\/wp-json\/wp\/v2\/posts\/40136","targetHints":{"allow":["GET"]}}],"collection":[{"href":"https:\/\/politicosaldesnudo.com.mx\/index.php\/wp-json\/wp\/v2\/posts"}],"about":[{"href":"https:\/\/politicosaldesnudo.com.mx\/index.php\/wp-json\/wp\/v2\/types\/post"}],"author":[{"embeddable":true,"href":"https:\/\/politicosaldesnudo.com.mx\/index.php\/wp-json\/wp\/v2\/users\/4"}],"replies":[{"embeddable":true,"href":"https:\/\/politicosaldesnudo.com.mx\/index.php\/wp-json\/wp\/v2\/comments?post=40136"}],"version-history":[{"count":0,"href":"https:\/\/politicosaldesnudo.com.mx\/index.php\/wp-json\/wp\/v2\/posts\/40136\/revisions"}],"wp:featuredmedia":[{"embeddable":true,"href":"https:\/\/politicosaldesnudo.com.mx\/index.php\/wp-json\/wp\/v2\/media\/38306"}],"wp:attachment":[{"href":"https:\/\/politicosaldesnudo.com.mx\/index.php\/wp-json\/wp\/v2\/media?parent=40136"}],"wp:term":[{"taxonomy":"category","embeddable":true,"href":"https:\/\/politicosaldesnudo.com.mx\/index.php\/wp-json\/wp\/v2\/categories?post=40136"},{"taxonomy":"post_tag","embeddable":true,"href":"https:\/\/politicosaldesnudo.com.mx\/index.php\/wp-json\/wp\/v2\/tags?post=40136"}],"curies":[{"name":"wp","href":"https:\/\/api.w.org\/{rel}","templated":true}]}}