{"id":4017,"date":"2022-04-17T11:24:15","date_gmt":"2022-04-17T16:24:15","guid":{"rendered":"https:\/\/politicosaldesnudo.com.mx\/?p=4017"},"modified":"2022-04-17T11:24:15","modified_gmt":"2022-04-17T16:24:15","slug":"mexico-exporta-profesores-para-alumnos-latinos","status":"publish","type":"post","link":"https:\/\/politicosaldesnudo.com.mx\/index.php\/2022\/04\/17\/mexico-exporta-profesores-para-alumnos-latinos\/","title":{"rendered":"M\u00e9xico exporta profesores para alumnos latinos"},"content":{"rendered":"<p>&nbsp;<\/p>\n<p class=\"p1\"><span style=\"font-size: 14pt;\"><strong>Ciudad de M\u00e9xico.<\/strong> En los \u00faltimos cuatro ciclos escolares, el <strong>Programa de Maestros Visitantes<\/strong> (PMV) de la Direcci\u00f3n General de Pol\u00edtica Educativa, Mejores Pr\u00e1cticas y Cooperaci\u00f3n de la Secretar\u00eda de Educaci\u00f3n P\u00fablica, permiti\u00f3 la contrataci\u00f3n de 53 maestras y maestros de origen mexicano en Estados Unidos, para atender comunidades hispanohablantes de ese pa\u00eds hasta por tres a\u00f1os.<\/span><\/p>\n<p class=\"p1\"><strong><span style=\"font-size: 14pt;\">As\u00ed, instituciones educativas de California, Nuevo M\u00e9xico, Utah, Nebraska y Minnesota, con altos porcentajes de estudiantes nacidos en M\u00e9xico, reciben maestros nacionales para laborar en ambientes multiculturales.<\/span><\/strong><\/p>\n<p class=\"p1\"><span style=\"font-size: 14pt;\">En el ciclo escolar 2018-2019 se contrat\u00f3 a siete maestros en California; tres en Utah; dos en Nebraska y uno en Minnesota. En el ciclo 2019-2020,\u00a0California contrat\u00f3 13 maestros; Utah a tres, y Minnesota y Nuevo M\u00e9xico a un docente cada uno.<\/span><\/p>\n<p class=\"p1\"><span style=\"font-size: 14pt;\">Para el ciclo 2020-2021, Utah recibi\u00f3 ocho maestros mexicanos, siendo el \u00fanico estado que particip\u00f3 en el programa. En el actual ciclo escolar, 2021-2022, California contrat\u00f3 seis docentes, mientras que Utah y Nuevo M\u00e9xico, emplearon a cuatro cada uno.<\/span><\/p>\n<blockquote>\n<p class=\"p1\"><span style=\"font-size: 14pt;\">Este programa opera con una convocatoria abierta, dirigida a docentes de todo el pa\u00eds, con licenciatura en educaci\u00f3n preescolar, primaria, secundaria, Educaci\u00f3n Media Superior, Ind\u00edgena y\/o Educaci\u00f3n Especial.<\/span><\/p>\n<\/blockquote>\n<p class=\"p1\"><span style=\"font-size: 14pt;\">Esta estrategia ampl\u00eda el marco de conocimiento mutuo de ambos sistemas educativos; apoya el desarrollo ling\u00fc\u00edstico y acad\u00e9mico de los estudiantes hispanohablantes, especialmente, de origen mexicano, y promueve la ense\u00f1anza del idioma espa\u00f1ol, la cultura, la identidad y nuestras tradiciones entre la comunidad migrante.<\/span><\/p>\n<p class=\"p1\"><strong><span style=\"font-size: 14pt;\">Los maestros seleccionados en los diferentes niveles educativos viajan como profesores titulares de tiempo completo o medio tiempo, dependiendo del grado en que ense\u00f1en y el distrito escolar asignado.<\/span><\/strong><\/p>\n<p class=\"p1\"><span style=\"font-size: 14pt;\">A finales de 2021, la Direcci\u00f3n General de Pol\u00edtica Educativa, Mejores Pr\u00e1cticas y Cooperaci\u00f3n, en coordinaci\u00f3n con el Instituto de los Mexicanos en el Exterior, de la Secretar\u00eda de Relaciones Exteriores (SRE), y los consulados de M\u00e9xico en San Antonio, Dallas y Raleigh, acordaron los procesos, requisitos y tiempos de participaci\u00f3n para que el programa se extienda a los estados de Texas y Carolina del Norte.<\/span><\/p>\n<p>&nbsp;<\/p>\n<p>&nbsp;<\/p>\n<p>&nbsp;<\/p>\n","protected":false},"excerpt":{"rendered":"<p>&nbsp; Ciudad de M\u00e9xico. En los \u00faltimos cuatro ciclos escolares, el Programa de Maestros Visitantes (PMV) de la Direcci\u00f3n General<\/p>\n","protected":false},"author":4,"featured_media":4018,"comment_status":"closed","ping_status":"closed","sticky":false,"template":"","format":"standard","meta":{"colormag_page_container_layout":"default_layout","colormag_page_sidebar_layout":"default_layout","_jetpack_memberships_contains_paid_content":false,"footnotes":"","jetpack_publicize_message":"","jetpack_publicize_feature_enabled":true,"jetpack_social_post_already_shared":false,"jetpack_social_options":{"image_generator_settings":{"template":"highway","default_image_id":0,"font":"","enabled":false},"version":2}},"categories":[33],"tags":[269,191,42],"class_list":["post-4017","post","type-post","status-publish","format-standard","has-post-thumbnail","hentry","category-nacional","tag-estados-unidos","tag-maestros","tag-mexico"],"jetpack_publicize_connections":[],"jetpack_featured_media_url":"https:\/\/i0.wp.com\/politicosaldesnudo.com.mx\/wp-content\/uploads\/2022\/04\/P-MAESTROS.png?fit=1816%2C1016&ssl=1","jetpack-related-posts":[],"jetpack_sharing_enabled":true,"_links":{"self":[{"href":"https:\/\/politicosaldesnudo.com.mx\/index.php\/wp-json\/wp\/v2\/posts\/4017","targetHints":{"allow":["GET"]}}],"collection":[{"href":"https:\/\/politicosaldesnudo.com.mx\/index.php\/wp-json\/wp\/v2\/posts"}],"about":[{"href":"https:\/\/politicosaldesnudo.com.mx\/index.php\/wp-json\/wp\/v2\/types\/post"}],"author":[{"embeddable":true,"href":"https:\/\/politicosaldesnudo.com.mx\/index.php\/wp-json\/wp\/v2\/users\/4"}],"replies":[{"embeddable":true,"href":"https:\/\/politicosaldesnudo.com.mx\/index.php\/wp-json\/wp\/v2\/comments?post=4017"}],"version-history":[{"count":0,"href":"https:\/\/politicosaldesnudo.com.mx\/index.php\/wp-json\/wp\/v2\/posts\/4017\/revisions"}],"wp:featuredmedia":[{"embeddable":true,"href":"https:\/\/politicosaldesnudo.com.mx\/index.php\/wp-json\/wp\/v2\/media\/4018"}],"wp:attachment":[{"href":"https:\/\/politicosaldesnudo.com.mx\/index.php\/wp-json\/wp\/v2\/media?parent=4017"}],"wp:term":[{"taxonomy":"category","embeddable":true,"href":"https:\/\/politicosaldesnudo.com.mx\/index.php\/wp-json\/wp\/v2\/categories?post=4017"},{"taxonomy":"post_tag","embeddable":true,"href":"https:\/\/politicosaldesnudo.com.mx\/index.php\/wp-json\/wp\/v2\/tags?post=4017"}],"curies":[{"name":"wp","href":"https:\/\/api.w.org\/{rel}","templated":true}]}}